{"id":263953,"date":"2025-11-30T16:45:12","date_gmt":"2025-11-30T16:45:12","guid":{"rendered":"https:\/\/www.europesays.com\/es\/263953\/"},"modified":"2025-11-30T16:45:12","modified_gmt":"2025-11-30T16:45:12","slug":"luis-zahera-aguila-de-oro-del-aguilar-film-festival","status":"publish","type":"post","link":"https:\/\/www.europesays.com\/es\/263953\/","title":{"rendered":"Luis Zahera, \u00c1guila de Oro del Aguilar Film Festival"},"content":{"rendered":"<p>\t\t\t \t\t \t\t\t\t\t\t\tZahera con el \u00c1guila de Oro <strong class=\"pd-l\">Wifredo Rom\u00e1n AGUILAR FILM FESTIVAL. | EFE  <\/strong><\/p>\n<p>\t\t\t\t\t\tEl int\u00e9rprete gallego reivindic\u00f3 los cortometrajes, los festivales cinematogr\u00e1ficos y el trabajo de actor, que te permite \u00abcreerte cualquier cosa y jugar a ser otro\u00bb<br \/>\n\t\t\t\t\t\t\t\t\t\t\t\t<strong>30 nov 2025<\/strong> . Actualizado a las 17:03 h.\t\t\t\t\t\t<\/p>\n<p class=\"first-paragraph txt\">El actor gallego <a href=\"https:\/\/www.lavozdegalicia.es\/temas\/luis-zahera\" rel=\"nofollow noopener\" target=\"_blank\">Luis\u00a0Zahera<\/a>, \u00c1guila de Oro de la XXXVII edici\u00f3n del <strong>Aguilar Film Festival<\/strong>, ha puesto en valor la existencia de cert\u00e1menes cinematogr\u00e1ficos de este tipo porque \u00abdan mucha vida\u00bb al sector.<\/p>\n<p class=\"txt\">La alcaldesa de Aguilar de Campoo, Mar\u00eda Jos\u00e9 Ortega, fue la encargada de entrega a\u00a0Zahera\u00a0el \u00c1guila de Oro en un acto celebrado este s\u00e1bado 29 de noviembre en el municipio palentino, donde el int\u00e9rprete destac\u00f3 la \u00abilusi\u00f3n enorme\u00bb que supone para \u00e9l el galard\u00f3n.<\/p>\n<p class=\"txt\">Asimismo, durante un encuentro con el p\u00fablico,\u00a0Zahera\u00a0subray\u00f3 que el trabajo de actor para \u00e9l es como \u00abvolver a ser un ni\u00f1o\u00bb, porque supone \u00abcreerte cualquier cosa y jugar a ser otro\u00bb, as\u00ed como \u00abtirar de imaginaci\u00f3n para componer personajes, incluso todos los malvados\u00bb.<\/p>\n<p class=\"txt\">\u00abLa interpretaci\u00f3n es una mentira hermosa en la que todos decidimos entrar, y por eso es un privilegio\u00bb, a\u00f1adi\u00f3 el int\u00e9rprete, quien confes\u00f3, que <strong>espera poder \u00abhacer una pel\u00edcula de amor\u00bb<\/strong>, sus \u00abfavoritas\u00bb, si bien se mostr\u00f3 \u00abagradecido por poder trabajar y por cada historia\u00bb que se le permite contar.<\/p>\n<p class=\"txt\">El actor tambi\u00e9n habl\u00f3 sobre la exposici\u00f3n p\u00fablica que conlleva la profesi\u00f3n y la necesidad de conservar la perspectiva ya que<strong> es un oficio \u00abmaravilloso, pero tambi\u00e9n peligroso si uno se lo cree demasiado\u00bb<\/strong>.<\/p>\n<p class=\"txt\">Igualmente,\u00a0Zahera\u00a0expres\u00f3 que le hubiera gustado aprender ingl\u00e9s con 24 a\u00f1os para haber dado otros pasos, pero ahora, con 60, \u00abdisfruta del trabajo igual que al principio\u00bb, seg\u00fan ha informado el certamen en un comunicado recogido por Europa Press.<\/p>\n<p class=\"txt\">Por otro lado, el proyecto Framed de Sara Mart\u00ednez y Yangxi Chen se ha alzado este domingo con el Premio CyL New Talent Open ECAM, que el Aguilar Film Festival entrega por sexto a\u00f1o consecutivo en colaboraci\u00f3n con la Escuela de la Cinematograf\u00eda y del Audiovisual de la Comunidad de Madrid (ECAM), la Seminci y la Filmoteca de Castilla y Le\u00f3n.<\/p>\n<p class=\"txt\">\u00abNos hace much\u00edsima ilusi\u00f3n, lo primero porque se ha valorado un proyecto as\u00ed, que habla de una tem\u00e1tica de abuso de poder, desde una mirada m\u00e1s femenina y c\u00f3mo dar espacio a esto es importante\u00bb, han subrayado las titulares del proyecto que se basa en una secuencia de violencia sexual.<\/p>\n<p class=\"txt\">Adem\u00e1s, han destacado que ganar un premio de este tipo \u00abproporciona un empuje, m\u00e1s all\u00e1 de unas facilidades a nivel del festival, para rodarlo y querer hacerlo ya el a\u00f1o que viene con el objetivo de presentarlo en Seminci\u00bb.<\/p>\n<p class=\"txt\">En esta ocasi\u00f3n han sido cuatro las propuestas finalistas, que junto a la premiada, tambi\u00e9n optaban al premio Nela Prieto, de Esther Y\u00e1\u00f1ez Rodr\u00edguez, dedicado a una pintora vallisoletana; Donde la tierra descansa, de Santiago Rodr\u00edguez, un drama rural ambientando en El Bierzo; y Estoy bien, de Raquel Mart\u00edn Mart\u00edn, sobre un hombre de setenta a\u00f1os que se queda viudo.<\/p>\n<p class=\"txt\">El premio consiste en la utilizaci\u00f3n de las instalaciones y equipos de la ECAM para realizar las labores de postproducci\u00f3n de la obra, donde la pel\u00edcula, que entrar\u00e1 a formar parte del cat\u00e1logo de promoci\u00f3n y distribuci\u00f3n Quercus, ser\u00e1 exhibida en el Aguilar Film Festival del pr\u00f3ximo a\u00f1o.<\/p>\n<p class=\"ladillo\">Programaci\u00f3n de hoy domingo<\/p>\n<p class=\"txt\">En cuanto a la programaci\u00f3n del domingo, la jornada ha comenzado con un desayuno networking y continuar\u00e1 con una mesa redonda en la que se dar\u00e1n cita varias integrantes de CIMA Castilla y Le\u00f3n, Asociaci\u00f3n de Mujeres Cineastas y de Medios Audiovisuales que en febrero de este mismo a\u00f1o constituy\u00f3 su delegaci\u00f3n territorial en nuestra Comunidad Aut\u00f3noma.<\/p>\n<p class=\"txt\">Tambi\u00e9n se proyectar\u00e1 una selecci\u00f3n de cortometrajes protagonizados por Luis\u00a0Zahera, una sesi\u00f3n con trabajos que analizan la Inteligencia Artificial como nueva herramienta de conocimiento, creaci\u00f3n y comunicaci\u00f3n no exenta de riesgos e incertidumbres y las dos \u00faltimas sesiones del Concurso de Cortometrajes de Castilla y Le\u00f3n.<\/p>\n<p class=\"txt\">Ya por la noche, en una gala que se desarrollar\u00e1 en el Cine Amor a partir de las 22.00 horas, se leer\u00e1 el palmar\u00e9s y se entregar\u00e1n los premios del certamen regional, donde se har\u00e1 entrega del premio \u00c1guila de Oro de Castilla y Le\u00f3n al actor vallisoletano \u00d3scar de la Fuente.<\/p>\n<p>&#13;<br \/>\n\tArchivado en:&#13;<br \/>\n\t\t\t\t\t<a href=\"https:\/\/www.lavozdegalicia.es\/temas\/luis-zahera\/\" target=\"_blank\" class=\"mg-l\" rel=\"nofollow noopener\">Luis Zahera<\/a>&#13;<br \/>\n\t&#13;<\/p>\n","protected":false},"excerpt":{"rendered":"Zahera con el \u00c1guila de Oro Wifredo Rom\u00e1n AGUILAR FILM FESTIVAL. | EFE El int\u00e9rprete gallego reivindic\u00f3 los&hellip;\n","protected":false},"author":2,"featured_media":263954,"comment_status":"","ping_status":"","sticky":false,"template":"","format":"standard","meta":{"footnotes":""},"categories":[91],"tags":[146,147,25,24,27362,23],"class_list":{"0":"post-263953","1":"post","2":"type-post","3":"status-publish","4":"format-standard","5":"has-post-thumbnail","7":"category-entretenimiento","8":"tag-entertainment","9":"tag-entretenimiento","10":"tag-es","11":"tag-espana","12":"tag-luis-zahera","13":"tag-spain"},"share_on_mastodon":{"url":"https:\/\/pubeurope.com\/@es\/115639662957319371","error":""},"_links":{"self":[{"href":"https:\/\/www.europesays.com\/es\/wp-json\/wp\/v2\/posts\/263953","targetHints":{"allow":["GET"]}}],"collection":[{"href":"https:\/\/www.europesays.com\/es\/wp-json\/wp\/v2\/posts"}],"about":[{"href":"https:\/\/www.europesays.com\/es\/wp-json\/wp\/v2\/types\/post"}],"author":[{"embeddable":true,"href":"https:\/\/www.europesays.com\/es\/wp-json\/wp\/v2\/users\/2"}],"replies":[{"embeddable":true,"href":"https:\/\/www.europesays.com\/es\/wp-json\/wp\/v2\/comments?post=263953"}],"version-history":[{"count":0,"href":"https:\/\/www.europesays.com\/es\/wp-json\/wp\/v2\/posts\/263953\/revisions"}],"wp:featuredmedia":[{"embeddable":true,"href":"https:\/\/www.europesays.com\/es\/wp-json\/wp\/v2\/media\/263954"}],"wp:attachment":[{"href":"https:\/\/www.europesays.com\/es\/wp-json\/wp\/v2\/media?parent=263953"}],"wp:term":[{"taxonomy":"category","embeddable":true,"href":"https:\/\/www.europesays.com\/es\/wp-json\/wp\/v2\/categories?post=263953"},{"taxonomy":"post_tag","embeddable":true,"href":"https:\/\/www.europesays.com\/es\/wp-json\/wp\/v2\/tags?post=263953"}],"curies":[{"name":"wp","href":"https:\/\/api.w.org\/{rel}","templated":true}]}}