{"id":263957,"date":"2025-11-30T16:47:30","date_gmt":"2025-11-30T16:47:30","guid":{"rendered":"https:\/\/www.europesays.com\/es\/263957\/"},"modified":"2025-11-30T16:47:30","modified_gmt":"2025-11-30T16:47:30","slug":"el-precio-de-la-luz-se-deshincha-este-domingo-y-desciende-hasta-una-media-de-75-euros-mwh-las-horas-mas-baratas-para-usar-los-electrodomesticos","status":"publish","type":"post","link":"https:\/\/www.europesays.com\/es\/263957\/","title":{"rendered":"El precio de la luz se deshincha este domingo y desciende hasta una media de 75 euros\/MWh: las horas m\u00e1s baratas para usar los electrodom\u00e9sticos"},"content":{"rendered":"<p class=\"v-mdl-ath__p v-mdl-ath__p--6\">\nS\u00e1bado, 29 de noviembre 2025, 19:53<\/p>\n<p class=\"v-p\">El mercado el\u00e9ctrico deja buenas noticias parea los consumidores este fin de semana. Si este s\u00e1bado, el mercado energ\u00e9tico presentaba un descenso considerable respecto a la media semana, el <a href=\"https:\/\/www.lasprovincias.es\/economia\/precio-luz-sube-martes-deja-tramo-tres-20251124202022-nt.html\" target=\"_blank\" title=\"www.lasprovincias.es\" data-voc-vtm-id=\"in-text-traffic\" data-mrf-link=\"www.lasprovincias.es\" rel=\"nofollow noopener\">precio de la luz<\/a> de este domingo 30 de noviembre sigue con la tendencia bajista y sit\u00faa el coste en 74,92 euros el megavatio hora, seg\u00fan los datos publicados por el Operador del Mercado Ib\u00e9rico de Energ\u00eda (OMIE).<\/p>\n<p class=\"v-p\">La tarifa el\u00e9ctrica registra este domingo un descenso del 8,90% respecto a los <a href=\"https:\/\/www.lasprovincias.es\/economia\/precio-luz-desploma-sabado-media-debajo-eurosmwh-20251128201750-nt.html\" target=\"_blank\" title=\"www.lasprovincias.es\" data-voc-vtm-id=\"in-text-traffic\" data-mrf-link=\"www.lasprovincias.es\" rel=\"nofollow noopener\">82,24 euros\/MWh del d\u00eda anterior<\/a>. As\u00edmismo, cabe destacar que aunque el coste de la luz sea mucho m\u00e1s barato el fin de semana que de lunes a viernes, esto no quiere decir que se pueda ahorrar un buen pu\u00f1ado de euros a final de mes.<\/p>\n<p class=\"v-p\">Para optimizar al m\u00e1ximo el mercado el\u00e9ctrico, les muy recomendable estar pendiente de las horas del reloj y conocer de primera mano cu\u00e1les son las horas m\u00e1s baratas y econ\u00f3micas para enchufar los electrodom\u00e9sticos como la lavadora o el lavavajillas.<\/p>\n<p><a href=\"http:\/\/www.lasprovincias.es\/sorteos\/loteria-nacional\/loteria-nacional-hoy-sabado-deja-primer-premio-20251129133503-nt.html#vtm_modulosEngag=mod-rel:economia:noticia:1:cmp:2-not\" class=\"v-a-link\" title=\"La Loter\u00eda Nacional de hoy s\u00e1bado deja el primer premio en un municipio de 1.300 habitantes y en otras dos localidades\" rel=\"nofollow noopener\" target=\"_blank\"><br \/>\n<img decoding=\"async\" loading=\"lazy\" class=\"v-a-img\" src=\"https:\/\/www.europesays.com\/es\/wp-content\/uploads\/2025\/11\/lotto2911-kCGC-U240396307763WcB-366x256@Las Provincias.jpg\" alt=\"La Loter\u00eda Nacional de hoy s\u00e1bado deja el primer premio en un municipio de 1.300 habitantes y en otras dos localidades\"\/><br \/>\n<\/a><\/p>\n<p><a href=\"http:\/\/www.lasprovincias.es\/economia\/nuevo-precio-gasolina-diesel-noviembre-20251127180445-nt.html#vtm_modulosEngag=mod-rel:economia:noticia:2:cmp:2-not\" class=\"v-a-link\" title=\"El nuevo precio de la gasolina y el di\u00e9sel desde el 27 de noviembre\" rel=\"nofollow noopener\" target=\"_blank\"><br \/>\n<img decoding=\"async\" loading=\"lazy\" class=\"v-a-img\" src=\"https:\/\/www.europesays.com\/es\/wp-content\/uploads\/2025\/11\/1490381107-kXVH--366x256@Las Provincias.jpg\" alt=\"El nuevo precio de la gasolina y el di\u00e9sel desde el 27 de noviembre\"\/><br \/>\n<\/a><\/p>\n<p>Precio de la luz de este domingo por horas<\/p>\n<p class=\"v-p\">El tramo ideal para enchufar los electrodom\u00e9sticos este domingo ser\u00e1 entre las 12:00 y las 13:00 horas, cuando el pool marcar\u00e1 un m\u00ednimo de 41,55 euros\/MWh. Mientras que la hora m\u00e1s cara llegar\u00e1 entre las 19:00 y las 20.00 horas, cuando el precio de la electricidad alcanzar\u00e1 los 106,81 euros\/MWh.<\/p>\n<p>Precio de la luz por horas<\/p>\n<tr class=\"v-tbl__r\">\n<\/tr>\n<tr class=\"v-tbl__r\">\n<td class=\"v-tbl__c\">Tramo horario<\/td>\n<td class=\"v-tbl__c\">Euros\/MWh<\/td>\n<\/tr>\n<tr class=\"v-tbl__r\">\n<td class=\"v-tbl__c\">00.00-01.00<\/td>\n<td class=\"v-tbl__c\">76,85 euros<\/td>\n<\/tr>\n<tr class=\"v-tbl__r\">\n<td class=\"v-tbl__c\">01.00-02.00<\/td>\n<td class=\"v-tbl__c\">70,76 euros<\/td>\n<\/tr>\n<tr class=\"v-tbl__r\">\n<td class=\"v-tbl__c\">02.00-03.00<\/td>\n<td class=\"v-tbl__c\">68,5 euros<\/td>\n<\/tr>\n<tr class=\"v-tbl__r\">\n<td class=\"v-tbl__c\">03.00-04.00<\/td>\n<td class=\"v-tbl__c\">66,4 euros<\/td>\n<\/tr>\n<tr class=\"v-tbl__r\">\n<td class=\"v-tbl__c\">04.00-05.00<\/td>\n<td class=\"v-tbl__c\">65,96 euros<\/td>\n<\/tr>\n<tr class=\"v-tbl__r\">\n<td class=\"v-tbl__c\">05.00-06.00<\/td>\n<td class=\"v-tbl__c\">66,45 euros<\/td>\n<\/tr>\n<tr class=\"v-tbl__r\">\n<td class=\"v-tbl__c\">06.00-07.00<\/td>\n<td class=\"v-tbl__c\">65,21 euros<\/td>\n<\/tr>\n<tr class=\"v-tbl__r\">\n<td class=\"v-tbl__c\">07.00-08.00<\/td>\n<td class=\"v-tbl__c\">69,37 euros<\/td>\n<\/tr>\n<tr class=\"v-tbl__r\">\n<td class=\"v-tbl__c\">08.00-09.00<\/td>\n<td class=\"v-tbl__c\">73,84 euros<\/td>\n<\/tr>\n<tr class=\"v-tbl__r\">\n<td class=\"v-tbl__c\">09.00-10.00<\/td>\n<td class=\"v-tbl__c\">77,83 euros<\/td>\n<\/tr>\n<tr class=\"v-tbl__r\">\n<td class=\"v-tbl__c\">10.00-11.00<\/td>\n<td class=\"v-tbl__c\">67,92 euros<\/td>\n<\/tr>\n<tr class=\"v-tbl__r\">\n<td class=\"v-tbl__c\">11.00-12.00<\/td>\n<td class=\"v-tbl__c\">56,16 euros<\/td>\n<\/tr>\n<tr class=\"v-tbl__r\">\n<td class=\"v-tbl__c\">12.00-13.00<\/td>\n<td class=\"v-tbl__c\">41,55 euros<\/td>\n<\/tr>\n<tr class=\"v-tbl__r\">\n<td class=\"v-tbl__c\">13.00-14.00<\/td>\n<td class=\"v-tbl__c\">48,8 euros<\/td>\n<\/tr>\n<tr class=\"v-tbl__r\">\n<td class=\"v-tbl__c\">14.00-15.00<\/td>\n<td class=\"v-tbl__c\">51,49 euros<\/td>\n<\/tr>\n<tr class=\"v-tbl__r\">\n<td class=\"v-tbl__c\">15.00-16.00<\/td>\n<td class=\"v-tbl__c\">60,44 euros<\/td>\n<\/tr>\n<tr class=\"v-tbl__r\">\n<td class=\"v-tbl__c\">16.00-17.00<\/td>\n<td class=\"v-tbl__c\">80,35 euros<\/td>\n<\/tr>\n<tr class=\"v-tbl__r\">\n<td class=\"v-tbl__c\">17.00-18.00<\/td>\n<td class=\"v-tbl__c\">99,27 euros<\/td>\n<\/tr>\n<tr class=\"v-tbl__r\">\n<td class=\"v-tbl__c\">18.00-19.00<\/td>\n<td class=\"v-tbl__c\">105,38 euros<\/td>\n<\/tr>\n<tr class=\"v-tbl__r\">\n<td class=\"v-tbl__c\">19.00-20.00<\/td>\n<td class=\"v-tbl__c\">106,81 euros<\/td>\n<\/tr>\n<tr class=\"v-tbl__r\">\n<td class=\"v-tbl__c\">20.00-21.00<\/td>\n<td class=\"v-tbl__c\">101,42euros<\/td>\n<\/tr>\n<tr class=\"v-tbl__r\">\n<td class=\"v-tbl__c\">21.00-22.00<\/td>\n<td class=\"v-tbl__c\">95,93 euros<\/td>\n<\/tr>\n<tr class=\"v-tbl__r\">\n<td class=\"v-tbl__c\">22.00-23.00<\/td>\n<td class=\"v-tbl__c\">93,6 euros<\/td>\n<\/tr>\n<tr class=\"v-tbl__r\">\n<td class=\"v-tbl__c\">23.00-24.00<\/td>\n<td class=\"v-tbl__c\">87,71 euros<\/td>\n<\/tr>\n<p class=\"v-p\">Cabe recordar que el nuevo m\u00e9todo de c\u00e1lculo del PVPC, que entr\u00f3 en vigor con la llegada de 2023, incorpora una cesta de precios a medio y largo plazo para evitar las fuertes oscilaciones, sin perder las referencias de precios a corto plazo que fomentan el ahorro y el consumo eficiente. Por lo que las horas a cero euros o en negativo no se trasladan como tal a la factura de la luz.<\/p>\n<p class=\"v-p\">El &#8216;pool&#8217; no representa exactamente el importe final en el precio de la luz para un consumidor acogido a la tarifa regulada, ya que desde 2024 se adopt\u00f3 un nuevo m\u00e9todo de c\u00e1lculo del PVPC, que incorpora una cesta de precios a medio y largo plazo para evitar las fuertes oscilaciones, sin perder las referencias de precios a corto plazo que fomentan el ahorro y el consumo eficiente.<\/p>\n<p class=\"v-p\">De esta manera, la proporci\u00f3n de vinculaci\u00f3n con el precio del &#8216;pool&#8217; se ir\u00e1 reduciendo progresivamente, para incorporar las referencias de los mercados de futuros, de modo que estos representaron el 25% en 2024 y ya en 2025 suponen el 40%. A partir de 2026 esa referencia de los mercados de futuros se elevar\u00e1 al 55%.<\/p>\n<p><img decoding=\"async\" loading=\"lazy\" src=\"https:\/\/www.europesays.com\/es\/wp-content\/uploads\/2025\/11\/1764521250_288_enchufe-kPrE-U33311127475UFK-208x112@Las Provincias.jpg\" class=\"v-cmp-chp__img\" alt=\"Consejos para ahorrar en la factura de la luz\" width=\"208\" height=\"112\"\/><\/p>\n<p>Consejos para ahorrar en la factura de la luz<\/p>\n<p class=\"v-p\">Para reducir el consumo y abaratar el recibo de la electricidad, puedes seguir estos consejos: <\/p>\n<p>Electrodom\u00e9sticos<\/p>\n<p class=\"v-p\">Para reducir el consumo de los electrodom\u00e9sticos de tu hogar es aconsejable, es aconsejable:<\/p>\n<p class=\"v-p\">&#8211; Desconecta los electrodom\u00e9sticos cuando no est\u00e9s casa por un per\u00edodo largo (vacaciones). <strong>Especialmente el frigor\u00edfico-congelador<\/strong> que consume hasta el 30% del total del consumo de la vivienda.<\/p>\n<p class=\"v-p\">&#8211; Evita dejarlos en &#8216;stand by&#8217; ya que siguen gastando, aunque no consuman.<\/p>\n<p class=\"v-p\">&#8211; Trata de aprovechar las horas de sol para el secado de ropa.<\/p>\n<p>Agua caliente<\/p>\n<p class=\"v-p\">Ser\u00eda recomendable que siempre:<\/p>\n<p class=\"v-p\">&#8211; Uses el agua caliente con prudencia. Es recomendable prestar atenci\u00f3n para que nunca se quede un grifo abierto m\u00e1s de la cuenta.<\/p>\n<p class=\"v-p\">&#8211; Con car\u00e1cter general, una temperatura del agua <strong>entre 30\u00baC y 35\u00baC<\/strong> puede ser suficiente.<\/p>\n<p>Iluminaci\u00f3n<\/p>\n<p class=\"v-p\">Es recomendable:<\/p>\n<p class=\"v-p\">&#8211; Sustituir progresivamente las bombillas incandescentes y hal\u00f3genas por tecnolog\u00eda LED, ya que emplea una potencia diez veces menor que las incandescentes y tienen una vida \u00fatil diez veces mayor, ahorrando hasta un 85% de la energ\u00eda.<\/p>\n<p class=\"v-p\">&#8211; Aprovechar al m\u00e1ximo la luz natural apagando la luz de las zonas iluminadas de manera natural y siempre que haya espacios abiertos o paredes acristaladas que contribuyan a una vigilancia pasiva.<\/p>\n<p>Reporta un error<\/p>\n","protected":false},"excerpt":{"rendered":"S\u00e1bado, 29 de noviembre 2025, 19:53 El mercado el\u00e9ctrico deja buenas noticias parea los consumidores este fin de&hellip;\n","protected":false},"author":2,"featured_media":263958,"comment_status":"","ping_status":"","sticky":false,"template":"","format":"standard","meta":{"footnotes":""},"categories":[80],"tags":[25034,82,65578,31629,1053,95,94,25036,25,24,59440,297,1875,2750,3282,23,20479],"class_list":{"0":"post-263957","1":"post","2":"type-post","3":"status-publish","4":"format-standard","5":"has-post-thumbnail","7":"category-economia","8":"tag-baratas","9":"tag-business","10":"tag-desciende","11":"tag-deshincha","12":"tag-domingo","13":"tag-economia","14":"tag-economy","15":"tag-electrodomesticos","16":"tag-es","17":"tag-espana","18":"tag-eurosmwh","19":"tag-horas","20":"tag-luz","21":"tag-media","22":"tag-precio","23":"tag-spain","24":"tag-usar"},"share_on_mastodon":{"url":"https:\/\/pubeurope.com\/@es\/115639671301551730","error":""},"_links":{"self":[{"href":"https:\/\/www.europesays.com\/es\/wp-json\/wp\/v2\/posts\/263957","targetHints":{"allow":["GET"]}}],"collection":[{"href":"https:\/\/www.europesays.com\/es\/wp-json\/wp\/v2\/posts"}],"about":[{"href":"https:\/\/www.europesays.com\/es\/wp-json\/wp\/v2\/types\/post"}],"author":[{"embeddable":true,"href":"https:\/\/www.europesays.com\/es\/wp-json\/wp\/v2\/users\/2"}],"replies":[{"embeddable":true,"href":"https:\/\/www.europesays.com\/es\/wp-json\/wp\/v2\/comments?post=263957"}],"version-history":[{"count":0,"href":"https:\/\/www.europesays.com\/es\/wp-json\/wp\/v2\/posts\/263957\/revisions"}],"wp:featuredmedia":[{"embeddable":true,"href":"https:\/\/www.europesays.com\/es\/wp-json\/wp\/v2\/media\/263958"}],"wp:attachment":[{"href":"https:\/\/www.europesays.com\/es\/wp-json\/wp\/v2\/media?parent=263957"}],"wp:term":[{"taxonomy":"category","embeddable":true,"href":"https:\/\/www.europesays.com\/es\/wp-json\/wp\/v2\/categories?post=263957"},{"taxonomy":"post_tag","embeddable":true,"href":"https:\/\/www.europesays.com\/es\/wp-json\/wp\/v2\/tags?post=263957"}],"curies":[{"name":"wp","href":"https:\/\/api.w.org\/{rel}","templated":true}]}}