{"id":263959,"date":"2025-11-30T16:48:09","date_gmt":"2025-11-30T16:48:09","guid":{"rendered":"https:\/\/www.europesays.com\/es\/263959\/"},"modified":"2025-11-30T16:48:09","modified_gmt":"2025-11-30T16:48:09","slug":"china-construye-la-primera-isla-artificial-flotante-del-mundo-disenada-para-sobrevivir-a-tifones-y-explosiones-nucleares","status":"publish","type":"post","link":"https:\/\/www.europesays.com\/es\/263959\/","title":{"rendered":"China construye la primera isla artificial flotante del mundo dise\u00f1ada para sobrevivir a tifones y explosiones nucleares"},"content":{"rendered":"<p class=\"c-paragraph\"><a href=\"https:\/\/www.20minutos.es\/tags\/lugares\/china.html\" title=\"China\" rel=\"nofollow noopener\" target=\"_blank\">China <\/a>contin\u00faa imparable en su carrera militar. El gigante asi\u00e1tico est\u00e1 construyendo <b>una isla artificial flotante, autosuficiente<\/b> y que est\u00e1 preparada para sobrevivir a tifones extremos, olas de hasta 10 metros o resistir,<b> incluso, a explosiones nucleares.\u00a0<\/b><\/p>\n<p class=\"c-paragraph\">Tal y como revela el diario South China Morning Post, esta nueva construcci\u00f3n colosal <b>se est\u00e1 levantando en el Mar de China Meridional <\/b>y se prev\u00e9 que est\u00e9 lista para el 2028. Constar\u00e1 de una plataforma con 138 metros de largo y 85 de ancho. Su cubierta principal se encuentra a 45 metros sobre el nivel del mar. Tendr\u00e1, adem\u00e1s, una capacidad especial, ya que hasta 238 tripulantes podr\u00e1n permanecer en ella hasta 120 d\u00edas sin necesidad de reabastecimiento.\u00a0<\/p>\n<p class=\"c-paragraph\">Su desarrollo ha provenido de la universidad Jiao Tong de Shang\u00e1i, <b>uno de los centros t\u00e9cnicos m\u00e1s prestigiosos del pa\u00eds<\/b> y donde los investigadores encargados del proyecto la presentaron como la primera isla artificial m\u00f3vil y autosuficiente del planeta.\u00a0<\/p>\n<p class=\"c-paragraph\">Los investigadores, adem\u00e1s, han destacado que la robustez de la plataforma y su capacidad para resistir a un ataque nuclear se debe a un blindaje especial que han desarrollado<b> mediante el uso de paneles tipo \u00absandwich\u00bb de metamateriales <\/b>y tubos corrugados. De esta forma, la estructura absorbe las ondas de choque, reduciendo el estr\u00e9s del casco un 14% y el desplazamiento por explosi\u00f3n casi un 60%.\u00a0<\/p>\n<p class=\"c-paragraph\">Con todo ello, la cuesti\u00f3n ahora es por desvelar cu\u00e1les son los motivos que han llevado a China a desarrollar esta isla. Las autoridades destacan que se trata de<b> garantizar la supervivencia de los centros de mando, energ\u00eda y control de navegaci\u00f3n <\/b>en caso de que ocurra cualquier problema o suceda cualquier condici\u00f3n clim\u00e1tica.\u00a0<\/p>\n<p class=\"c-paragraph\">Pese a ello, son muchas las voces que aseguran que este desarrollo se enmarca<b> m\u00e1s en la carrera militar que est\u00e1 llevando a cabo China <\/b>que en un puesto avanzando de vigilancia. Este tipo de plataformas, adem\u00e1s, no est\u00e1n todav\u00eda clasificadas dentro de los acuerdos internacionales y el marco jur\u00eddico actual, por lo que muchos temen que, bajo la idea de que se construyen como instalaciones cient\u00edficas flotantes, se encuentre en realidad la construcci\u00f3n de bases militares m\u00f3viles y autosuficientes.\u00a0<\/p>\n<p class=\"c-paragraph\">De esta forma, aunque inicialmente se ha vendido el proyecto como una isla dedicada a la investigaci\u00f3n y a la miner\u00eda, su desarrollo sirve para <b>consolidar la presencia militar constante en los mares<\/b> que rodean al gigante asi\u00e1tico, una regi\u00f3n en la que Pek\u00edn lleva m\u00e1s de una d\u00e9cada expandi\u00e9ndose construyendo peque\u00f1as islas artificiales.\u00a0<\/p>\n","protected":false},"excerpt":{"rendered":"China contin\u00faa imparable en su carrera militar. El gigante asi\u00e1tico est\u00e1 construyendo una isla artificial flotante, autosuficiente y&hellip;\n","protected":false},"author":2,"featured_media":263960,"comment_status":"","ping_status":"","sticky":false,"template":"","format":"standard","meta":{"footnotes":""},"categories":[42],"tags":[5099,17,18,1615,46030,13,14,11,61,62,63,64,3643,19,20,9,10,15,16,12,21,22,20877,65,66,67],"class_list":{"0":"post-263959","1":"post","2":"type-post","3":"status-publish","4":"format-standard","5":"has-post-thumbnail","7":"category-internacional","8":"tag-artificial","9":"tag-breaking-news","10":"tag-breakingnews","11":"tag-china","12":"tag-construye","13":"tag-featured-news","14":"tag-featurednews","15":"tag-headlines","16":"tag-internacional","17":"tag-international","18":"tag-international-news","19":"tag-internationalnews","20":"tag-isla","21":"tag-latest-news","22":"tag-latestnews","23":"tag-news","24":"tag-noticias","25":"tag-noticias-destacadas","26":"tag-noticiasdestacadas","27":"tag-titulares","28":"tag-ultimas-noticias","29":"tag-ultimasnoticias","30":"tag-una","31":"tag-world","32":"tag-world-news","33":"tag-worldnews"},"share_on_mastodon":{"url":"https:\/\/pubeurope.com\/@es\/115639674806556398","error":""},"_links":{"self":[{"href":"https:\/\/www.europesays.com\/es\/wp-json\/wp\/v2\/posts\/263959","targetHints":{"allow":["GET"]}}],"collection":[{"href":"https:\/\/www.europesays.com\/es\/wp-json\/wp\/v2\/posts"}],"about":[{"href":"https:\/\/www.europesays.com\/es\/wp-json\/wp\/v2\/types\/post"}],"author":[{"embeddable":true,"href":"https:\/\/www.europesays.com\/es\/wp-json\/wp\/v2\/users\/2"}],"replies":[{"embeddable":true,"href":"https:\/\/www.europesays.com\/es\/wp-json\/wp\/v2\/comments?post=263959"}],"version-history":[{"count":0,"href":"https:\/\/www.europesays.com\/es\/wp-json\/wp\/v2\/posts\/263959\/revisions"}],"wp:featuredmedia":[{"embeddable":true,"href":"https:\/\/www.europesays.com\/es\/wp-json\/wp\/v2\/media\/263960"}],"wp:attachment":[{"href":"https:\/\/www.europesays.com\/es\/wp-json\/wp\/v2\/media?parent=263959"}],"wp:term":[{"taxonomy":"category","embeddable":true,"href":"https:\/\/www.europesays.com\/es\/wp-json\/wp\/v2\/categories?post=263959"},{"taxonomy":"post_tag","embeddable":true,"href":"https:\/\/www.europesays.com\/es\/wp-json\/wp\/v2\/tags?post=263959"}],"curies":[{"name":"wp","href":"https:\/\/api.w.org\/{rel}","templated":true}]}}