{"id":263961,"date":"2025-11-30T16:49:09","date_gmt":"2025-11-30T16:49:09","guid":{"rendered":"https:\/\/www.europesays.com\/es\/263961\/"},"modified":"2025-11-30T16:49:09","modified_gmt":"2025-11-30T16:49:09","slug":"un-detenido-en-la-protesta-organizada-por-las-juventudes-de-vox-frente-a-ferraz-lasexta","status":"publish","type":"post","link":"https:\/\/www.europesays.com\/es\/263961\/","title":{"rendered":"Un detenido en la protesta organizada por las juventudes de Vox frente a Ferraz &#8211; LaSexta"},"content":{"rendered":"<ol>\n<li><a href=\"https:\/\/news.google.com\/rss\/articles\/CBMi0wFBVV95cUxQdW9WVzZpSjl2ZjFPQllJTjZjdmI2TzNIdmpLQzNjVXNQU1l3Yzg0VDY3cWJqVzZUeXYzZnNNaHVmSzVsQTBXN0xzdzBqM2lBMFVyS0lGUmtfa2ZKSlhNYWJyNWhZb2VMT2lkZUxvMnQ4SXI3R0NtZy1hYzRUTTduNTlaUEZSVG1BZ1d3blREazhRaGstVFE5UTlpb0paS2ZRUVR3Y2x6eTV0eWt5YXdzVTM0Z0p1SDBBa2l0ZnEyR2hOTFpqaUxKX215cS1CSnVYRGdZ0gHTAUFVX3lxTE5IQlNwWUhNYTV0VlZ6QkEzRGNxbFJNUUN0Z1h4UkhpWVRMUGVpQ2RKZG9sWmxic2hIM0M3N3dUTWxhX1RSNGJHSjNYd2ZsVnYxWDEzYlByaWRwSUJuaUdiUFM0RVl1dGRxSWdISnFaZGlKblVrUkxWU3RDa0ZuZV9xdWZTUE93aDRXUm8ta1cxLUFzSDRidFNFTHN3TDgxMXRaaGJtQ3lON2RVaGNYNlNjZi00UFpJTThXYnVLaFE4WEN2WHF3YnZWNXhCbXJTLTNGM0E?oc=5\" target=\"_blank\" rel=\"nofollow noopener\">Un detenido en la protesta organizada por las juventudes de Vox frente a Ferraz<\/a>&nbsp;&nbsp;LaSexta<\/li>\n<li><a href=\"https:\/\/news.google.com\/rss\/articles\/CBMilAFBVV95cUxNX21zaWljVy1ZRUNHTmF1cnVsaXJkYmR6TDF6VUdRWEd4MmZTX0htN2RlOEt2ZFlIN0hTMlpVNVF0M1VjU0tKVEFvbXJXRWtXWTl3OW1ua1FlU3lUb2Y0QU5sRXVDNHltcV9uVm5fQUJGX0V5R3h0YlFtZWl1TUJnd0VaUFVhVmdwaFpsYW16ZTVoMXdS?oc=5\" target=\"_blank\" rel=\"nofollow noopener\">\u00daltima hora de la concentraci\u00f3n del PP en Madrid, en directo | Un detenido en la protesta de la organizaci\u00f3n juvenil Revuelta ante la sede del PSOE<\/a>&nbsp;&nbsp;EL PA\u00cdS<\/li>\n<li><a href=\"https:\/\/news.google.com\/rss\/articles\/CBMisgFBVV95cUxQRUh3RzJBV2ZKV2N2cFF0V016TVZNTngyRGczTDU3MTVscmJXMmVNOE01MktLN3Y4WHdCWjQ2NjFiX3BNOHlFRW5mUXMzMXRSYTFSeWVPUkozUm9nZkFiYVB1XzRDRHdEajJiZHRUajBHU2NtdTB1WmRhRW5OZnRkd3pjT2dxWjM0VWxIT1MzRDcyOTdTUU5MMmtVaEhGSVRDN0J0S0Z4MlNxOVREUXhuRVJR0gG3AUFVX3lxTFBmQnM0MHRSdHNHdWhUcHc0YURVQ3E5cTNfa1VoemJ3LVk3Y0xYS2xWdlJqWTItXzRuZExBbFNLbjd0WktFMk54cU41SV9sbmhiRElMbFIwX29nMndoY2wzLUNYV2NPa213M3lrQU9GVnQ5am1OcEZMQXJkZk9oVlhuaUN0QmpsQkRVUmtVeEtsX3BDZ1Rka1JNa1k2TWRVZ3ZhOGF0ZWwwUWdUOHdBRGE5ZUtxaFV3aw?oc=5\" target=\"_blank\" rel=\"nofollow noopener\">\u00abC\u00f3mo son los de la libertad\u00bb: acosan a una periodista de RTVE durante una manifestaci\u00f3n de las juventudes de Vox contra el Gobierno<\/a>&nbsp;&nbsp;Diario P\u00fablico<\/li>\n<li><a href=\"https:\/\/news.google.com\/rss\/articles\/CBMiugFBVV95cUxNZFNJN2J3WXlOMTJiMEJGZjdhaVk1WUE3SnBITUx6elVwWldGQS1GUWVydDN4UkZoQ3g2VWhnSk5WamMxbk5fcm5DNDlOU1lKOE5Md0RkZ29YZ29uX210NTJwYnd0SVR2X0xqZHo0UDlKWXRtQ2hqNElvQk1YLXFBaG9rVFpxc3dyRlp5YW43aG5BQUtPZkptUmlMOHJYdE1IV2NCRXBfVDVJd2tvSEVzV192c0ZZUXZEOUE?oc=5\" target=\"_blank\" rel=\"nofollow noopener\">Un detenido en la protesta de la organizaci\u00f3n juvenil Revuelta ante la sede del PSOE<\/a>&nbsp;&nbsp;La Vanguardia<\/li>\n<li><a href=\"https:\/\/news.google.com\/rss\/articles\/CBMirAFBVV95cUxNVkdlLUp1TXcyWEs2RE5PdVpLWVY3LUtIOVNOb0c4QTAwbjBLT1lQNmhSZXpGWk1fbzBYb2xQa1hQVU02VDJ2UTJjd0JlSzBpZlJ6aUs2UWU5QXcza0dQakJyaU5tai1pV1B3eGc0MHZHM2g2U0xFMFczczEzVDVRdm9vWkNCZERwNGRhZ3FkQlR4M2ZDUEN1RjZwem9waHVzbEg4cC1PZnFkMFVF0gGsAUFVX3lxTE5xNkFXbGY0c1pDaTYyX2xLRHNMSHFBTGFGUDhJWGdubmtLNUxMaElpZzdxZmY2Qko1Z3ZiV2Z6RE5qamF2RTRmZ0tOYVFZRnRhXzJZVzIzbG1VSTNtR3lzWUY1Q0hEZllJZHRoQ2s3djNoa0FTcnRHRUFGVmRfR0Eyd1lRNnZueTBLVlVCZ1JSLXZqMWNPYmNYQ295VmUwSUw3aDNQUXViYkxMZzg?oc=5\" target=\"_blank\" rel=\"nofollow noopener\">El presidente de RTVE denuncia el hostigamiento a una periodista en la protesta de Ferraz: \u00abFascistas haciendo de fascistas\u00bb<\/a>&nbsp;&nbsp;El Peri\u00f3dico<\/li>\n<\/ol>\n","protected":false},"excerpt":{"rendered":"Un detenido en la protesta organizada por las juventudes de Vox frente a Ferraz&nbsp;&nbsp;LaSexta \u00daltima hora de la&hellip;\n","protected":false},"author":2,"featured_media":248356,"comment_status":"","ping_status":"","sticky":false,"template":"","format":"standard","meta":{"footnotes":""},"categories":[8],"tags":[17,18,25,24,13,14,11,19,20,9,10,15,16,23,12,21,22],"class_list":{"0":"post-263961","1":"post","2":"type-post","3":"status-publish","4":"format-standard","5":"has-post-thumbnail","7":"category-espana","8":"tag-breaking-news","9":"tag-breakingnews","10":"tag-es","11":"tag-espana","12":"tag-featured-news","13":"tag-featurednews","14":"tag-headlines","15":"tag-latest-news","16":"tag-latestnews","17":"tag-news","18":"tag-noticias","19":"tag-noticias-destacadas","20":"tag-noticiasdestacadas","21":"tag-spain","22":"tag-titulares","23":"tag-ultimas-noticias","24":"tag-ultimasnoticias"},"share_on_mastodon":{"url":"https:\/\/pubeurope.com\/@es\/115639678702567521","error":""},"_links":{"self":[{"href":"https:\/\/www.europesays.com\/es\/wp-json\/wp\/v2\/posts\/263961","targetHints":{"allow":["GET"]}}],"collection":[{"href":"https:\/\/www.europesays.com\/es\/wp-json\/wp\/v2\/posts"}],"about":[{"href":"https:\/\/www.europesays.com\/es\/wp-json\/wp\/v2\/types\/post"}],"author":[{"embeddable":true,"href":"https:\/\/www.europesays.com\/es\/wp-json\/wp\/v2\/users\/2"}],"replies":[{"embeddable":true,"href":"https:\/\/www.europesays.com\/es\/wp-json\/wp\/v2\/comments?post=263961"}],"version-history":[{"count":0,"href":"https:\/\/www.europesays.com\/es\/wp-json\/wp\/v2\/posts\/263961\/revisions"}],"wp:featuredmedia":[{"embeddable":true,"href":"https:\/\/www.europesays.com\/es\/wp-json\/wp\/v2\/media\/248356"}],"wp:attachment":[{"href":"https:\/\/www.europesays.com\/es\/wp-json\/wp\/v2\/media?parent=263961"}],"wp:term":[{"taxonomy":"category","embeddable":true,"href":"https:\/\/www.europesays.com\/es\/wp-json\/wp\/v2\/categories?post=263961"},{"taxonomy":"post_tag","embeddable":true,"href":"https:\/\/www.europesays.com\/es\/wp-json\/wp\/v2\/tags?post=263961"}],"curies":[{"name":"wp","href":"https:\/\/api.w.org\/{rel}","templated":true}]}}