{"id":263962,"date":"2025-11-30T16:50:15","date_gmt":"2025-11-30T16:50:15","guid":{"rendered":"https:\/\/www.europesays.com\/es\/263962\/"},"modified":"2025-11-30T16:50:15","modified_gmt":"2025-11-30T16:50:15","slug":"cual-es-el-estado-de-los-vuelos-en-venezuela-tras-los-anuncios-de-trump-y-su-gobierno-sobre-el-cierre-del-espacio-aereo-del-pais-caribeno","status":"publish","type":"post","link":"https:\/\/www.europesays.com\/es\/263962\/","title":{"rendered":"Cu\u00e1l es el estado de los vuelos en Venezuela tras los anuncios de Trump y su gobierno sobre el cierre del espacio a\u00e9reo del pa\u00eds caribe\u00f1o"},"content":{"rendered":"<p><img fetchpriority=\"high\" decoding=\"async\" src=\"https:\/\/www.europesays.com\/es\/wp-content\/uploads\/2025\/11\/f9923350-ce02-11f0-a892-01d657345866.jpg.webp.webp\"   alt=\"Un avi\u00f3n de Estelar y otro de Laser en el aeropuerto de Maiquet\u00eda.\" loading=\"eager\" width=\"1024\" height=\"637\" style=\"aspect-ratio:1024 \/ 637\" class=\"css-4ejld5\"\/><\/p>\n<p class=\"css-by8ykd\" role=\"text\">Fuente de la imagen, Juan BARRETO \/ AFP via Getty Images<\/p>\n<p>Pie de foto, El grueso de las operaciones a\u00e9reas durante el fin de semana la realizaron aerol\u00edneas venezolanas o privados.<strong id=\"article-byline\" aria-hidden=\"true\" class=\"css-m04vo2\">Informaci\u00f3n del art\u00edculo<\/strong><\/p>\n<p dir=\"ltr\" class=\"css-oygqes e17g058b0\"><b>\u00abYo volaba el 24 de noviembre y, cuando estaba casi en la puerta del avi\u00f3n, me dijeron que el vuelo estaba cancelado. Ahora no s\u00e9 cu\u00e1ndo volver\u00e9\u00bb.<\/b><\/p>\n<p dir=\"ltr\" class=\"css-oygqes e17g058b0\">Juan Carlos Rodr\u00edguez es uno de los cientos de venezolanos que estos d\u00edas han quedado varados en el aeropuerto Adolfo Su\u00e1rez Madrid-Barajas (Espa\u00f1a) como consecuencia de los anuncios que en la \u00faltima semana ha realizado el gobierno de Estados Unidos sobre Venezuela.<\/p>\n<p dir=\"ltr\" class=\"css-oygqes e17g058b0\">El 21 de noviembre, la Administraci\u00f3n Federal de Aviaci\u00f3n (FAA, por sus siglas en ingl\u00e9s) inst\u00f3 a las aerol\u00edneas a \u00abextremar precauciones\u00bb al sobrevolar Venezuela y el sur del Caribe, ante lo que consideraba \u00abuna situaci\u00f3n potencialmente peligrosa en la regi\u00f3n\u00bb.<\/p>\n<p dir=\"ltr\" class=\"css-oygqes e17g058b0\">La advertencia provoc\u00f3 que 8 aerol\u00edneas internacionales suspendieran sus vuelos al pa\u00eds caribe\u00f1o, lo que fue respondido por las autoridades venezolanas con la anulaci\u00f3n de los derechos de tr\u00e1fico a\u00e9reo a seis de esas compa\u00f1\u00edas.<\/p>\n<p dir=\"ltr\" class=\"css-oygqes e17g058b0\">Pero la situaci\u00f3n no qued\u00f3 all\u00ed: el s\u00e1bado, el presidente Donald Trump anunci\u00f3 que deb\u00eda considerarse el espacio a\u00e9reo \u00absobre\u00bb y \u00abalrededor\u00bb de Venezuela cerrado \u00abpor completo\u00bb.<\/p>\n<p dir=\"ltr\" class=\"css-oygqes e17g058b0\">Las autoridades venezolanas calificaron el anuncio de \u00abamenaza colonialista\u00bb y aseguraron que estaban activando \u00abtodos los mecanismos multilaterales\u00bb para lograr \u00abel cese inmediato de esta acci\u00f3n ileg\u00edtima e il\u00edcita\u00bb.<\/p>\n<p dir=\"ltr\" class=\"css-oygqes e17g058b0\">Sin embargo, desde el anuncio de Trump el espacio a\u00e9reo venezolano ha registrado un tr\u00e1fico muy por debajo de lo habitual.<\/p>\n<p><img decoding=\"async\" src=\"https:\/\/www.europesays.com\/es\/wp-content\/uploads\/2025\/11\/cebdd850-ce02-11f0-aeef-e71f60828f34.jpg.webp.webp\"   alt=\"Un hombre ve la pantalla de informaci\u00f3n del aeropuerto de Maiquet\u00eda.\" loading=\"lazy\" width=\"4831\" height=\"2717\" style=\"aspect-ratio:4831 \/ 2717\" class=\"css-4ejld5\"\/><\/p>\n<p class=\"css-by8ykd\" role=\"text\">Fuente de la imagen, RONALD PENA R\/EPA\/Shutterstock<\/p>\n<p>Pie de foto, Apenas dos aerol\u00edneas internacionales realizaron vuelos durante el fin de semana hacia Maiquet\u00eda, el principal aeropuerto del pa\u00eds.<\/p>\n<p>Cielos casi despejados<\/p>\n<p dir=\"ltr\" class=\"css-oygqes e17g058b0\">El anuncio de Trump ha agravado la desconexi\u00f3n a\u00e9rea de Venezuela con el resto del mundo.<\/p>\n<p dir=\"ltr\" class=\"css-oygqes e17g058b0\">Un vistazo al portal de monitoreo a\u00e9reo Flightradar24.com mostraba, entre la tarde del s\u00e1bado y la ma\u00f1ana del domingo, apenas un pu\u00f1ado de aviones sobrevolando Venezuela, la mayor\u00eda de ellos pertenecientes a aerol\u00edneas nacionales o a privados que cubr\u00edan trayectos internos.<\/p>\n<p dir=\"ltr\" class=\"css-oygqes e17g058b0\">Durante el fin de semana, solo dos aerol\u00edneas internacionales \u2014la paname\u00f1a COPA y la colombiana Wingo\u2014 operaron en el pa\u00eds, seg\u00fan la informaci\u00f3n disponible en el sitio web del aeropuerto internacional Sim\u00f3n Bol\u00edvar de Maiquet\u00eda, que sirve a Caracas.<\/p>\n<p dir=\"ltr\" class=\"css-oygqes e17g058b0\">COPA anunci\u00f3 que continuar\u00eda realizando dos vuelos diarios entre Panam\u00e1 y Caracas, aunque \u00fanicamente en horarios diurnos.<\/p>\n<p dir=\"ltr\" class=\"css-oygqes e17g058b0\">Por su parte, Wingo inform\u00f3 que seguir\u00e1 conectando Bogot\u00e1 y Caracas, mientras que Boliviana de Aviaci\u00f3n (BoA) continuaba ofreciendo billetes hacia la capital venezolana.<\/p>\n<p dir=\"ltr\" class=\"css-oygqes e17g058b0\">De casi un centenar de operaciones previstas en Maiquet\u00eda para el domingo (despegues y aterrizajes), 20 eran vuelos internacionales hacia cuatro destinos (Bogot\u00e1, Lima, Curazao y Panam\u00e1), pero solo seis correspond\u00edan a aerol\u00edneas extranjeras, seg\u00fan public\u00f3 el medio progubernamental Laiguana.tv.<\/p>\n<p dir=\"ltr\" class=\"css-oygqes e17g058b0\">Antes de la crisis, el n\u00famero de vuelos con origen y destino en Venezuela era de 105 por semana, pero en los \u00faltimos d\u00edas ha ca\u00eddo a 79, una reducci\u00f3n del 24,7%.<\/p>\n<p dir=\"ltr\" class=\"css-oygqes e17g058b0\">La situaci\u00f3n no es nueva para los venezolanos, quienes en la \u00faltima d\u00e9cada han visto c\u00f3mo sus conexiones con el resto del mundo se han reducido, tanto por la crisis econ\u00f3mica y pol\u00edtica que atraviesa el pa\u00eds como por la pandemia de covid.<\/p>\n<p dir=\"ltr\" class=\"css-oygqes e17g058b0\">En materia de carga, dos aeronaves de la firma colombiana Aerosucre fueron avistados.<\/p>\n<p><img decoding=\"async\" src=\"https:\/\/www.europesays.com\/es\/wp-content\/uploads\/2025\/11\/6582cca0-ce03-11f0-9fb5-5f3a3703a365.jpg.webp.webp\"   alt=\"Pasajeros en el aeropuerto de Maiquet\u00eda sentados aguardando por informaci\u00f3n de su vuelo.\" loading=\"lazy\" width=\"5472\" height=\"3648\" style=\"aspect-ratio:5472 \/ 3648\" class=\"css-4ejld5\"\/><\/p>\n<p class=\"css-by8ykd\" role=\"text\">Fuente de la imagen, RONALD PENA R\/EPA\/Shutterstock<\/p>\n<p>Pie de foto, La IATA estima que unas 15.000 personas semana est\u00e1n siendo afectadas por la tensi\u00f3n entre Venezuela y EE.UU.<\/p>\n<p>Por su cuenta<\/p>\n<p dir=\"ltr\" class=\"css-oygqes e17g058b0\">Aunque la vicepresidenta Delcy Rodr\u00edguez anunci\u00f3 la noche del s\u00e1bado la puesta en marcha de \u00abun plan especial\u00bb para el retorno de los venezolanos varados, hasta el momento no se ha informado de acciones concretas.<\/p>\n<p dir=\"ltr\" class=\"css-oygqes e17g058b0\">\u00abNo tenemos ninguna informaci\u00f3n de la Embajada. Ni siquiera contestan los tel\u00e9fonos. Esperamos tener noticias ma\u00f1ana\u00bb, le dijo el pasajero Juan Carlos Rodr\u00edguez a BBC Mundo este domingo desde Madrid, criticando el comportamiento de las aerol\u00edneas.<\/p>\n<p dir=\"ltr\" class=\"css-oygqes e17g058b0\">\u00ab(La aerol\u00ednea venezolana) Estelar no se ha hecho responsable ni ha ofrecido ning\u00fan tipo de asistencia. Lo que hicieron fue enviar a un grupo a Medell\u00edn (Colombia) para que luego ellos vieran c\u00f3mo regresaban por su cuenta hasta sus hogares en Venezuela\u00bb, narr\u00f3.<\/p>\n<p dir=\"ltr\" class=\"css-oygqes e17g058b0\">\u00abCreo que esa fue una decisi\u00f3n cruel, porque si no tienes medios econ\u00f3micos para permanecer en Madrid, \u00bfc\u00f3mo te van a mandar a una ciudad a cientos de kil\u00f3metros de la frontera con Venezuela?\u00bb, agreg\u00f3.<\/p>\n<p dir=\"ltr\" class=\"css-oygqes e17g058b0\">Rodr\u00edguez coment\u00f3 que algunos de los varados fueron trasladados hasta un refugio y recibieron asistencia de la Cruz Roja espa\u00f1ola, porque carec\u00edan de dinero y familia en Espa\u00f1a.<\/p>\n<p dir=\"ltr\" class=\"css-oygqes e17g058b0\">\u00abEstamos pidiendo que nos env\u00eden a Bogot\u00e1 (Colombia) o a Panam\u00e1, porque desde all\u00ed siguen saliendo vuelos hacia Venezuela\u00bb, dijo el especialista en energ\u00edas renovables, al que la crisis lo sorprendi\u00f3 en Madrid.<\/p>\n<p dir=\"ltr\" class=\"css-oygqes e17g058b0\">El testimonio de Rodr\u00edguez parece repetirse en otros casos.<\/p>\n<p dir=\"ltr\" class=\"css-oygqes e17g058b0\">\u00abMe dicen que me devuelven el dinero, que me tengo que esperar a que se solucione la situaci\u00f3n o bien que vaya a Bogot\u00e1 y agarre el primer vuelo\u00bb, explic\u00f3 a la agencia EFE Luis Morales Peix, un espa\u00f1ol que se encontraba de visita en Caracas y que asegur\u00f3 haber gastado unos US$2.000 adicionales para poder llegar hasta Colombia, un costo que sali\u00f3 de su bolsillo.<\/p>\n<p dir=\"ltr\" class=\"css-oygqes e17g058b0\">De mantenerse la situaci\u00f3n, medios colombianos y venezolanos anticipan un aumento de los cruces terrestres entre ambos pa\u00edses en los pr\u00f3ximos d\u00edas.<\/p>\n<p dir=\"ltr\" class=\"css-oygqes e17g058b0\">Desde la Asociaci\u00f3n Internacional del Transporte A\u00e9reo (IATA, por sus siglas en ingl\u00e9s), calculan que la suspensi\u00f3n de vuelos desde y hacia Venezuela afecta a unos 15.000 pasajeros cada semana, seg\u00fan declar\u00f3 el vicepresidente de la organizaci\u00f3n, Peter Cerd\u00e1, a la cadena estadounidense CNN.<\/p>\n<p><img decoding=\"async\" src=\"https:\/\/www.europesays.com\/es\/wp-content\/uploads\/2025\/11\/55317bb0-ce05-11f0-a892-01d657345866.jpg.webp.webp\"   alt=\"Momento en el que deportados venezolanos bajan de un avi\u00f3n de Conviasa.\" loading=\"lazy\" width=\"1024\" height=\"681\" style=\"aspect-ratio:1024 \/ 681\" class=\"css-4ejld5\"\/><\/p>\n<p class=\"css-by8ykd\" role=\"text\">Fuente de la imagen, AFP via Getty Images<\/p>\n<p>Pie de foto, Las deportaciones de migrantes venezolanos tambi\u00e9n han resultado afectadas por las decisiones de Washinton, aseguraron desde Caracas.<\/p>\n<p>Menos turistas y deportados<\/p>\n<p dir=\"ltr\" class=\"css-oygqes e17g058b0\">Las medidas estadounidenses no solo afectan a los venezolanos que desean salir o regresar al pa\u00eds, sino tambi\u00e9n al turismo internacional e incluso a las deportaciones de migrantes venezolanos ordenadas por Trump.<\/p>\n<p dir=\"ltr\" class=\"css-oygqes e17g058b0\">El operador ruso Pegas Touristik anunci\u00f3 el domingo que redirigir\u00e1 a Varadero (Cuba) a los turistas que ten\u00edan previsto viajar a Venezuela, seg\u00fan report\u00f3 la agencia EFE.<\/p>\n<p dir=\"ltr\" class=\"css-oygqes e17g058b0\">En los \u00faltimos a\u00f1os, la isla de Margarita, en el Caribe oriental venezolano, se hab\u00eda convertido en un destino popular para turistas rusos.<\/p>\n<p dir=\"ltr\" class=\"css-oygqes e17g058b0\">Por su parte, el gobierno venezolano denunci\u00f3 que Washington \u00abha suspendido, de manera unilateral\u00bb las repatriaciones de venezolanos.<\/p>\n<p dir=\"ltr\" class=\"css-oygqes e17g058b0\">Los anuncios de EE.UU. sobre el espacio a\u00e9reo venezolano han incrementado las tensiones entre ambos pa\u00edses, las cuales se han intensificado por el despliegue militar ordenado por la Casa Blanca en el Caribe con el objetivo declarado de frenar el narcotr\u00e1fico.<\/p>\n<p dir=\"ltr\" class=\"css-oygqes e17g058b0\">Sin embargo, tanto Caracas como numerosos observadores consideran que la operaci\u00f3n busca en realidad forzar la salida de Nicol\u00e1s Maduro del poder.<\/p>\n<p><img decoding=\"async\" src=\"https:\/\/www.europesays.com\/es\/wp-content\/uploads\/2025\/11\/583605f0-ce01-11f0-9fb5-5f3a3703a365.png.webp.webp\"   alt=\"raya gris\" loading=\"lazy\" width=\"800\" height=\"100\" style=\"aspect-ratio:800 \/ 100\" class=\"css-4ejld5\"\/><\/p>\n<p dir=\"ltr\" class=\"css-oygqes e17g058b0\"><a href=\"https:\/\/www.bbc.com\/mundo\/send\/u184973209\" class=\"focusIndicatorReducedWidth css-n8oauk e1p3sufg0\" rel=\"nofollow noopener\" target=\"_blank\">Suscr\u00edbete aqu\u00ed<\/a> a nuestro nuevo newsletter para recibir cada viernes una selecci\u00f3n de nuestro mejor contenido de la semana.<\/p>\n<p dir=\"ltr\" class=\"css-oygqes e17g058b0\">Y recuerda que puedes recibir notificaciones en nuestra app. Descarga la \u00faltima versi\u00f3n y act\u00edvalas.<\/p>\n","protected":false},"excerpt":{"rendered":"Fuente de la imagen, Juan BARRETO \/ AFP via Getty Images Pie de foto, El grueso de las&hellip;\n","protected":false},"author":2,"featured_media":263963,"comment_status":"","ping_status":"","sticky":false,"template":"","format":"standard","meta":{"footnotes":""},"categories":[5],"tags":[17,18,25,24,13,14,11,19,20,9,10,15,16,23,12,21,22],"class_list":{"0":"post-263962","1":"post","2":"type-post","3":"status-publish","4":"format-standard","5":"has-post-thumbnail","7":"category-titulares","8":"tag-breaking-news","9":"tag-breakingnews","10":"tag-es","11":"tag-espana","12":"tag-featured-news","13":"tag-featurednews","14":"tag-headlines","15":"tag-latest-news","16":"tag-latestnews","17":"tag-news","18":"tag-noticias","19":"tag-noticias-destacadas","20":"tag-noticiasdestacadas","21":"tag-spain","22":"tag-titulares","23":"tag-ultimas-noticias","24":"tag-ultimasnoticias"},"share_on_mastodon":{"url":"https:\/\/pubeurope.com\/@es\/115639683025912382","error":""},"_links":{"self":[{"href":"https:\/\/www.europesays.com\/es\/wp-json\/wp\/v2\/posts\/263962","targetHints":{"allow":["GET"]}}],"collection":[{"href":"https:\/\/www.europesays.com\/es\/wp-json\/wp\/v2\/posts"}],"about":[{"href":"https:\/\/www.europesays.com\/es\/wp-json\/wp\/v2\/types\/post"}],"author":[{"embeddable":true,"href":"https:\/\/www.europesays.com\/es\/wp-json\/wp\/v2\/users\/2"}],"replies":[{"embeddable":true,"href":"https:\/\/www.europesays.com\/es\/wp-json\/wp\/v2\/comments?post=263962"}],"version-history":[{"count":0,"href":"https:\/\/www.europesays.com\/es\/wp-json\/wp\/v2\/posts\/263962\/revisions"}],"wp:featuredmedia":[{"embeddable":true,"href":"https:\/\/www.europesays.com\/es\/wp-json\/wp\/v2\/media\/263963"}],"wp:attachment":[{"href":"https:\/\/www.europesays.com\/es\/wp-json\/wp\/v2\/media?parent=263962"}],"wp:term":[{"taxonomy":"category","embeddable":true,"href":"https:\/\/www.europesays.com\/es\/wp-json\/wp\/v2\/categories?post=263962"},{"taxonomy":"post_tag","embeddable":true,"href":"https:\/\/www.europesays.com\/es\/wp-json\/wp\/v2\/tags?post=263962"}],"curies":[{"name":"wp","href":"https:\/\/api.w.org\/{rel}","templated":true}]}}