{"id":263970,"date":"2025-11-30T17:00:16","date_gmt":"2025-11-30T17:00:16","guid":{"rendered":"https:\/\/www.europesays.com\/es\/263970\/"},"modified":"2025-11-30T17:00:16","modified_gmt":"2025-11-30T17:00:16","slug":"juan-carlos-perez-ha-construido-una-solida-carrera-en-solitario","status":"publish","type":"post","link":"https:\/\/www.europesays.com\/es\/263970\/","title":{"rendered":"Juan Carlos P\u00e9rez, ha construido una s\u00f3lida carrera en solitario"},"content":{"rendered":"<p>\n        Si pensamos en una de las canciones m\u00e1s famosas del <a href=\"https:\/\/www.deia.eus\/tags\/euskera\/\" title=\"euskera\" target=\"_blank\" class=\"link copy\" rel=\"nofollow noopener\">euskera<\/a>, seguramente venga a la cabeza Lau teilatu. Aquella melod\u00eda nost\u00e1lgica, sencilla y universal que muchos consideran casi un himno, naci\u00f3 de la inspiraci\u00f3n de <strong>Juan Carlos P\u00e9rez G\u00f3mez<\/strong>, su autor y voz principal. P\u00e9rez fue el <strong>l\u00edder del grupo Itoiz, una de las bandas m\u00e1s influyentes de la m\u00fasica vasca, <\/strong>capaz de tender puentes entre el rock progresivo, el pop y la poes\u00eda en euskera. Nacido en Mutriku (Gipuzkoa) en 1958, Juan Carlos P\u00e9rez se form\u00f3 en la Escuela Municipal de M\u00fasica de su localidad y m\u00e1s tarde se licenci\u00f3 en Derecho por la Universidad de Deusto. Sin embargo, su verdadera vocaci\u00f3n siempre fue la m\u00fasica. <strong>En la d\u00e9cada de 1970 fund\u00f3 su primer grupo, Indar Trabes, que pronto evolucionar\u00eda hacia Itoiz (1978-1988). <\/strong>Con ellos firm\u00f3 una etapa clave en la historia del pop-rock vasco, marcada por la experimentaci\u00f3n y la sensibilidad po\u00e9tica.\n<\/p>\n<p>  Itoiz<\/p>\n<p class=\"article-body__text \">\n        <strong>Itoiz fue una de las bandas m\u00e1s influyentes de la m\u00fasica vasca entre finales de los a\u00f1os setenta y los ochenta.<\/strong> Formado oficialmente en 1978 en Mutriku, el grupo naci\u00f3 de las inquietudes musicales de varios j\u00f3venes encabezados por Juan Carlos P\u00e9rez G\u00f3mez, que ya hab\u00edan dado sus primeros pasos con el grupo Indar Trabes. En sus comienzos,<strong> Itoiz se mov\u00eda dentro del rock progresivo con letras en euskera llenas de poes\u00eda y sensibilidad, pero con el tiempo evolucionaron hacia un pop-rock m\u00e1s accesible y mel\u00f3dico.<\/strong> Durante una d\u00e9cada, Itoiz public\u00f3 siete \u00e1lbumes -entre ellos Itoiz (1978), Ezekiel (1980) o Alkolea (1988)- y dej\u00f3 una huella imborrable en la m\u00fasica en euskera.<strong> Su estilo \u00fanico, que combinaba experimentaci\u00f3n musical con emoci\u00f3n y lirismo<\/strong>, consolid\u00f3 a la banda como un referente cultural y generacional, y canciones como Lau teilatu o To Alice siguen siendo himnos que resumen la esencia de aquella \u00e9poca de renovaci\u00f3n art\u00edstica.\n<\/p>\n<p><strong>Viaje a Cannes\u00a0<\/strong><\/p>\n<p>En 2024 se estren\u00f3 el documental Itoiz Udako Sesioak (Itoiz Summer Sessions), dirigido por Larraitz Zuazo, Zuri Goikoetxea y Ainhoa Andraka. La pel\u00edcula parte del hallazgo de unas cintas in\u00e9ditas que llevan a Juan Carlos P\u00e9rez a revisar su pasado y la disoluci\u00f3n del grupo en su momento de mayor \u00e9xito. El documental combina material de archivo con testimonios y recreaciones cinematogr\u00e1ficas, mostrando la tensi\u00f3n entre la fidelidad art\u00edstica y el \u00e9xito comercial. El documental fue presentado en festivales y en el circuito audiovisual vasco, permite redescubrir a Itoiz desde la mirada actual de su creador. M\u00e1s all\u00e1 de la nostalgia, es una reflexi\u00f3n sobre la m\u00fasica, el tiempo y la necesidad de seguir creando del artista.<\/p>\n<p class=\"article-photo__footer\">\n            Reencuentro. En el estreno del documental \u2018Itoiz Udako Sesioak\u2019, se pudo disfrutar de un reencuentro entre los integrates del grupo.            Oskar Gonz\u00e1lez        <\/p>\n<p>  Del grupo a la carrera en solitario<\/p>\n<p class=\"article-body__text \">\n        <strong>Tras la disoluci\u00f3n de Itoiz en 1988, Juan Carlos P\u00e9rez continu\u00f3 su camino en solitario, <\/strong>explorando nuevos lenguajes musicales. Estudi\u00f3 piano y est\u00e9tica en el Conservatorio de Bilbao y se dedic\u00f3 a la composici\u00f3n, a menudo para televisi\u00f3n, cine, teatro y danza. <strong>Public\u00f3 tres \u00e1lbumes bajo su propio nombre:<\/strong><strong> Atlantic River (1994), Hau berua (1996) y Hiriko istorioak (2006)<\/strong><strong>, donde fusion\u00f3 pop, jazz y arreglos orquestales.<\/strong> Adem\u00e1s, ha compuesto obras de m\u00fasica contempor\u00e1nea y sinf\u00f3nica, como<strong> <\/strong><strong>Bizkaieraz y Itoiz Suite<\/strong>, esta \u00faltima estrenada por la Orquesta Sinf\u00f3nica de Bilbao. <strong>Su inquietud art\u00edstica lo ha llevado siempre a buscar nuevas formas de expresi\u00f3n, combinando lo popular con lo acad\u00e9mico, y manteniendo vivo el legado de Itoiz en un contexto m\u00e1s experimental.<\/strong><\/p>\n","protected":false},"excerpt":{"rendered":"Si pensamos en una de las canciones m\u00e1s famosas del euskera, seguramente venga a la cabeza Lau teilatu.&hellip;\n","protected":false},"author":2,"featured_media":263971,"comment_status":"","ping_status":"","sticky":false,"template":"","format":"standard","meta":{"footnotes":""},"categories":[174],"tags":[415,255,146,147,25,24,65579,256,100,65580,409,738,23],"class_list":{"0":"post-263970","1":"post","2":"type-post","3":"status-publish","4":"format-standard","5":"has-post-thumbnail","7":"category-famosos","8":"tag-carlos","9":"tag-celebrities","10":"tag-entertainment","11":"tag-entretenimiento","12":"tag-es","13":"tag-espana","14":"tag-exlider","15":"tag-famosos","16":"tag-grupo","17":"tag-itoiz","18":"tag-juan","19":"tag-perez","20":"tag-spain"},"share_on_mastodon":{"url":"https:\/\/pubeurope.com\/@es\/115639721882936224","error":""},"_links":{"self":[{"href":"https:\/\/www.europesays.com\/es\/wp-json\/wp\/v2\/posts\/263970","targetHints":{"allow":["GET"]}}],"collection":[{"href":"https:\/\/www.europesays.com\/es\/wp-json\/wp\/v2\/posts"}],"about":[{"href":"https:\/\/www.europesays.com\/es\/wp-json\/wp\/v2\/types\/post"}],"author":[{"embeddable":true,"href":"https:\/\/www.europesays.com\/es\/wp-json\/wp\/v2\/users\/2"}],"replies":[{"embeddable":true,"href":"https:\/\/www.europesays.com\/es\/wp-json\/wp\/v2\/comments?post=263970"}],"version-history":[{"count":0,"href":"https:\/\/www.europesays.com\/es\/wp-json\/wp\/v2\/posts\/263970\/revisions"}],"wp:featuredmedia":[{"embeddable":true,"href":"https:\/\/www.europesays.com\/es\/wp-json\/wp\/v2\/media\/263971"}],"wp:attachment":[{"href":"https:\/\/www.europesays.com\/es\/wp-json\/wp\/v2\/media?parent=263970"}],"wp:term":[{"taxonomy":"category","embeddable":true,"href":"https:\/\/www.europesays.com\/es\/wp-json\/wp\/v2\/categories?post=263970"},{"taxonomy":"post_tag","embeddable":true,"href":"https:\/\/www.europesays.com\/es\/wp-json\/wp\/v2\/tags?post=263970"}],"curies":[{"name":"wp","href":"https:\/\/api.w.org\/{rel}","templated":true}]}}