{"id":263974,"date":"2025-11-30T17:04:10","date_gmt":"2025-11-30T17:04:10","guid":{"rendered":"https:\/\/www.europesays.com\/es\/263974\/"},"modified":"2025-11-30T17:04:10","modified_gmt":"2025-11-30T17:04:10","slug":"opeth-estrenan-nuevo-video-mantas-habla-de-la-nueva-reunion-de-venom-single-y-video-de-midjungards","status":"publish","type":"post","link":"https:\/\/www.europesays.com\/es\/263974\/","title":{"rendered":"OPETH estrenan nuevo v\u00eddeo. Mantas habla de la nueva reuni\u00f3n de VENOM. Single y v\u00eddeo de MIDJUNGARDS."},"content":{"rendered":"<p>\u00a0<\/p>\n<p style=\"text-align: center;\"><strong><a href=\"#OPETH\">OPETH estrenan nuevo v\u00eddeo<\/a> \u2013 <a href=\"#VENOM\">Mantas habla de la nueva reuni\u00f3n de VENOM<\/a> \u2013 <a href=\"#MIDJUNGARDS\">Single y v\u00eddeo de MIDJUNGARDS<\/a>.<\/strong><\/p>\n<p><a href=\"https:\/\/www.opeth.com\/\" target=\"_blank\" rel=\"noopener nofollow\"><strong>OPETH<\/strong><\/a> han estrenado un nuevo v\u00eddeo para el tema \u201c\u00a73\u201d. El v\u00eddeo animado ha sido creado por Absynthe Moon Media.<\/p>\n<p><a href=\"https:\/\/www.opeth.com\/\" target=\"_blank\" rel=\"noopener nofollow\"><strong>OPETH<\/strong><\/a> sacaron el 22 de noviembre de 2024 a trav\u00e9s de Reigning Phoenix Music su nuevo disco \u201cThe Last Will And Testament\u201d.<\/p>\n<p>Todos los detalles en esta <a href=\"https:\/\/www.rafabasa.com\/2024\/08\/02\/opeth-blitzkrieg-deteriorot\/#OPETH\" target=\"_blank\" rel=\"noopener nofollow\">noticia<\/a> y los v\u00eddeos aparecidos en <a href=\"https:\/\/www.rafabasa.com\/2024\/09\/06\/opeth-blaze-bayley-d-a-d\/#OPETH\" target=\"_blank\" rel=\"noopener nofollow\">esta<\/a>.<\/p>\n<p><img fetchpriority=\"high\" decoding=\"async\" src=\"https:\/\/www.europesays.com\/es\/wp-content\/uploads\/2025\/11\/opeth2025_1.jpg\" alt=\"OPETH\" width=\"396\" height=\"400\"\/><\/p>\n<p>\u00a0<\/p>\n<p>\u00a0<\/p>\n<p>El guitarrista fundador de <a href=\"http:\/\/www.venomslegions.com\/\" target=\"_blank\" rel=\"noopener nofollow\"><strong>VENOM<\/strong><\/a> Jeff \u00abMantas\u00bb Dunn <a href=\"https:\/\/www.rafabasa.com\/2025\/10\/07\/dark-moor-venom-sixstrings\/#VENOM\" rel=\"nofollow noopener\" target=\"_blank\">ha reiterado<\/a> en una entrevista con MetalKaoz que el bajista y cantante cl\u00e1sico del grupo Conrad \u201cCronos\u201d Lant fue invitado a su reuni\u00f3n con el bater\u00eda Anthony \u201cAbaddon\u201d Bray.<\/p>\n<p>\u00abLe invit\u00e9 yo. Le invitaron los abogados de nuestro asunto judicial. Su respuesta fue, \u201cno vale mi tiempo\u201d. Esa fue su respuesta. Siempre lo digo, lo entiendo, todo el mundo quiere ver a sus miembros favoritos juntos, lo sabemos; \u201cviajad separados, alojaos es hoteles distintos\u2019. Hemos hecho todo eso, lo hicimos en la primera reuni\u00f3n. Piensa en la relaci\u00f3n m\u00e1s t\u00f3xica que hayas tenido, en como re hizo sentir, e inv\u00edtala de nuevo a tu vida.\u201d<\/p>\n<p>Mantas tambi\u00e9n habl\u00f3 de la posibilidad de componer temas nuevos con Aabadon.<\/p>\n<p>\u00abNo, no. Al final, \u00bfnecesita el mundo un nuevo disco de VENOM? Recuerdo una entrevista con Paul Stanley en la que dijo que nunca volver\u00eda a componer un tema de KISS. Porque a pesar de lo bueno que pueda ser su material en los 80, la gente sigue queriendo escuchar \u201cBlack Diamond\u201d, \u201cCold Gin\u201d, \u201cStrutter\u201d, \u201cC\u2019mon And Love Me\u201d\u2026 todo eso. Y yo estoy igual. Es lo mismo con JUDAS PRIEST, \u201cFirepower\u201d es un gran disco, y tambi\u00e9n \u201cInvincible Shield\u201d, pero si voy a verles y tocan \u201cThe Ripper\u201d, se acab\u00f3. S\u00e9 que hay una parte nost\u00e1lgica en todo eso, pero si estamos haciendo una celebraci\u00f3n de esta banda, una celebraci\u00f3n de la m\u00fasica que compusimos hace 45 a\u00f1os, es lo que es. Y tienes dos miembros originales. \u00bfM\u00fasica nueva? No lo s\u00e9, no estoy en contra de sacar un tema o dos, algo as\u00ed, pero \u00bfla gente quiere escucharlo? Habr\u00eda que ver votos, no s\u00e9.\u00bb<\/p>\n<p>Ten\u00e9is la charla completa a continuaci\u00f3n.<\/p>\n<p>Mantas y Abaddon, que se encuentran actualmente inmersos en una <a href=\"https:\/\/www.rafabasa.com\/2025\/08\/30\/bon-jovi-geoff-tate-venom\/#VENOM\" rel=\"nofollow noopener\" target=\"_blank\">batalla legal<\/a> contra su antiguo compa\u00f1ero Cronos, tocar\u00e1n acompa\u00f1ados por varios invitados en la pr\u00f3xima edici\u00f3n del festival alem\u00e1n Keep It True que se celebrar\u00e1 los d\u00edas 24 y 25 de abril en Lauda Konigshofen.\u00a8La pareja celebrar\u00e1 su disco de debut \u201cWelcome To Hell\u201d.<\/p>\n<p>Abaddon public\u00f3 el 26 de julio a trav\u00e9s de No Remorse Records y High Roller Records su autobiograf\u00eda <a href=\"https:\/\/www.rafabasa.com\/2025\/07\/04\/black-sabbath-venom-crematory-joe-stumps-tower-of-babel-siren\/\" rel=\"nofollow noopener\" target=\"_blank\">\u201cThe View From The Metal Throne \u2013 The Story Of Abaddon &amp; Venom\u201d<\/a>.<\/p>\n<p>Por su parte Mantas <a href=\"https:\/\/www.rafabasa.com\/2024\/12\/02\/opeth-venom-inc-heavy-metal-enforcer\/#VENOM_INC\" target=\"_blank\" rel=\"noopener nofollow\">anunci\u00f3 su marcha de VENOM INC.<\/a> a primeros de diciembre.<\/p>\n<p>Por \u00faltimo Cronos sigue adelante con su versi\u00f3n de <a href=\"http:\/\/www.venomslegions.com\/\" target=\"_blank\" rel=\"noopener nofollow\"><strong>VENOM<\/strong><\/a> y en junio insinu\u00f3 estar preparando <a href=\"https:\/\/www.rafabasa.com\/2025\/06\/01\/nightwish-venom-glenn-hughes-ciudad-olvido\/#VENOM\" rel=\"nofollow noopener\" target=\"_blank\">nuevo material<\/a>.<\/p>\n<p>\u00a0<\/p>\n<p>\u00a0<\/p>\n<p><a href=\"https:\/\/www.facebook.com\/midjungardsofficial\" target=\"_blank\" rel=\"noopener nofollow\"><strong>MIDJUNGARDS<\/strong><\/a> han estrenado un nuevo single llamado \u201cBerik Ships\u201d.<\/p>\n<p><a href=\"https:\/\/www.facebook.com\/midjungardsofficial\" target=\"_blank\" rel=\"noopener nofollow\"><strong>MIDJUNGARDS<\/strong><\/a> editar\u00e1n en 2026 su cuarto trabajo \u201cLong Haired Kings\u201d.<\/p>\n<p>M\u00e1s sobre el \u00e1lbum y otro single en esta <a href=\"https:\/\/www.rafabasa.com\/2025\/11\/03\/midjungards-van-halen-d-a-m\/#MIDJUNGARDS\" rel=\"nofollow noopener\" target=\"_blank\">noticia<\/a>.<\/p>\n<p><strong><a href=\"https:\/\/www.rafabasa.com\/2025\/11\/18\/cronica-y-fotos-de-midjungards-en-barcelona\/\" target=\"_blank\" rel=\"noopener nofollow\">Esta es la cr\u00f3nica y fotos de su reciente concierto en Barcelona<\/a><\/strong><\/p>\n<p><img loading=\"lazy\" decoding=\"async\" src=\"https:\/\/www.europesays.com\/es\/wp-content\/uploads\/2025\/11\/midjungards_barna2025_1_500x267.jpg\" alt=\"MIDJUNGARDS\" width=\"500\" height=\"267\"\/><\/p>\n<p align=\"center\"><strong>Sigue el\u00a0<a href=\"https:\/\/whatsapp.com\/channel\/0029VaCprxVBA1f555USvT2O\" target=\"_blank\" rel=\"nofollow noopener\">Canal de RAFABASA.COM en WhatsApp<\/a>, donde encontrar\u00e1s todas nuestras novedades al instante<\/strong><\/p>\n","protected":false},"excerpt":{"rendered":"\u00a0 OPETH estrenan nuevo v\u00eddeo \u2013 Mantas habla de la nueva reuni\u00f3n de VENOM \u2013 Single y v\u00eddeo&hellip;\n","protected":false},"author":2,"featured_media":263975,"comment_status":"","ping_status":"","sticky":false,"template":"","format":"standard","meta":{"footnotes":""},"categories":[170],"tags":[146,147,25,24,31463,184,185,42836,23,48424],"class_list":{"0":"post-263974","1":"post","2":"type-post","3":"status-publish","4":"format-standard","5":"has-post-thumbnail","7":"category-musica","8":"tag-entertainment","9":"tag-entretenimiento","10":"tag-es","11":"tag-espana","12":"tag-midjungards","13":"tag-music","14":"tag-musica","15":"tag-opeth","16":"tag-spain","17":"tag-venom"},"share_on_mastodon":{"url":"https:\/\/pubeurope.com\/@es\/115639737758460578","error":""},"_links":{"self":[{"href":"https:\/\/www.europesays.com\/es\/wp-json\/wp\/v2\/posts\/263974","targetHints":{"allow":["GET"]}}],"collection":[{"href":"https:\/\/www.europesays.com\/es\/wp-json\/wp\/v2\/posts"}],"about":[{"href":"https:\/\/www.europesays.com\/es\/wp-json\/wp\/v2\/types\/post"}],"author":[{"embeddable":true,"href":"https:\/\/www.europesays.com\/es\/wp-json\/wp\/v2\/users\/2"}],"replies":[{"embeddable":true,"href":"https:\/\/www.europesays.com\/es\/wp-json\/wp\/v2\/comments?post=263974"}],"version-history":[{"count":0,"href":"https:\/\/www.europesays.com\/es\/wp-json\/wp\/v2\/posts\/263974\/revisions"}],"wp:featuredmedia":[{"embeddable":true,"href":"https:\/\/www.europesays.com\/es\/wp-json\/wp\/v2\/media\/263975"}],"wp:attachment":[{"href":"https:\/\/www.europesays.com\/es\/wp-json\/wp\/v2\/media?parent=263974"}],"wp:term":[{"taxonomy":"category","embeddable":true,"href":"https:\/\/www.europesays.com\/es\/wp-json\/wp\/v2\/categories?post=263974"},{"taxonomy":"post_tag","embeddable":true,"href":"https:\/\/www.europesays.com\/es\/wp-json\/wp\/v2\/tags?post=263974"}],"curies":[{"name":"wp","href":"https:\/\/api.w.org\/{rel}","templated":true}]}}