{"id":263980,"date":"2025-11-30T17:07:13","date_gmt":"2025-11-30T17:07:13","guid":{"rendered":"https:\/\/www.europesays.com\/es\/263980\/"},"modified":"2025-11-30T17:07:13","modified_gmt":"2025-11-30T17:07:13","slug":"la-conselleria-recomienda-el-uso-de-mascarilla-en-instalaciones-sanitarias-ante-un-repunte-de-virus-respiratorios-noticias-de-xabia-javea","status":"publish","type":"post","link":"https:\/\/www.europesays.com\/es\/263980\/","title":{"rendered":"La conselleria recomienda el uso de mascarilla en instalaciones sanitarias ante un repunte de virus respiratorios | Noticias de X\u00e0bia \/ J\u00e1vea"},"content":{"rendered":"<p style=\"text-align:justify;\">La conselleria de Sanitat i Salut P\u00fablica ha emitido a los diferentes departamentos de salud de la Comunitat Valenciana la recomendaci\u00f3n del uso de mascarillas en los espacios sanitarios como medida preventiva frente a un posible repunte de infecciones por virus respiratorios. Esta medida se adopta pese a que la autonom\u00eda se encuentra en situaci\u00f3n de nivel bajo de epidemia, con una incidencia de 787,8 casos por cada 100.000 habitantes registrada la semana pasada.<\/p>\n<p style=\"text-align:justify;\">\u00a0<\/p>\n<p style=\"text-align:justify;\">En concreto, se emplaza al uso de mascarilla quir\u00fargica a aquellas personas que presenten s\u00edntomas cuando se encuentren en espacios compartidos dentro de centros sanitarios. Asimismo, se aconseja que la utilicen los profesionales sanitarios que atienden a pacientes sintom\u00e1ticos y todas aquellas personas (personal sanitario, pacientes y acompa\u00f1antes) que accedan a \u00e1reas vulnerables como salas de tratamientos de quimioterapia, unidades de trasplantes, de cuidados intensivos y similares. La recomendaci\u00f3n tambi\u00e9n se extiende a los servicios de urgencias, tanto hospitalarias como de Atenci\u00f3n Primaria.<\/p>\n<p style=\"text-align:justify;\">\u00a0<\/p>\n<p style=\"text-align:justify;\">Adem\u00e1s, se contempla la posibilidad de ampliar estas medidas a otras zonas siempre y cuando lo determine la direcci\u00f3n del centro en funci\u00f3n. Estas indicaciones se enmarcan dentro del Plan de Contingencia ante aumentos en la incidencia de infecciones respiratorias agudas.<\/p>\n<p style=\"text-align:justify;\">\u00a0<\/p>\n<p style=\"text-align:justify;\"><strong>La vacunaci\u00f3n, clave en la prevenci\u00f3n<\/strong><\/p>\n<p style=\"text-align:justify;\">El Plan tambi\u00e9n subraya que la vacunaci\u00f3n frente a la gripe y otras infecciones respiratorias agudas contin\u00faa siendo \u201cuna piedra angular\u201d para la prevenci\u00f3n. En este sentido, la conselleria recuerda que desde el pasado 3 de noviembre los centros de salud vacunan frente a la gripe y a la COVID-19 al conjunto de la poblaci\u00f3n, tras haber iniciado la campa\u00f1a entre los grupos de mayor riesgo durante el primer mes.<\/p>\n<p style=\"text-align:justify;\">\u00a0<\/p>\n<p style=\"text-align:justify;\">Para facilitar el acceso a la vacuna, se han reforzado los circuitos de vacunaci\u00f3n en todos los departamentos de salud, ampliando los horarios de Atenci\u00f3n Primaria y habilitando la cita a trav\u00e9s de medios digitales. Adem\u00e1s, se ha puesto en marcha un sistema de env\u00edo de mensajes SMS para recordar a los grupos prioritarios la disponibilidad de cita, y se ha intensificado la vacunaci\u00f3n en entornos espec\u00edficos como residencias, centros educativos, centros de educaci\u00f3n especial y centros de d\u00eda.<\/p>\n<p style=\"text-align:justify;\">\u00a0<\/p>\n","protected":false},"excerpt":{"rendered":"La conselleria de Sanitat i Salut P\u00fablica ha emitido a los diferentes departamentos de salud de la Comunitat&hellip;\n","protected":false},"author":2,"featured_media":263981,"comment_status":"","ping_status":"","sticky":false,"template":"","format":"standard","meta":{"footnotes":""},"categories":[92],"tags":[31365,46106,18733,12189,37979,53159,25,24,165,6138,65583,65582,65584,35405,65585,65586,65589,166,1452,23,65587,65581,65588,39981,58808],"class_list":{"0":"post-263980","1":"post","2":"type-post","3":"status-publish","4":"format-standard","5":"has-post-thumbnail","7":"category-salud","8":"tag-atencion-primaria","9":"tag-campana-de-vacunacion","10":"tag-centros-de-salud","11":"tag-comunitat-valenciana","12":"tag-conselleria-de-sanidad","13":"tag-direccion-general-de-salud-publica","14":"tag-es","15":"tag-espana","16":"tag-health","17":"tag-hospitales","18":"tag-infecciones-respiratorias-agudas","19":"tag-instalaciones-sanitarias","20":"tag-iras","21":"tag-medicina-preventiva","22":"tag-nivel-bajo-de-epidemia","23":"tag-plan-de-contingencia","24":"tag-prevencion-sanitaria","25":"tag-salud","26":"tag-salud-publica","27":"tag-spain","28":"tag-urgencias-hospitalarias","29":"tag-uso-de-mascarillas","30":"tag-vacunacion-covid-19","31":"tag-vacunacion-gripe","32":"tag-virus-respiratorios"},"share_on_mastodon":{"url":"","error":"Validation failed: Text character limit of 500 exceeded"},"_links":{"self":[{"href":"https:\/\/www.europesays.com\/es\/wp-json\/wp\/v2\/posts\/263980","targetHints":{"allow":["GET"]}}],"collection":[{"href":"https:\/\/www.europesays.com\/es\/wp-json\/wp\/v2\/posts"}],"about":[{"href":"https:\/\/www.europesays.com\/es\/wp-json\/wp\/v2\/types\/post"}],"author":[{"embeddable":true,"href":"https:\/\/www.europesays.com\/es\/wp-json\/wp\/v2\/users\/2"}],"replies":[{"embeddable":true,"href":"https:\/\/www.europesays.com\/es\/wp-json\/wp\/v2\/comments?post=263980"}],"version-history":[{"count":0,"href":"https:\/\/www.europesays.com\/es\/wp-json\/wp\/v2\/posts\/263980\/revisions"}],"wp:featuredmedia":[{"embeddable":true,"href":"https:\/\/www.europesays.com\/es\/wp-json\/wp\/v2\/media\/263981"}],"wp:attachment":[{"href":"https:\/\/www.europesays.com\/es\/wp-json\/wp\/v2\/media?parent=263980"}],"wp:term":[{"taxonomy":"category","embeddable":true,"href":"https:\/\/www.europesays.com\/es\/wp-json\/wp\/v2\/categories?post=263980"},{"taxonomy":"post_tag","embeddable":true,"href":"https:\/\/www.europesays.com\/es\/wp-json\/wp\/v2\/tags?post=263980"}],"curies":[{"name":"wp","href":"https:\/\/api.w.org\/{rel}","templated":true}]}}