{"id":263988,"date":"2025-11-30T17:11:08","date_gmt":"2025-11-30T17:11:08","guid":{"rendered":"https:\/\/www.europesays.com\/es\/263988\/"},"modified":"2025-11-30T17:11:08","modified_gmt":"2025-11-30T17:11:08","slug":"el-papa-recuerda-a-israel-a-su-llegada-a-libano-que-la-solucion-de-los-dos-estados-es-la-unica-internacional","status":"publish","type":"post","link":"https:\/\/www.europesays.com\/es\/263988\/","title":{"rendered":"El Papa recuerda a Israel, a su llegada a L\u00edbano, que \u201cla soluci\u00f3n de los dos Estados es la \u00fanica\u201d | Internacional"},"content":{"rendered":"<p class=\"\">El papa <a href=\"https:\/\/elpais.com\/noticias\/leon-xiv\/\" target=\"_self\" rel=\"nofollow noopener\" title=\"https:\/\/elpais.com\/noticias\/leon-xiv\/\">Le\u00f3n XIV<\/a> ha aterrizado este domingo en L\u00edbano con un mensaje claro dirigido a Israel que no es nuevo, pero que dicho a su llegada a Oriente Pr\u00f3ximo, tiene mayor fuerza: \u201cLa Santa Sede apoya p\u00fablicamente desde hace varios a\u00f1os la propuesta de <a href=\"https:\/\/elpais.com\/internacional\/2024-10-28\/los-paises-arabes-y-la-ue-reclaman-crear-dos-estados-en-israel-y-palestina-la-alternativa-es-el-apartheid.html\" target=\"_self\" rel=\"nofollow noopener\" title=\"https:\/\/elpais.com\/internacional\/2024-10-28\/los-paises-arabes-y-la-ue-reclaman-crear-dos-estados-en-israel-y-palestina-la-alternativa-es-el-apartheid.html\">una soluci\u00f3n de dos Estados<\/a>. Sabemos que en este momento Israel todav\u00eda no acepta esta situaci\u00f3n, pero lo vemos como la \u00fanica soluci\u00f3n al conflicto [con Palestina] que continuamente viven\u201d.<\/p>\n<p class=\"\">El Pont\u00edfice ha hecho estas declaraciones durante una conversaci\u00f3n con los periodistas en el vuelo que <a href=\"https:\/\/elpais.com\/internacional\/2025-11-29\/el-papa-visita-por-primera-vez-una-mezquita-pero-rompe-la-tradicion-y-no-reza-en-ella.html\" target=\"_self\" rel=\"nofollow noopener\" title=\"https:\/\/elpais.com\/internacional\/2025-11-29\/el-papa-visita-por-primera-vez-una-mezquita-pero-rompe-la-tradicion-y-no-reza-en-ella.html\">le ha llevado de Estambul<\/a> a Beirut, tras la etapa en Turqu\u00eda de <a href=\"https:\/\/elpais.com\/internacional\/2025-11-28\/el-papa-leon-xiv-en-nicea-retorno-al-lugar-de-la-invencion-del-cristianismo.html\" target=\"_self\" rel=\"nofollow noopener\" title=\"https:\/\/elpais.com\/internacional\/2025-11-28\/el-papa-leon-xiv-en-nicea-retorno-al-lugar-de-la-invencion-del-cristianismo.html\">su primer viaje internacional<\/a>. Robert Prevost ha accedido a responder solo dos preguntas de medios turcos, para hacer un balance de la mitad del viaje, y una de ellas ha sido sobre la cuesti\u00f3n palestina. <\/p>\n<p class=\"\">Tras ser escoltado por cazas libaneses, ha aterrizado en el aeropuerto de la capital de este pa\u00eds hacia las 15.30 hora local, 14.30 en la Espa\u00f1a peninsular. <\/p>\n<p class=\"\">Luego ha recorrido las calles de la ciudad hasta el palacio presidencial, primero en coche y luego en papam\u00f3vil, totalmente cubierto por cristales. Es la primera vez que Le\u00f3n XIV utiliza este veh\u00edculo en un viaje, pues en Turqu\u00eda no lo hizo. <\/p>\n<p class=\"\">Durante su recorrido, el Papa ha sido aclamado por miles de personas, entre ellos much\u00edsimos j\u00f3venes y ni\u00f1os que se agolpaban en las vallas colocadas a lo largo del recorrido en un ambiente festivo, a pesar de la lluvia. Se ve\u00edan cientos de banderitas vaticanas y tambi\u00e9n algunas amarillas de Hezbol\u00e1.<\/p>\n<p>Turqu\u00eda como mediador<\/p>\n<p class=\"\">L\u00edbano <a href=\"https:\/\/elpais.com\/internacional\/2025-11-27\/libano-atrapado-entre-la-escalada-israeli-y-el-rechazo-de-hezbola-a-desarmarse.html\" target=\"_self\" rel=\"nofollow noopener\" title=\"https:\/\/elpais.com\/internacional\/2025-11-27\/libano-atrapado-entre-la-escalada-israeli-y-el-rechazo-de-hezbola-a-desarmarse.html\">est\u00e1 inmerso en un conflicto con Israel<\/a> desde hace dos a\u00f1os, cuando la milicia proiran\u00ed Hezbol\u00e1 atac\u00f3 al pa\u00eds vecino, \u201cen solidaridad\u201d con la ofensiva lanzada por Ham\u00e1s desde Gaza. Hay una tregua desde hace un a\u00f1o, pero solo sobre el papel, pues Israel exige el desarme de esta organizaci\u00f3n, tal como marca el acuerdo de alto el fuego, y bombardea frecuentemente el sur de L\u00edbano. La \u00faltima vez, el pasado domingo, cuando lanz\u00f3 misiles en Beirut y <a href=\"https:\/\/elpais.com\/internacional\/2025-11-24\/hezbola-confirma-el-asesinato-de-su-numero-dos-por-israel-que-aumenta-su-nivel-de-alerta-militar.html\" target=\"_self\" rel=\"nofollow noopener\" title=\"https:\/\/elpais.com\/internacional\/2025-11-24\/hezbola-confirma-el-asesinato-de-su-numero-dos-por-israel-que-aumenta-su-nivel-de-alerta-militar.html\">asesin\u00f3 al n\u00famero dos de Hezbol\u00e1<\/a> y a otras cuatro personas.<\/p>\n<p class=\"\">\u201cNosotros tambi\u00e9n somos amigos de Israel, y con las dos partes buscamos ser una voz medidora que pueda ayudar a acercarse a una soluci\u00f3n con justicia para todos\u201d, ha explicado el Papa. Tambi\u00e9n ha confirmado que en su encuentro del pasado jueves con el presidente turco, Recep Tayyip Erdogan, habl\u00f3 de la situaci\u00f3n en Gaza, que comparte la posici\u00f3n de la Santa Sede. Y ha a\u00f1adido: \u201cTurqu\u00eda tiene un papel importante que podr\u00eda jugar en esto\u201d.<\/p>\n<p class=\"\">Tras su llegada al palacio presidencial de Beirut, Le\u00f3n XIV ha pronunciado un discurso en ingl\u00e9s ante las autoridades y representantes de la sociedad civil, consciente de que aterriza en un pa\u00eds lastrado por d\u00e9cadas de violencia. \u201cAqu\u00ed la paz es un deseo y una vocaci\u00f3n, es un don y una obra en constante construcci\u00f3n\u201d, han sido sus primeras palabras. Ha llamado a los libaneses a ser \u201cconstructores de paz\u201d.<\/p>\n<p class=\"\">L\u00edbano es un pa\u00eds donde conviven cristianos (actualmente un 32%) y musulmanes, que hasta los a\u00f1os setenta era la Suiza de Oriente Pr\u00f3ximo y que a partir de entonces entr\u00f3 en d\u00e9cadas de violencia, con una guerra civil hasta 1991, invasiones de sus potentes vecinos, Siria e Israel, atentados a autoridades y la presencia desde 1982 de una gran fuerza paramilitar, Hezbol\u00e1. Adem\u00e1s, <a href=\"https:\/\/elpais.com\/internacional\/2025-04-28\/la-justicia-libanesa-retoma-la-causa-por-la-explosion-en-el-puerto-de-beirut-tras-dos-anos-estancada.html\" target=\"_self\" rel=\"nofollow noopener\" title=\"https:\/\/elpais.com\/internacional\/2025-04-28\/la-justicia-libanesa-retoma-la-causa-por-la-explosion-en-el-puerto-de-beirut-tras-dos-anos-estancada.html\">Beirut sufri\u00f3 la tremenda explosi\u00f3n de material qu\u00edmico en su puerto en 2020, que devast\u00f3 el centro de la ciudad, mat\u00f3 a 218 personas y dej\u00f3 7.000 heridos<\/a>.<\/p>\n<p>Mensaje de Hezbol\u00e1 al Papa<\/p>\n<p class=\"\">Ante el peso de esta historia, Le\u00f3n XIV ha eludido la pol\u00edtica y ha pronunciado un discurso muy humano, centrado casi en animar a un pueblo exhausto para que no se rinda y busque la paz: \u201cA nuestro alrededor, en casi todo el mundo, parece haber vencido una especie de pesimismo y un sentimiento de impotencia; las personas parecen no ser capaces ni siquiera de preguntarse qu\u00e9 pueden hacer para cambiar el curso de la historia\u201d. El Papa ha subrayado que los libaneses \u201chan sufrido mucho las consecuencias de una econom\u00eda que mata (\u2026), de la radicalizaci\u00f3n de las identidades y de los conflictos, pero siempre han querido y sabido volver a empezar\u201d.<\/p>\n<p class=\"\">El presidente de L\u00edbano, Joseph Aoun, en su intervenci\u00f3n, muy emotiva, le ha asegurado que seguir\u00e1n luchando por la paz: \u201cSanto Padre, le imploramos que diga al mundo que no moriremos, no nos iremos, no desesperaremos, no nos rendiremos. Seguiremos aqu\u00ed, respirando libertad\u201d.<\/p>\n<p class=\"\">Ante la visita del Papa, tanto Hezbol\u00e1 como Israel han lanzado mensajes. La milicia proiran\u00ed ha difundido un largo comunicado en el que da la bienvenida: \u201cAprovechamos esta bendita visita al L\u00edbano para reafirmar nuestro compromiso con la coexistencia pac\u00edfica, la democracia consensuada, la preservaci\u00f3n de la seguridad y la estabilidad internas, y la salvaguardia de nuestra soberan\u00eda nacional, apoyando a nuestro ej\u00e9rcito y pueblo contra cualquier agresi\u00f3n u ocupaci\u00f3n de nuestra tierra y pa\u00eds\u201d. En un pasaje m\u00e1s expl\u00edcito, dirigido a Le\u00f3n XIV, el texto indicaba: \u201cConfiamos en la postura de Su Santidad al rechazar la injusticia y la agresi\u00f3n infligidas a nuestra patria por los invasores sionistas y sus partidarios\u201d.<\/p>\n<p class=\"\">Por su parte, la televisi\u00f3n p\u00fablica de Israel ha informado de que el ej\u00e9rcito israel\u00ed \u201cha ajustado sus procedimientos militares en l\u00ednea con la visita programada del Papa a Beirut\u201d. En la pr\u00e1ctica, se puede interpretar como que en los dos d\u00edas de visita de Le\u00f3n XIV habr\u00e1 una pausa en las hostilidades.<\/p>\n<p class=\"\">Las relaciones entre la Santa Sede e Israel se han enrarecido en los \u00faltimos meses, sobre todo despu\u00e9s de que el mes pasado el secretario de Estado, el cardenal Pietro Parolin, <a href=\"https:\/\/eur01.safelinks.protection.outlook.com\/?url=https%3A%2F%2Felpais.com%2Finternacional%2F2025-10-07%2Fisrael-replica-al-vaticano-que-sus-criticas-por-la-ofensiva-en-gaza-pueden-minar-los-esfuerzos-por-la-paz.html&amp;data=05%7C02%7CIDominguez%40elpais.es%7C9ed26af978184d11a9df08de3020bf8d%7Cc4fd49f3e15a44d882e2c909735d2e45%7C0%7C0%7C639001114362771581%7CUnknown%7CTWFpbGZsb3d8eyJFbXB0eU1hcGkiOnRydWUsIlYiOiIwLjAuMDAwMCIsIlAiOiJXaW4zMiIsIkFOIjoiTWFpbCIsIldUIjoyfQ%3D%3D%7C0%7C%7C%7C&amp;sdata=9dNmHZZScjl3rDx59xBMYh2Ei93y8jzpPFni8NHLMwA%3D&amp;reserved=0\" rel=\"nofollow noopener\" title=\"Direcci\u00f3n URL original: https:\/\/elpais.com\/internacional\/2025-10-07\/israel-replica-al-vaticano-que-sus-criticas-por-la-ofensiva-en-gaza-pueden-minar-los-esfuerzos-por-la-paz.html. Haga clic o pulse si conf\u00eda en este v\u00ednculo.\" target=\"_blank\">calificara la ofensiva en Gaza de \u201ccarnicer\u00eda\u201d<\/a>. En teor\u00eda, el di\u00e1logo parec\u00eda haberse restablecido tras la gelidez que se hab\u00eda impuesto durante el mandato de Francisco. Con la llegada de Le\u00f3n XIV, en mayo, pronto surgieron obst\u00e1culos, como <a href=\"https:\/\/elpais.com\/internacional\/2025-07-17\/el-ataque-de-israel-a-la-unica-iglesia-catolica-de-gaza-mata-a-dos-mujeres.html\" target=\"_self\" rel=\"nofollow noopener\" title=\"https:\/\/elpais.com\/internacional\/2025-07-17\/el-ataque-de-israel-a-la-unica-iglesia-catolica-de-gaza-mata-a-dos-mujeres.html\">el ataque israel\u00ed a la parroquia cat\u00f3lica de Gaza del pasado mes de julio, que caus\u00f3 tres muertos y nueve heridos<\/a>. Parolin dijo entonces que se pod\u00eda \u201cleg\u00edtimamente dudar\u201d de que hubiera sido \u201cverdaderamente un error\u201d.<\/p>\n<p class=\"\">En el silencio moment\u00e1neo de las armas que puede vivir L\u00edbano durante los dos d\u00edas de la visita papal, Le\u00f3n XIV llam\u00f3 al \u201carduo camino de la reconciliaci\u00f3n\u201d. \u201cHay heridas personales y colectivas que requieren largos a\u00f1os, a veces generaciones enteras, para poder sanar. Si no se curan, si no se trabaja, por ejemplo, en la sanaci\u00f3n de la memoria, en un acercamiento entre quienes han sufrido agravios e injusticias, es dif\u00edcil avanzar hacia la paz\u201d, ha se\u00f1alado.<\/p>\n<p>Elogios para Turqu\u00eda<\/p>\n<p class=\"\">En su breve rueda de prensa en el avi\u00f3n, el Papa tambi\u00e9n se ha referido a la guerra de Ucrania, en la que ha destacado el papel mediador que puede desempe\u00f1ar Turqu\u00eda: \u201cYa hace unos meses el presidente Erdogan <a href=\"https:\/\/elpais.com\/internacional\/2025-05-16\/rusia-y-ucrania-acuerdan-un-intercambio-de-prisioneros-y-se-emplazan-a-seguir-negociando-una-tregua.html\" target=\"_self\" rel=\"nofollow noopener\" title=\"https:\/\/elpais.com\/internacional\/2025-05-16\/rusia-y-ucrania-acuerdan-un-intercambio-de-prisioneros-y-se-emplazan-a-seguir-negociando-una-tregua.html\">ayud\u00f3 mucho a convocar las dos partes<\/a>, con la posibilidad de di\u00e1logo entre Ucrania y Rusia. Todav\u00eda no hemos visto una soluci\u00f3n, por desgracia, pero hoy de nuevo hay propuestas concretas para la paz\u201d. Prevost ha mostrado su esperanza de que el l\u00edder turco \u201cpueda ayudar a promover un di\u00e1logo, un alto el fuego y ver c\u00f3mo resolver este conflicto\u201d.<\/p>\n<p class=\"\">En su di\u00e1logo con la prensa turca, el Pont\u00edfice ha subrayado que Turqu\u00eda \u201ctiene muchas cualidades\u201d para ayudar en la b\u00fasqueda de la paz. \u201cEs un pa\u00eds donde la mayor\u00eda son musulmanes, y los cristianos son una peque\u00f1a minor\u00eda, pero la gente de diferentes religiones es capaz de vivir en paz. Dir\u00eda que es un ejemplo de lo que estamos buscando en todo el mundo, a pesar de las diferencias religiosas, \u00e9tnicas, y muchas otras, la gente puede realmente vivir en paz\u201d, ha reflexionado.<\/p>\n<p class=\"\">En cuanto al balance religioso de la visita en Turqu\u00eda, centrado sobre todo en los encuentros con la Iglesia ortodoxa y el lent\u00edsimo camino hacia la unidad perdida, Le\u00f3n XIV ha dicho que han acordado \u201cfuturos encuentros posibles\u201d. El m\u00e1s importante, aunque lejano, ha adelantado que ser\u00e1 en 2033 en Jerusal\u00e9n. Se cumplir\u00e1n entonces, ha dicho, \u201c2.000 a\u00f1os de la redenci\u00f3n, de la resurrecci\u00f3n de Jesucristo, que evidentemente es un evento que todos los cristianos queremos celebrar\u201d.<\/p>\n","protected":false},"excerpt":{"rendered":"El papa Le\u00f3n XIV ha aterrizado este domingo en L\u00edbano con un mensaje claro dirigido a Israel que&hellip;\n","protected":false},"author":2,"featured_media":263989,"comment_status":"","ping_status":"","sticky":false,"template":"","format":"standard","meta":{"footnotes":""},"categories":[42],"tags":[13241,17,18,38664,68,18690,13,14,11,16295,401,61,62,63,64,387,74,19,20,13831,9,10,15,16,12629,400,35842,12,8584,21,22,65,66,67],"class_list":{"0":"post-263988","1":"post","2":"type-post","3":"status-publish","4":"format-standard","5":"has-post-thumbnail","7":"category-internacional","8":"tag-benjamin-netanyahu","9":"tag-breaking-news","10":"tag-breakingnews","11":"tag-ciudad-del-vaticano","12":"tag-conflicto-arabe-israeli","13":"tag-cristianismo","14":"tag-featured-news","15":"tag-featurednews","16":"tag-headlines","17":"tag-hezbola","18":"tag-iglesia-catolica","19":"tag-internacional","20":"tag-international","21":"tag-international-news","22":"tag-internationalnews","23":"tag-islam","24":"tag-israel","25":"tag-latest-news","26":"tag-latestnews","27":"tag-libano","28":"tag-news","29":"tag-noticias","30":"tag-noticias-destacadas","31":"tag-noticiasdestacadas","32":"tag-papa","33":"tag-papa-leon-xiv","34":"tag-recep-tayyip-erdogan","35":"tag-titulares","36":"tag-turquia","37":"tag-ultimas-noticias","38":"tag-ultimasnoticias","39":"tag-world","40":"tag-world-news","41":"tag-worldnews"},"share_on_mastodon":{"url":"","error":"Validation failed: Text character limit of 500 exceeded"},"_links":{"self":[{"href":"https:\/\/www.europesays.com\/es\/wp-json\/wp\/v2\/posts\/263988","targetHints":{"allow":["GET"]}}],"collection":[{"href":"https:\/\/www.europesays.com\/es\/wp-json\/wp\/v2\/posts"}],"about":[{"href":"https:\/\/www.europesays.com\/es\/wp-json\/wp\/v2\/types\/post"}],"author":[{"embeddable":true,"href":"https:\/\/www.europesays.com\/es\/wp-json\/wp\/v2\/users\/2"}],"replies":[{"embeddable":true,"href":"https:\/\/www.europesays.com\/es\/wp-json\/wp\/v2\/comments?post=263988"}],"version-history":[{"count":0,"href":"https:\/\/www.europesays.com\/es\/wp-json\/wp\/v2\/posts\/263988\/revisions"}],"wp:featuredmedia":[{"embeddable":true,"href":"https:\/\/www.europesays.com\/es\/wp-json\/wp\/v2\/media\/263989"}],"wp:attachment":[{"href":"https:\/\/www.europesays.com\/es\/wp-json\/wp\/v2\/media?parent=263988"}],"wp:term":[{"taxonomy":"category","embeddable":true,"href":"https:\/\/www.europesays.com\/es\/wp-json\/wp\/v2\/categories?post=263988"},{"taxonomy":"post_tag","embeddable":true,"href":"https:\/\/www.europesays.com\/es\/wp-json\/wp\/v2\/tags?post=263988"}],"curies":[{"name":"wp","href":"https:\/\/api.w.org\/{rel}","templated":true}]}}