{"id":263990,"date":"2025-11-30T17:12:13","date_gmt":"2025-11-30T17:12:13","guid":{"rendered":"https:\/\/www.europesays.com\/es\/263990\/"},"modified":"2025-11-30T17:12:13","modified_gmt":"2025-11-30T17:12:13","slug":"r-el-metro-recupera-el-servicio-entre-urduliz-y-plentzia-tras-la-caida-de-un-arbol","status":"publish","type":"post","link":"https:\/\/www.europesays.com\/es\/263990\/","title":{"rendered":"r: El metro recupera el servicio entre Urduliz y Plentzia tras la ca\u00edda de un \u00e1rbol"},"content":{"rendered":"<p><a class=\"v-mdl-ath__fig-a\" href=\"https:\/\/www.elcorreo.com\/autor\/juanma-mallo-90.html\" title=\"Juanma Mallo\" rel=\"nofollow noopener\" target=\"_blank\"><br \/>\n<img decoding=\"async\" class=\"v-mdl-ath__img\" src=\"https:\/\/www.europesays.com\/es\/wp-content\/uploads\/2025\/07\/autor-90-foto-2.jpeg\" alt=\"Juanma Mallo\"\/><br \/>\n<\/a><\/p>\n<p class=\"v-mdl-ath__p v-mdl-ath__p--6\">\nDomingo, 30 de noviembre 2025, 14:33<\/p>\n<p>| Actualizado 14:54h.<\/p>\n<p class=\"v-p\">El servicio de metro en la l\u00ednea 1 ha recuperado la normalidad. Durante poco menos de una hora y media, los trenes no llegaban hasta Plentzia, se quedaban en Urduliz, por la ca\u00edda de un \u00e1rbol a la v\u00edas. Sin embargo, personal de Metro Bilbao ha acudido al lugar para retirar el objetivo y restablecer el funcionamiento de los convoyes. <\/p>\n<p class=\"v-p\">La aver\u00eda, seg\u00fan fuentes del suburbano, ha comenzado a las 13.31 horas y se ha dado por finalizada sobre las 14.50. El personal de Metro Bilbao desplazado al lugar ha retirado el \u00e1rbol y se ha reanudado el servicio con normalidad. <\/p>\n<p class=\"v-p \">\nLa redacci\u00f3n de EL CORREO trabaja en estos momentos para actualizar y completar esta informaci\u00f3n.\n<\/p>\n<p class=\"v-p \">\nEL CORREO+ Disfruta de una experiencia \u00fanica y navega sin l\u00edmites por nuestra web. Suscr\u00edbete<br \/>\n<a href=\"https:\/\/areapersonal.elcorreo.com\/suscripcion\/\" rel=\"nofollow noopener\" target=\"_blank\"><br \/>\naqu\u00ed<br \/>\n<\/a><br \/>\n.\n<\/p>\n<p>Reporta un error<\/p>\n","protected":false},"excerpt":{"rendered":"Domingo, 30 de noviembre 2025, 14:33 | Actualizado 14:54h. El servicio de metro en la l\u00ednea 1 ha&hellip;\n","protected":false},"author":2,"featured_media":263991,"comment_status":"","ping_status":"","sticky":false,"template":"","format":"standard","meta":{"footnotes":""},"categories":[8],"tags":[17,18,25,24,13,14,11,19,20,14236,9,10,15,16,65595,3041,595,23,12,21,22,65594],"class_list":{"0":"post-263990","1":"post","2":"type-post","3":"status-publish","4":"format-standard","5":"has-post-thumbnail","7":"category-espana","8":"tag-breaking-news","9":"tag-breakingnews","10":"tag-es","11":"tag-espana","12":"tag-featured-news","13":"tag-featurednews","14":"tag-headlines","15":"tag-latest-news","16":"tag-latestnews","17":"tag-metro","18":"tag-news","19":"tag-noticias","20":"tag-noticias-destacadas","21":"tag-noticiasdestacadas","22":"tag-plentzia","23":"tag-queda","24":"tag-servicio","25":"tag-spain","26":"tag-titulares","27":"tag-ultimas-noticias","28":"tag-ultimasnoticias","29":"tag-urduliz"},"share_on_mastodon":{"url":"https:\/\/pubeurope.com\/@es\/115639769796588145","error":""},"_links":{"self":[{"href":"https:\/\/www.europesays.com\/es\/wp-json\/wp\/v2\/posts\/263990","targetHints":{"allow":["GET"]}}],"collection":[{"href":"https:\/\/www.europesays.com\/es\/wp-json\/wp\/v2\/posts"}],"about":[{"href":"https:\/\/www.europesays.com\/es\/wp-json\/wp\/v2\/types\/post"}],"author":[{"embeddable":true,"href":"https:\/\/www.europesays.com\/es\/wp-json\/wp\/v2\/users\/2"}],"replies":[{"embeddable":true,"href":"https:\/\/www.europesays.com\/es\/wp-json\/wp\/v2\/comments?post=263990"}],"version-history":[{"count":0,"href":"https:\/\/www.europesays.com\/es\/wp-json\/wp\/v2\/posts\/263990\/revisions"}],"wp:featuredmedia":[{"embeddable":true,"href":"https:\/\/www.europesays.com\/es\/wp-json\/wp\/v2\/media\/263991"}],"wp:attachment":[{"href":"https:\/\/www.europesays.com\/es\/wp-json\/wp\/v2\/media?parent=263990"}],"wp:term":[{"taxonomy":"category","embeddable":true,"href":"https:\/\/www.europesays.com\/es\/wp-json\/wp\/v2\/categories?post=263990"},{"taxonomy":"post_tag","embeddable":true,"href":"https:\/\/www.europesays.com\/es\/wp-json\/wp\/v2\/tags?post=263990"}],"curies":[{"name":"wp","href":"https:\/\/api.w.org\/{rel}","templated":true}]}}