{"id":263992,"date":"2025-11-30T17:13:11","date_gmt":"2025-11-30T17:13:11","guid":{"rendered":"https:\/\/www.europesays.com\/es\/263992\/"},"modified":"2025-11-30T17:13:11","modified_gmt":"2025-11-30T17:13:11","slug":"abre-al-publico-el-gran-belen-monumental-de-la-gal-de-250-metros-cuadrados","status":"publish","type":"post","link":"https:\/\/www.europesays.com\/es\/263992\/","title":{"rendered":"Abre al p\u00fablico el Gran Bel\u00e9n Monumental de la Gal de 250 metros cuadrados"},"content":{"rendered":"<p><strong>El pr\u00f3ximo s\u00e1bado, 6 de diciembre, abrir\u00e1 sus puertas el Bel\u00e9n tradicional en el Antiguo Hospital de Santa Mar\u00eda La Rica<\/strong><\/p>\n<p>Alcal\u00e1 de Henares, 30-noviembre-2025.- Los concejales Antonio Salda\u00f1a y Antonio Pe\u00f1alver han participado esta ma\u00f1ana en la inauguraci\u00f3n por parte de la Asociaci\u00f3n Complutense de Belenistas en la inauguraci\u00f3n del Gran Bel\u00e9n Monumental de la Gal, un impresionante montaje de 250 metros cuadrados.<\/p>\n<p>Salda\u00f1a ha aprovechado la ocasi\u00f3n para felicitar a los miembros de la Asociaci\u00f3n \u201cporque, aunque parezca imposible, cada Navidad os super\u00e1is \u2013ha afirmado-, y este a\u00f1o es especialmente significativo porque cumpl\u00eds vuestro XXX aniversario\u201d.\u00a0<\/p>\n<p>Este a\u00f1o destaca una nueva reconstrucci\u00f3n de la ciudad de Bel\u00e9n y la incorporaci\u00f3n de una cabalgata de los Reyes Magos, realizada con gran detalle. Adem\u00e1s, se inaugura por primera vez un Bel\u00e9n napolitano totalmente artesanal, creado por los propios socios de la Asociaci\u00f3n: figuras, vestuario y escenograf\u00eda incluidos.<\/p>\n<p>El horario ser\u00e1 el habitual de 12:00 a 14:00 horas por la ma\u00f1ana y de 17:30 a 20:30 horas por las tardes. Se concertar\u00e1n visitas para los centros educativos de 10:00 a 12:00 horas y para centros de mayores de 12:00 a 14:00 horas.<\/p>\n<p><strong>Un nuevo Bel\u00e9n en Santa Mar\u00eda la Rica a partir del 6 de diciembre <\/strong><\/p>\n<p>Este a\u00f1o como novedad, y tras veinticinco a\u00f1os instalados en la Casa de la Entrevista, la Asociaci\u00f3n traslada su tradicional Bel\u00e9n a Santa Mar\u00eda la Rica. La muestra podr\u00e1 visitarse del 6 de diciembre al 4 de enero.<\/p>\n<p>El Bel\u00e9n, de tama\u00f1o algo m\u00e1s reducido, pero estrictamente fiel a la arqueolog\u00eda y la historia, reproducir\u00e1 con gran precisi\u00f3n c\u00f3mo debi\u00f3 ser la ciudad de Bel\u00e9n en la \u00e9poca del nacimiento de Jes\u00fas. Ser\u00e1 un Bel\u00e9n a cuatro caras, manteniendo el formato que tanto gusta al p\u00fablico.<\/p>\n<p>Junto a \u00e9l se presentar\u00e1 una exposici\u00f3n con motivo del 30\u00ba aniversario de la Asociaci\u00f3n, con una retrospectiva de su trayectoria y una mirada a los pr\u00f3ximos a\u00f1os.<\/p>\n<p><strong>\u00a0<\/strong><\/p>\n","protected":false},"excerpt":{"rendered":"El pr\u00f3ximo s\u00e1bado, 6 de diciembre, abrir\u00e1 sus puertas el Bel\u00e9n tradicional en el Antiguo Hospital de Santa&hellip;\n","protected":false},"author":2,"featured_media":263993,"comment_status":"","ping_status":"","sticky":false,"template":"","format":"standard","meta":{"footnotes":""},"categories":[5],"tags":[16155,65596,12634,65597,17,18,25,24,13,14,11,19,20,9,10,15,16,23,12,21,22],"class_list":{"0":"post-263992","1":"post","2":"type-post","3":"status-publish","4":"format-standard","5":"has-post-thumbnail","7":"category-titulares","8":"tag-alcala","9":"tag-antonio-penalver","10":"tag-antonio-saldana","11":"tag-belen-monumental-de-gal","12":"tag-breaking-news","13":"tag-breakingnews","14":"tag-es","15":"tag-espana","16":"tag-featured-news","17":"tag-featurednews","18":"tag-headlines","19":"tag-latest-news","20":"tag-latestnews","21":"tag-news","22":"tag-noticias","23":"tag-noticias-destacadas","24":"tag-noticiasdestacadas","25":"tag-spain","26":"tag-titulares","27":"tag-ultimas-noticias","28":"tag-ultimasnoticias"},"share_on_mastodon":{"url":"https:\/\/pubeurope.com\/@es\/115639773018802079","error":""},"_links":{"self":[{"href":"https:\/\/www.europesays.com\/es\/wp-json\/wp\/v2\/posts\/263992","targetHints":{"allow":["GET"]}}],"collection":[{"href":"https:\/\/www.europesays.com\/es\/wp-json\/wp\/v2\/posts"}],"about":[{"href":"https:\/\/www.europesays.com\/es\/wp-json\/wp\/v2\/types\/post"}],"author":[{"embeddable":true,"href":"https:\/\/www.europesays.com\/es\/wp-json\/wp\/v2\/users\/2"}],"replies":[{"embeddable":true,"href":"https:\/\/www.europesays.com\/es\/wp-json\/wp\/v2\/comments?post=263992"}],"version-history":[{"count":0,"href":"https:\/\/www.europesays.com\/es\/wp-json\/wp\/v2\/posts\/263992\/revisions"}],"wp:featuredmedia":[{"embeddable":true,"href":"https:\/\/www.europesays.com\/es\/wp-json\/wp\/v2\/media\/263993"}],"wp:attachment":[{"href":"https:\/\/www.europesays.com\/es\/wp-json\/wp\/v2\/media?parent=263992"}],"wp:term":[{"taxonomy":"category","embeddable":true,"href":"https:\/\/www.europesays.com\/es\/wp-json\/wp\/v2\/categories?post=263992"},{"taxonomy":"post_tag","embeddable":true,"href":"https:\/\/www.europesays.com\/es\/wp-json\/wp\/v2\/tags?post=263992"}],"curies":[{"name":"wp","href":"https:\/\/api.w.org\/{rel}","templated":true}]}}