{"id":263996,"date":"2025-11-30T17:21:08","date_gmt":"2025-11-30T17:21:08","guid":{"rendered":"https:\/\/www.europesays.com\/es\/263996\/"},"modified":"2025-11-30T17:21:08","modified_gmt":"2025-11-30T17:21:08","slug":"real-madrid-canarias-gran-canaria-zaragoza-unicaja-y-manresa-a-la-minicopa","status":"publish","type":"post","link":"https:\/\/www.europesays.com\/es\/263996\/","title":{"rendered":"Real Madrid, Canarias, Gran Canaria, Zaragoza, Unicaja y Manresa, a la MiniCopa"},"content":{"rendered":"<p data-gtm-element-container=\"modulo-texto-link\" class=\"paragraph\">La <strong>fase previa de la MiniCopa ACB<\/strong> disputada este fin de semana en Valencia ha supuesto la <strong>clasificaci\u00f3n para el torneo<\/strong> del Real Madrid, Cajasiete Fundaci\u00f3n CB Canarias, Tirma Gran Canaria, Casademont Zaragoza, Unicaja y el Occident B\u00e0squet Manresa.<\/p>\n<p data-gtm-element-container=\"modulo-texto-link\" class=\"paragraph\">Estos seis equipos completar\u00e1n<strong> junto al Barcelona<\/strong>, como vigente campe\u00f3n, y al <strong>Valencia Basket<\/strong>, como anfitri\u00f3n, <strong>el torneo infantil de ocho conjuntos <\/strong>que se disputar\u00e1 de manera <strong>paralela a la Copa del Rey <\/strong>que se disputar\u00e1 en febrero en el Roig Arena.<\/p>\n<p data-gtm-element-container=\"modulo-texto-link\" class=\"paragraph\">Los diecis\u00e9is equipos de las categor\u00edas inferiores de los clubes que conforman esta campa\u00f1a la Liga Endesa junto al Bar\u00e7a y al Valencia participaron desde el viernes en un torneo en el que fueron divididos en cuatro grupos de cuatro.<\/p>\n<p data-gtm-element-container=\"modulo-texto-link\" class=\"paragraph\">El <strong>Real Madrid, el Canarias tinerfe\u00f1o, el Gran Canaria y el Zaragoza<\/strong> certificaron el s\u00e1bado su<strong> clasificaci\u00f3n como primeros de sus grupos<\/strong>, mientras que este domingo el <strong>Unicaja <\/strong>lo hizo al ganar al UCAM Murcia la primera repesca y el <strong>Manresa <\/strong>al vencer en una apretada segunda \u2018final\u2019 al Joventut, <strong>disputadas ambas ante m\u00e1s de mil espectadores<\/strong>. Esos cuatro equipos hab\u00edan sido los segundos de sus grupos.<\/p>\n<p data-gtm-element-container=\"modulo-texto-link\" class=\"paragraph\">El torneo se jug\u00f3 entre dos pistas de L\u2019Alqueria del Basket y el pabell\u00f3n municipal de la Fonteta, que acogi\u00f3 este domingo las dos \u2018finales\u2019 por las \u00faltimas dos plazas en juego as\u00ed como la entrega de medallas.<\/p>\n","protected":false},"excerpt":{"rendered":"La fase previa de la MiniCopa ACB disputada este fin de semana en Valencia ha supuesto la clasificaci\u00f3n&hellip;\n","protected":false},"author":2,"featured_media":263997,"comment_status":"","ping_status":"","sticky":false,"template":"","format":"standard","meta":{"footnotes":""},"categories":[269],"tags":[299,298,168,25,24,23,167],"class_list":{"0":"post-263996","1":"post","2":"type-post","3":"status-publish","4":"format-standard","5":"has-post-thumbnail","7":"category-baloncesto","8":"tag-baloncesto","9":"tag-basketball","10":"tag-deportes","11":"tag-es","12":"tag-espana","13":"tag-spain","14":"tag-sports"},"share_on_mastodon":{"url":"https:\/\/pubeurope.com\/@es\/115639804608262795","error":""},"_links":{"self":[{"href":"https:\/\/www.europesays.com\/es\/wp-json\/wp\/v2\/posts\/263996","targetHints":{"allow":["GET"]}}],"collection":[{"href":"https:\/\/www.europesays.com\/es\/wp-json\/wp\/v2\/posts"}],"about":[{"href":"https:\/\/www.europesays.com\/es\/wp-json\/wp\/v2\/types\/post"}],"author":[{"embeddable":true,"href":"https:\/\/www.europesays.com\/es\/wp-json\/wp\/v2\/users\/2"}],"replies":[{"embeddable":true,"href":"https:\/\/www.europesays.com\/es\/wp-json\/wp\/v2\/comments?post=263996"}],"version-history":[{"count":0,"href":"https:\/\/www.europesays.com\/es\/wp-json\/wp\/v2\/posts\/263996\/revisions"}],"wp:featuredmedia":[{"embeddable":true,"href":"https:\/\/www.europesays.com\/es\/wp-json\/wp\/v2\/media\/263997"}],"wp:attachment":[{"href":"https:\/\/www.europesays.com\/es\/wp-json\/wp\/v2\/media?parent=263996"}],"wp:term":[{"taxonomy":"category","embeddable":true,"href":"https:\/\/www.europesays.com\/es\/wp-json\/wp\/v2\/categories?post=263996"},{"taxonomy":"post_tag","embeddable":true,"href":"https:\/\/www.europesays.com\/es\/wp-json\/wp\/v2\/tags?post=263996"}],"curies":[{"name":"wp","href":"https:\/\/api.w.org\/{rel}","templated":true}]}}