{"id":264004,"date":"2025-11-30T17:27:21","date_gmt":"2025-11-30T17:27:21","guid":{"rendered":"https:\/\/www.europesays.com\/es\/264004\/"},"modified":"2025-11-30T17:27:21","modified_gmt":"2025-11-30T17:27:21","slug":"shakira-reacciona-a-cover-que-dua-lipa-hizo-de-su-cancion-antologia-tv-y-espectaculo","status":"publish","type":"post","link":"https:\/\/www.europesays.com\/es\/264004\/","title":{"rendered":"Shakira reacciona a cover que Dua Lipa hizo de su canci\u00f3n \u00abAntolog\u00eda\u00bb | TV y Espect\u00e1culo"},"content":{"rendered":"<p>                                        ENVIAR<\/p>\n<p>                                            <img decoding=\"async\" src=\"https:\/\/www.europesays.com\/es\/wp-content\/uploads\/2025\/07\/ajax-loader.gif\"\/><br \/>\n                                            Enviando correcci\u00f3n, espere un momento&#8230;<\/p>\n<p>                                                \u00d7<\/p>\n<p>                                            <strong>Por favor complete todos los campos y haga check para certificar la veracidad de los datos antes de enviar la correccion.<\/strong>\n                                        <\/p>\n<p>                                                \u00d7<\/p>\n<p>                                            <strong>Por favor ingrese en e-mail valido.<\/strong>\n                                        <\/p>\n<p>                                                \u00d7<\/p>\n<p>Su mensaje fue enviado \u00a1exitosamente!<\/p>\n<p>Atenderemos su correci\u00f3n cuanto antes<\/p>\n<p>            TV y Espect\u00e1culo<\/p>\n<p>            &gt;<\/p>\n<p>     Noticia<\/p>\n<p>Domingo 30 noviembre de 2025 | 13:00<\/p>\n<p>        <img decoding=\"async\" src=\"https:\/\/www.europesays.com\/es\/wp-content\/uploads\/2025\/11\/1764523636_777_2.jpg\" alt=\"\"\/><\/p>\n<p>            <img decoding=\"async\" src=\"https:\/\/www.europesays.com\/es\/wp-content\/uploads\/2025\/11\/1764523636_777_2.jpg\" alt=\"Foto autor\"\/><\/p>\n<p>        <img decoding=\"async\" src=\"https:\/\/www.europesays.com\/es\/wp-content\/uploads\/2025\/11\/1764523636_777_2.jpg\" alt=\"Foto autor\"\/><\/p>\n<p>            <img decoding=\"async\" class=\"post-image-principal\" src=\"https:\/\/www.europesays.com\/es\/wp-content\/uploads\/2025\/11\/shakira-dua-lipa.png\" alt=\"Shakira reaccion\u00f3 a interpretaci\u00f3n de Dua Lipa de su canci\u00f3n Antolog\u00eda\"\/><\/p>\n<p>            <a href=\"https:\/\/media.biobiochile.cl\/wp-content\/uploads\/2025\/11\/social-shakira-dua-lipa.png\" target=\"_blank\" rel=\"nofollow noopener\"><\/p>\n<p>            <\/a><\/p>\n<p>                    Archivo | Agencia Uno<\/p>\n<p>                 visitas\n            <\/p>\n<p>                            <img decoding=\"async\" class=\"imagen-icon\" src=\"https:\/\/www.europesays.com\/es\/wp-content\/uploads\/2025\/07\/icon.png\"\/><br \/>\n                             VER RESUMEN<\/p>\n<p>                                Resumen generado con una herramienta de Inteligencia Artificial desarrollada por BioBioChile y revisado por el autor de\u00a0este art\u00edculo.<\/p>\n<p>La estrella colombiana Shakira agradeci\u00f3 a Dua Lipa por interpretar su tema \u00abAntolog\u00eda\u00bb durante un concierto en Bogot\u00e1. La brit\u00e1nica albanesa eligi\u00f3 este \u00e9xito de 1995 como parte de su gira, emocionando a Shakira, quien expres\u00f3 su gratitud en redes sociales. Dua Lipa tambi\u00e9n respondi\u00f3 al gesto de la colombiana, declarando su amor y destacando la conexi\u00f3n que la m\u00fasica crea entre diferentes culturas. <\/p>\n<p>La estrella colombiana <strong>Shakira<\/strong> reaccion\u00f3 a la interpretaci\u00f3n que hizo <strong>Dua Lipa<\/strong> de su tema \u201cAntolog\u00eda\u201d, durante un concierto en Bogot\u00e1.<\/p>\n<p>Recordemos que la cantante brit\u00e1nica albanesa interpreta una canci\u00f3n famosa local en cada fecha de su gira, y en el realizado en Colombia eligi\u00f3 el recordado \u00e9xito de 1995. <\/p>\n<p>\u201cHoy quiero cantar una canci\u00f3n que no canto much\u00edsimo, pero es de una artista que me inspira much\u00edsimo. Su m\u00fasica, a trav\u00e9s del tiempo y por la manera en que ha tocado tantas mentes y corazones alrededor del mundo\u2026\u201d, dijo Dua Lipa al p\u00fablico.<\/p>\n<p>\u201cCreo que todos ustedes pueden ayudarme a cantar la siguiente canci\u00f3n. Si la conoces, esto es para ti\u201d, a\u00f1adi\u00f3 antes de comenzar a entonar la canci\u00f3n de Shakira.<\/p>\n<p>Reacci\u00f3n de Shakira<\/p>\n<p>Al enterarse de este momento -ya viral en redes sociales- Shakira us\u00f3 sus redes sociales para expresar su emoci\u00f3n y agradecimiento por el homenaje.<\/p>\n<p>\u201cMe emociona mucho escuchar mi canci\u00f3n en la voz de Dua, en la misma ciudad donde la escrib\u00ed hace a\u00f1os. \u00bfVes c\u00f3mo la m\u00fasica nos une? \u00a1Una chica de Londres y otra de Barranquilla! \u00a1Gracias, @dualipa! \u00a1Qu\u00e9 regalo!\u201d, escribi\u00f3 la colombiana. <\/p>\n<p>Dua Lipa no tard\u00f3 en responderle, tambi\u00e9n p\u00fablicamente. \u201cFue una noche hermosa y me encant\u00f3 cantar tu canci\u00f3n. \u00a1Te amo!\u201d, manifest\u00f3 la brit\u00e1nica. <\/p>\n<blockquote class=\"instagram-media\" data-instgrm-captioned=\"\" data-instgrm-permalink=\"https:\/\/www.instagram.com\/reel\/DRpnJ_bDqpj\/?utm_source=ig_embed&amp;utm_campaign=loading\" data-instgrm-version=\"14\" style=\" background:#FFF; border:0; border-radius:3px; box-shadow:0 0 1px 0 rgba(0,0,0,0.5),0 1px 10px 0 rgba(0,0,0,0.15); margin: 1px; max-width:540px; min-width:326px; padding:0; width:99.375%; width:-webkit-calc(100% - 2px); width:calc(100% - 2px);\">\n<\/blockquote>\n<p>Recordemos que en su paso por Chile el 11 y 12 de noviembre pasado, Dua Lipa interpret\u00f3 las canciones \u201cTu falta de querer\u201d de Mon Laferte, y luego, al d\u00eda siguiente \u201cEl Duelo\u201d, de la Ley.<\/p>\n<p class=\"google-text\">S\u00edguenos en Google News:<\/p>\n<p>                <a href=\"https:\/\/news.google.com\/publications\/CAAqBwgKMOnRrQsw9tzFAw?hl=es-419&amp;gl=CL&amp;ceid=CL%3Aes-419\" target=\"_blank\" rel=\"nofollow noopener\"><br \/>\n                    <img decoding=\"async\" src=\"https:\/\/www.europesays.com\/es\/wp-content\/uploads\/2025\/07\/logo_google_news.png\" alt=\"Logo Google News\"\/><br \/>\n                <\/a><\/p>\n<p>Suscr\u00edbete en nuestro canal de Whatsapp:<\/p>\n<p>                <a href=\"https:\/\/whatsapp.com\/channel\/0029Va59o6M2kNFwxfIND617\" target=\"_blank\" rel=\"nofollow noopener\"><br \/>\n                    <img decoding=\"async\" src=\"https:\/\/www.europesays.com\/es\/wp-content\/uploads\/2025\/07\/logo_whatsapp.png\" alt=\"Logo WhatsApp\"\/><br \/>\n                <\/a><\/p>\n<p>Suscr\u00edbete en nuestro canal de Youtube:<\/p>\n<p>                <a href=\"https:\/\/www.youtube.com\/@BioBioChile\" target=\"_blank\" rel=\"nofollow noopener\"><br \/>\n                    <img decoding=\"async\" src=\"https:\/\/www.europesays.com\/es\/wp-content\/uploads\/2025\/07\/logo_youtube.png\" alt=\"Logo Youtube\"\/><br \/>\n                <\/a><\/p>\n<p>    <a href=\"https:\/\/www.biobiochile.cl\/newsletter\/\" rel=\"nofollow noopener\" target=\"_blank\"><br \/>\n        <img decoding=\"async\" class=\"w-100 my-3\" src=\"https:\/\/www.europesays.com\/es\/wp-content\/uploads\/2025\/07\/escritorio-nota.png\"\/><br \/>\n    <\/a>    <\/p>\n<p>\n  primary:<br \/>\n  espectaculos-y-tv<br \/>\n  espectaculos\n<\/p>\n<p>                    <script async src=\"\/\/www.instagram.com\/embed.js\"><\/script><\/p>\n","protected":false},"excerpt":{"rendered":"ENVIAR Enviando correcci\u00f3n, espere un momento&#8230; \u00d7 Por favor complete todos los campos y haga check para certificar&hellip;\n","protected":false},"author":2,"featured_media":264005,"comment_status":"","ping_status":"","sticky":false,"template":"","format":"standard","meta":{"footnotes":""},"categories":[170],"tags":[8021,12502,65598,14008,30757,146,147,25,24,4536,7228,55866,184,185,10140,12504,23],"class_list":{"0":"post-264004","1":"post","2":"type-post","3":"status-publish","4":"format-standard","5":"has-post-thumbnail","7":"category-musica","8":"tag-antologia","9":"tag-barranquilla","10":"tag-concierto-bogota","11":"tag-dua-lipa","12":"tag-el-duelo","13":"tag-entertainment","14":"tag-entretenimiento","15":"tag-es","16":"tag-espana","17":"tag-instagram","18":"tag-londres","19":"tag-mon-laferte","20":"tag-music","21":"tag-musica","22":"tag-seleccion-tendencias","23":"tag-shakira","24":"tag-spain"},"share_on_mastodon":{"url":"https:\/\/pubeurope.com\/@es\/115639828737421355","error":""},"_links":{"self":[{"href":"https:\/\/www.europesays.com\/es\/wp-json\/wp\/v2\/posts\/264004","targetHints":{"allow":["GET"]}}],"collection":[{"href":"https:\/\/www.europesays.com\/es\/wp-json\/wp\/v2\/posts"}],"about":[{"href":"https:\/\/www.europesays.com\/es\/wp-json\/wp\/v2\/types\/post"}],"author":[{"embeddable":true,"href":"https:\/\/www.europesays.com\/es\/wp-json\/wp\/v2\/users\/2"}],"replies":[{"embeddable":true,"href":"https:\/\/www.europesays.com\/es\/wp-json\/wp\/v2\/comments?post=264004"}],"version-history":[{"count":0,"href":"https:\/\/www.europesays.com\/es\/wp-json\/wp\/v2\/posts\/264004\/revisions"}],"wp:featuredmedia":[{"embeddable":true,"href":"https:\/\/www.europesays.com\/es\/wp-json\/wp\/v2\/media\/264005"}],"wp:attachment":[{"href":"https:\/\/www.europesays.com\/es\/wp-json\/wp\/v2\/media?parent=264004"}],"wp:term":[{"taxonomy":"category","embeddable":true,"href":"https:\/\/www.europesays.com\/es\/wp-json\/wp\/v2\/categories?post=264004"},{"taxonomy":"post_tag","embeddable":true,"href":"https:\/\/www.europesays.com\/es\/wp-json\/wp\/v2\/tags?post=264004"}],"curies":[{"name":"wp","href":"https:\/\/api.w.org\/{rel}","templated":true}]}}