{"id":264006,"date":"2025-11-30T17:28:12","date_gmt":"2025-11-30T17:28:12","guid":{"rendered":"https:\/\/www.europesays.com\/es\/264006\/"},"modified":"2025-11-30T17:28:12","modified_gmt":"2025-11-30T17:28:12","slug":"tom-holland-podria-quedarse-sin-interpretar-al-gran-bailarin-de-hollywood","status":"publish","type":"post","link":"https:\/\/www.europesays.com\/es\/264006\/","title":{"rendered":"Tom Holland podr\u00eda quedarse sin interpretar al gran bailar\u00edn de Hollywood"},"content":{"rendered":"<p class=\"c-paragraph\"><b\/>Fue alrededor de 2021 cuando se dio un gran esfuerzo en la industria por llevar la vida de <b>Fred Astaire <\/b>al cine. El guionista involucrado era <b>Lee Hall<\/b> y, como era el responsable del guion de <b>Rocketman<\/b> (otro biopic, este sobre la vida de<b> Elton John<\/b>), fue inevitable que a muchos se le pusieran los dientes largos. Sobre todo cuando m\u00e1s tarde fue vinculado al proyecto <b>Paul King <\/b>(director de dos aclamadas entregas de<b> Paddington <\/b>y de otro biopic musical, aunque este sobre una figura ficticia como <b>Wonka<\/b>).<\/p>\n<p class=\"c-paragraph\">Una vez se le ofreci\u00f3 al proyecto a <b>Tom Holland<\/b>, la pel\u00edcula dedicada a Astaire se consolid\u00f3 como el biopic m\u00e1s esperado de un Hollywood cada vez m\u00e1s encaprichado con este g\u00e9nero\u2026 aunque hubiera a\u00fan varios obst\u00e1culos que superar.\u00a0 \u201cEstamos trabajando en ello como si fuera a suceder\u201d, lleg\u00f3 a decir Holland sobre el proyecto, afirmando su confianza en que se rodara <b>a lo largo de 2024.<\/b> Pero esto nunca lleg\u00f3 a suceder.<\/p>\n<p class=\"c-paragraph\">Mientras se rumorea que el elenco podr\u00eda incorporar a<b> Isabelle Huppert <\/b>o <b>Emma Stone<\/b> (como la madre y la esposa de Astaire, respectivamente), la pel\u00edcula no ha avanzado, y ha empezado a cundir la alarma en la industria. Ahora <a href=\"https:\/\/www.tmz.com\/2025\/11\/14\/fred-astaire-widow-does-not-approve-biopic-tom-holland\/\" rel=\"nofollow noreferrer noopener\" target=\"_blank\">TMZ<\/a> se hace eco de una carta que le habr\u00edan enviado a <b>Amy Pascal<\/b>, productora que quiere sacar la pel\u00edcula adelante junto a<b> Sony<\/b>, y gracias a ella sabemos que los obst\u00e1culos del biopic son legales.<\/p>\n<p class=\"c-paragraph\">B\u00e1sicamente, ni la viuda de Astaire ni sus herederos han dado su consentimiento para que la pel\u00edcula salga adelante. Y no se lo han dado porque Astaire, al parecer, no quer\u00eda que su vida fuera inmortalizada en biopic de ning\u00fan tipo. \u201cFred dej\u00f3 claro en su testamento que <b>no quer\u00eda<\/b> que su historia se representara en la gran pantalla\u201d, afirma Robyn Astaire, viuda del actor. Ella<b> \u201crespeta y defiende plenamente esos deseos\u201d<\/b>, as\u00ed que no puede apoyar este biopic.<\/p>\n<p class=\"c-paragraph\"><b>Robyn Astaire<\/b> amenaza con emprender acciones legales si Sony persiste en su empe\u00f1o de hacer la pel\u00edcula, con lo que ahora mismo el proyecto ha entrado en un limbo que pinta muy feo.\u00a0Como sabemos, Astaire es una leyenda del Hollywood cl\u00e1sico, gracias a su participaci\u00f3n en m\u00faltiples musicales hist\u00f3ricos.\u00a0<\/p>\n<p class=\"c-paragraph\">Junto a<b> Ginger Rogers<\/b> protagoniz\u00f3 varias comedias muy exitosas en los a\u00f1os 30 (empezando por <b>Sombrero de copa<\/b>), y en una fase m\u00e1s tard\u00eda de su carrera sigui\u00f3 acumulando cl\u00e1sicos como<b> <\/b><b>Melod\u00edas de Broadway 1955<\/b> (emparejado con <b>Cyd Charisse<\/b>) o <b>El valle del arco iris<\/b> (dirigida por un jovenc\u00edsimo <b>Francis Ford Coppola<\/b>).<\/p>\n<p class=\"c-paragraph\">Ni Pascal ni Sony han hecho comentarios sobre la aparici\u00f3n de esta carta.<\/p>\n","protected":false},"excerpt":{"rendered":"Fue alrededor de 2021 cuando se dio un gran esfuerzo en la industria por llevar la vida de&hellip;\n","protected":false},"author":2,"featured_media":264007,"comment_status":"","ping_status":"","sticky":false,"template":"","format":"standard","meta":{"footnotes":""},"categories":[169],"tags":[6458,177,146,147,25,24,176,65599,175,23,29418],"class_list":{"0":"post-264006","1":"post","2":"type-post","3":"status-publish","4":"format-standard","5":"has-post-thumbnail","7":"category-cine","8":"tag-biopic","9":"tag-cine","10":"tag-entertainment","11":"tag-entretenimiento","12":"tag-es","13":"tag-espana","14":"tag-film","15":"tag-fred-astaire","16":"tag-movies","17":"tag-spain","18":"tag-tom-holland"},"share_on_mastodon":{"url":"https:\/\/pubeurope.com\/@es\/115639832597584134","error":""},"_links":{"self":[{"href":"https:\/\/www.europesays.com\/es\/wp-json\/wp\/v2\/posts\/264006","targetHints":{"allow":["GET"]}}],"collection":[{"href":"https:\/\/www.europesays.com\/es\/wp-json\/wp\/v2\/posts"}],"about":[{"href":"https:\/\/www.europesays.com\/es\/wp-json\/wp\/v2\/types\/post"}],"author":[{"embeddable":true,"href":"https:\/\/www.europesays.com\/es\/wp-json\/wp\/v2\/users\/2"}],"replies":[{"embeddable":true,"href":"https:\/\/www.europesays.com\/es\/wp-json\/wp\/v2\/comments?post=264006"}],"version-history":[{"count":0,"href":"https:\/\/www.europesays.com\/es\/wp-json\/wp\/v2\/posts\/264006\/revisions"}],"wp:featuredmedia":[{"embeddable":true,"href":"https:\/\/www.europesays.com\/es\/wp-json\/wp\/v2\/media\/264007"}],"wp:attachment":[{"href":"https:\/\/www.europesays.com\/es\/wp-json\/wp\/v2\/media?parent=264006"}],"wp:term":[{"taxonomy":"category","embeddable":true,"href":"https:\/\/www.europesays.com\/es\/wp-json\/wp\/v2\/categories?post=264006"},{"taxonomy":"post_tag","embeddable":true,"href":"https:\/\/www.europesays.com\/es\/wp-json\/wp\/v2\/tags?post=264006"}],"curies":[{"name":"wp","href":"https:\/\/api.w.org\/{rel}","templated":true}]}}