{"id":264008,"date":"2025-11-30T17:29:22","date_gmt":"2025-11-30T17:29:22","guid":{"rendered":"https:\/\/www.europesays.com\/es\/264008\/"},"modified":"2025-11-30T17:29:22","modified_gmt":"2025-11-30T17:29:22","slug":"asencio-baja-para-girona-as-com","status":"publish","type":"post","link":"https:\/\/www.europesays.com\/es\/264008\/","title":{"rendered":"Asencio, baja para Girona &#8211; AS.com"},"content":{"rendered":"<p class=\"\"><b>Asencio no estar\u00e1 en Girona. <\/b>El club apur\u00f3 la convocatoria para apurar sus posibilidades, pero no llega. <b>Contin\u00faa aquejado de una fuerte gastroenteritis y se queda en Madrid.<\/b> Un virus que sigue coleando por Valdebebas: <a href=\"https:\/\/as.com\/futbol\/champions\/courtois-con-gastroenteritis-se-pierde-el-partido-de-olympiacos-f202511-n\/\" target=\"_self\" rel=\"nofollow noopener\" title=\"https:\/\/as.com\/futbol\/champions\/courtois-con-gastroenteritis-se-pierde-el-partido-de-olympiacos-f202511-n\/\"><b>es el mismo que dej\u00f3 a Courtois sin viaje a Atenas<\/b><\/a>. En cualquier caso, no es nada preocupante; <b>Asencio estar\u00e1 en San Mam\u00e9s<\/b>. Pero no en Montilivi, donde se abre el dilema: <b>Carreras o R\u00fcdiger, uno debe acompa\u00f1ar a Militao<\/b>. <\/p>\n<p class=\"\">Todo apunta al primero: <b>el \u2018loco\u2019 lleva dos meses y 23 d\u00edas sin jugar ni un minuto<\/b>. Desde el <b>9 de septiembre<\/b>, en un Alemania-Irlanda del Norte de clasificaci\u00f3n para el Mundial. Tres d\u00edas despu\u00e9s, lesi\u00f3n en Valdebebas:<b> <\/b><a href=\"https:\/\/as.com\/futbol\/rudiger-se-rompe-n\/\" target=\"_self\" rel=\"nofollow noopener\" title=\"https:\/\/as.com\/futbol\/rudiger-se-rompe-n\/\"><b>rotura en el <\/b><b>recto anterior de la pierna izquierda<\/b><\/a>. Se le diagnosticaron entre 10 y 12 semanas de baja. Bingo. Porque han terminado siendo 11. Todo dentro de plazo. <b>Hoy, vuelve a una convocatoria.<\/b><\/p>\n<p><img decoding=\"async\" src=\"https:\/\/www.europesays.com\/es\/wp-content\/uploads\/2025\/11\/AWOAO474SZKJLLRJF555LU56W4.jpg\" alt=\"Asencio, baja para Girona\" height=\"2118\" width=\"3613\"   loading=\"lazy\"\/>R\u00fcdiger golpea bal\u00f3n en un entrenamiento en Valdebebas.JAVIER GANDULSin ritmo deportivo<\/p>\n<p class=\"\"><b>R\u00fcdiger lleva toda la semana trabajando con el grupo, con normalidad.<\/b> Se ausent\u00f3 de Atenas por una cuesti\u00f3n de extremar la precauci\u00f3n, pero est\u00e1 bien. <b>El inconveniente es que est\u00e1 sin ritmo deportivo. <\/b><a href=\"https:\/\/as.com\/futbol\/primera\/asencio-baja-para-girona-f202511-n\/\" target=\"_self\" rel=\"nofollow noopener\" title=\"https:\/\/as.com\/futbol\/primera\/asencio-baja-para-girona-f202511-n\/\"><b>Podr\u00eda tener minutos&#8230; pero ser titular, esa es la cuesti\u00f3n<\/b><\/a><b>.<\/b> La de esta noche es su primera lista desde la lesi\u00f3n. Supondr\u00eda regresar por la puerta grande. Y por necesidad, claro.<\/p>\n<p>Militao acorta plazos<\/p>\n<p class=\"\"><b>De los cinco centrales, s\u00f3lo hay dos disponibles: Militao y R\u00fcdiger. <\/b>Porque tambi\u00e9n regresa <b>\u00c9der<\/b>, aunque su estancia en la enfermer\u00eda ha sido mucho menor: <a href=\"https:\/\/as.com\/futbol\/primera\/militao-lesion-muscular-en-el-aductor-mayor-f202511-n\/\" target=\"_self\" rel=\"nofollow noopener\" title=\"https:\/\/as.com\/futbol\/primera\/militao-lesion-muscular-en-el-aductor-mayor-f202511-n\/\"><b>sufri\u00f3<\/b> <b>una lesi\u00f3n en el aductor mayor de la pierna derecha<\/b><\/a>. Fue el 18 de noviembre, en un Brasil-T\u00fanez. <b>Se le diagnosticaron 15 d\u00edas de baja, pero han terminado siendo 12. <\/b>Un pellizco menos, que supone mucho. Ser\u00e1 <b>titular<\/b> esta noche, \u00e9l est\u00e1 fuera de dudas. <\/p>\n<p><img decoding=\"async\" src=\"https:\/\/www.europesays.com\/es\/wp-content\/uploads\/2025\/11\/AXKQXDIQCVJH3FD267KKKODSPA.jpg\" alt=\"Asencio, baja para Girona\" height=\"2067\" width=\"3101\"   loading=\"lazy\"\/>Carreras y Militao, con Xabi.JESUS ALVAREZ ORIHUELAVuelve Mastantuono<\/p>\n<p class=\"\">Las bajas son <b>Huijsen, con una molestia en la rodilla<\/b> (recibi\u00f3 un fuerte golpe contra el Elche), <b>Alaba, quien arrastra molestias en el s\u00f3leo derecho<\/b> (vienen de atr\u00e1s y no terminan de recuperarse) y ahora, <b>Asencio con gastroenteritis<\/b>. La convocatoria deja la noticia del regreso de <b>Mastantuono<\/b>; a priori, el punto final a su calvario. Han sido cinco meses con <a href=\"https:\/\/as.com\/futbol\/primera\/mastantuono-segundo-asalto-f202511-n\/\" target=\"_self\" rel=\"nofollow noopener\" title=\"https:\/\/as.com\/futbol\/primera\/mastantuono-segundo-asalto-f202511-n\/\"><b>pubalgia<\/b><\/a> (el dolor empez\u00f3 el 22 de junio, en el Mundial de Clubes), pero ya ha desaparecido. <b>Lleva toda la semana entrenando con absoluta normalidad y vuelve a la convocatoria. <\/b>Efectivos de vuelta en una convocatoria herida de centrales. <b>Se cae Asencio: <\/b><a href=\"https:\/\/as.com\/futbol\/primera\/asencio-baja-para-girona-f202511-n\/\" target=\"_self\" rel=\"nofollow noopener\" title=\"https:\/\/as.com\/futbol\/primera\/asencio-baja-para-girona-f202511-n\/\"><b>Carreras o R\u00fcdiger, esa es la cuesti\u00f3n<\/b><\/a><b>.<\/b><\/p>\n<p><img decoding=\"async\" src=\"https:\/\/www.europesays.com\/es\/wp-content\/uploads\/2025\/11\/TRLDI6WEZBJY5AA6VUHNL42NUE.jpg\" alt=\"Asencio, baja para Girona\" height=\"2483\" width=\"4699\"   loading=\"lazy\"\/>Mastantuono, esta semana, entrenando en Valdebebas.JAVIER GANDULConvocatoria ante el Girona<\/p>\n<p class=\"\"><b>Porteros: <\/b>Courtois, Lunin y Mestre<\/p>\n<p class=\"\"><b>Defensas: <\/b>Trent, Militao, R\u00fcdiger, Carreras, Mendy y Fran Garc\u00eda<\/p>\n<p class=\"\"><b>Centrocampistas:<\/b> Tchouameni, Camavinga, Valverde, Bellingham, G\u00fcler y Ceballos<\/p>\n<p class=\"\"><b>Delanteros: <\/b>Mbapp\u00e9, Vinicius, Mastantuono, Rodrygo, Brahim, Gonzalo y Endrick<\/p>\n<p>Noticias relacionadas<a href=\"https:\/\/as.com\/futbol\/champions\/mendy-regresa-rugiendo-f202511-n\/\" class=\"s_m_w\" title=\"Siete meses despu\u00e9s, volvi\u00f3 a jugar al f\u00fatbol. Del 26 de abril, al 26 de noviembre: 214 d\u00edas de ausencia. Buena nota en Atenas: fue el que m\u00e1s recuper\u00f3 y el tercero en ocasiones creadas\" data-tb-link=\"\" rel=\"nofollow noopener\" target=\"_blank\"><img decoding=\"async\" src=\"https:\/\/www.europesays.com\/es\/wp-content\/uploads\/2025\/11\/D6KDCEEWXREDNMJCU5SCEIJTMY.JPG\" alt=\"Mendy regresa rugiendo\" class=\"\" height=\"9\" width=\"16\"   loading=\"lazy\" data-tb-thumbnail=\"\"\/><\/a><a href=\"https:\/\/as.com\/futbol\/champions\/mbappe-debemos-protegernos-entre-nosotros-al-entrenador-y-al-staff-f202511-n\/\" class=\"s_m_w\" title=\"\u201cEn la vida, no todo es perfecto, pero estamos muy unidos\u201d, responde. Para terminar: \u201cEstamos con Xabi, se ve\u201d. No le sent\u00f3 bien que se hablase de \u2018Mbapp\u00e9dependencia\u2019\" data-tb-link=\"\" rel=\"nofollow noopener\" target=\"_blank\"><img decoding=\"async\" src=\"https:\/\/www.europesays.com\/es\/wp-content\/uploads\/2025\/11\/1764523762_6_BB7BVAL325EGXEUUMNDW5J4YK4.JPG\" alt=\"Mbapp\u00e9: \u201c\u00bfDependencia de m\u00ed? Lo que soy es responsable, si no marco&quot;\" class=\"\" height=\"9\" width=\"16\"   loading=\"lazy\" data-tb-thumbnail=\"\"\/><\/a><\/p>\n<p class=\"\"><b>\u00a1Tus opiniones importan!<\/b> Comenta en los art\u00edculos y suscr\u00edbete gratis a nuestra <a href=\"https:\/\/asfan.as.com\/newsletters\/\" target=\"_blank\" rel=\"nofollow noopener\" title=\"https:\/\/asfan.as.com\/newsletters\/\">newsletter<\/a> y a las alertas informativas en la <a href=\"https:\/\/as.com\/aplicacion-de-as-n\/\" target=\"_blank\" rel=\"nofollow noopener\" title=\"https:\/\/as.com\/aplicacion-de-as-n\/\">App<\/a> o el canal de <a href=\"https:\/\/www.whatsapp.com\/channel\/0029VaAasdA7j6g745nz9M10\" target=\"_blank\" rel=\"nofollow noopener\" title=\"https:\/\/www.whatsapp.com\/channel\/0029VaAasdA7j6g745nz9M10\">WhatsApp<\/a>. <\/p>\n<p class=\"\">\u00bfBuscas licenciar contenido? Haz clic <a href=\"https:\/\/profesional.elpais.com\/soluciones-sindicacion?utm_medium=interno&amp;utm_source=crosslinking&amp;utm_campaign=sindicacion_as_pie_articulos\" target=\"_blank\" rel=\"nofollow noopener\" title=\"https:\/\/profesional.elpais.com\/soluciones-sindicacion?utm_medium=interno&amp;utm_source=crosslinking&amp;utm_campaign=sindicacion_as_pie_articulos\">aqu\u00ed<\/a><\/p>\n","protected":false},"excerpt":{"rendered":"Asencio no estar\u00e1 en Girona. El club apur\u00f3 la convocatoria para apurar sus posibilidades, pero no llega. Contin\u00faa&hellip;\n","protected":false},"author":2,"featured_media":264009,"comment_status":"","ping_status":"","sticky":false,"template":"","format":"standard","meta":{"footnotes":""},"categories":[93],"tags":[168,25,24,23,167],"class_list":{"0":"post-264008","1":"post","2":"type-post","3":"status-publish","4":"format-standard","5":"has-post-thumbnail","7":"category-deportes","8":"tag-deportes","9":"tag-es","10":"tag-espana","11":"tag-spain","12":"tag-sports"},"share_on_mastodon":{"url":"https:\/\/pubeurope.com\/@es\/115639836459626851","error":""},"_links":{"self":[{"href":"https:\/\/www.europesays.com\/es\/wp-json\/wp\/v2\/posts\/264008","targetHints":{"allow":["GET"]}}],"collection":[{"href":"https:\/\/www.europesays.com\/es\/wp-json\/wp\/v2\/posts"}],"about":[{"href":"https:\/\/www.europesays.com\/es\/wp-json\/wp\/v2\/types\/post"}],"author":[{"embeddable":true,"href":"https:\/\/www.europesays.com\/es\/wp-json\/wp\/v2\/users\/2"}],"replies":[{"embeddable":true,"href":"https:\/\/www.europesays.com\/es\/wp-json\/wp\/v2\/comments?post=264008"}],"version-history":[{"count":0,"href":"https:\/\/www.europesays.com\/es\/wp-json\/wp\/v2\/posts\/264008\/revisions"}],"wp:featuredmedia":[{"embeddable":true,"href":"https:\/\/www.europesays.com\/es\/wp-json\/wp\/v2\/media\/264009"}],"wp:attachment":[{"href":"https:\/\/www.europesays.com\/es\/wp-json\/wp\/v2\/media?parent=264008"}],"wp:term":[{"taxonomy":"category","embeddable":true,"href":"https:\/\/www.europesays.com\/es\/wp-json\/wp\/v2\/categories?post=264008"},{"taxonomy":"post_tag","embeddable":true,"href":"https:\/\/www.europesays.com\/es\/wp-json\/wp\/v2\/tags?post=264008"}],"curies":[{"name":"wp","href":"https:\/\/api.w.org\/{rel}","templated":true}]}}