{"id":264020,"date":"2025-11-30T17:35:08","date_gmt":"2025-11-30T17:35:08","guid":{"rendered":"https:\/\/www.europesays.com\/es\/264020\/"},"modified":"2025-11-30T17:35:08","modified_gmt":"2025-11-30T17:35:08","slug":"amigos-de-las-dos-adolescentes-aparecidas-muertas-en-jaen-aseguran-que-sufrieron-bullying-en-el-instituto-educacion","status":"publish","type":"post","link":"https:\/\/www.europesays.com\/es\/264020\/","title":{"rendered":"Amigos de las dos adolescentes aparecidas muertas en Ja\u00e9n aseguran que sufrieron \u2018bullying\u2019 en el instituto | Educaci\u00f3n"},"content":{"rendered":"<p class=\"\">Media docena de amigos y compa\u00f1eros de las dos j\u00f3venes, de 15 y 16 a\u00f1os, <a href=\"https:\/\/elpais.com\/sociedad\/2025-11-29\/dos-adolescentes-aparecen-muertas-en-un-parque-de-jaen-sin-signos-de-violencia-externa.html\" target=\"_self\" rel=\"nofollow noopener\" title=\"https:\/\/elpais.com\/sociedad\/2025-11-29\/dos-adolescentes-aparecen-muertas-en-un-parque-de-jaen-sin-signos-de-violencia-externa.html\">que aparecieron muertas la madrugada del s\u00e1bado en un c\u00e9ntrico parque de Ja\u00e9n <\/a>han asegurado a EL PA\u00cdS que las dos habr\u00edan sufrido bullying escolar recientemente. La propia Polic\u00eda Nacional confirm\u00f3 el s\u00e1bado que la muerte de las dos adolescentes se produjo por suicidio, aunque todav\u00eda se mantiene abierta la investigaci\u00f3n de un caso que est\u00e1 bajo secreto de sumario.<\/p>\n<p class=\"\">\u201cRosmed sufri\u00f3 bullying en su anterior instituto, en El Valle, y es algo de lo que no se hab\u00eda recuperado y estaba muy afectada por ello\u201d, relata a EL PA\u00cdS, consternado y emocionado, Andr\u00e9s (nombre falso) un amigo de la joven de 15 a\u00f1os. Junto a un grupo de compa\u00f1eros, Andr\u00e9s muestra su dolor e incomprensi\u00f3n en el tanatorio donde se velan los cuerpos de las dos fallecidas. \u00c9l, que incluso particip\u00f3 en las tareas de b\u00fasqueda de las v\u00edctimas junto a sus familiares, sostiene que esa situaci\u00f3n de acoso escolar tambi\u00e9n la habr\u00eda sufrido Sharif, la otra adolescente de 16 a\u00f1os que tambi\u00e9n se quit\u00f3 la vida. <a href=\"https:\/\/elpais.com\/opinion\/2025-10-27\/no-podemos-fallar-a-los-ninos.html\" target=\"_self\" rel=\"nofollow noopener\" title=\"https:\/\/elpais.com\/opinion\/2025-10-27\/no-podemos-fallar-a-los-ninos.html\">El resto del grupo asiente confirmando sus palabras.<\/a><\/p>\n<p class=\"\">En ambos casos se trata de dos adolescentes jiennenses cuyas familias son de origen colombiano, aunque las dos adolescentes nacieron en Espa\u00f1a. En Ja\u00e9n hay una comunidad colombiana numerosa. El entierro de Sharif tendr\u00e1 lugar ma\u00f1ana lunes, mientras que a\u00fan se desconoce la fecha del sepelio de Rosmed, la m\u00e1s joven.<\/p>\n<p class=\"\">La Brigada Judicial de la Polic\u00eda Nacional, que se ha hecho cargo de la investigaci\u00f3n del caso, sostiene que en una primera inspecci\u00f3n ocular no se aprecian signos de violencia externa y, aunque la investigaci\u00f3n sigue abierta, parece ser que se descartar\u00eda la participaci\u00f3n directa de terceras personas.<\/p>\n<p>Otro joven se quit\u00f3 la vida hace 20 d\u00edas<\/p>\n<p class=\"\">Estas dos muertes han conmocionado a la sociedad jiennense, especialmente despu\u00e9s de que el pasado d\u00eda 10 se produjo el fallecimiento de otro adolescente de 16 a\u00f1os que se quit\u00f3 la vida con un disparo en su vivienda de la zona norte de la capital. Y el acoso escolar que, seg\u00fan los testimonios recogidos por este peri\u00f3dico, habr\u00edan sufrido las dos chicas de Ja\u00e9n recuerda<a href=\"https:\/\/elpais.com\/sociedad\/2025-11-12\/los-padres-de-la-joven-sevillana-que-se-quito-la-vida-tras-denunciar-acoso-piden-a-la-fiscalia-que-aplique-una-sancion-ejemplarizante-al-colegio.html\" target=\"_self\" rel=\"nofollow noopener\" title=\"https:\/\/elpais.com\/sociedad\/2025-11-12\/los-padres-de-la-joven-sevillana-que-se-quito-la-vida-tras-denunciar-acoso-piden-a-la-fiscalia-que-aplique-una-sancion-ejemplarizante-al-colegio.html\"> al caso de Sandra Pe\u00f1a, la joven sevillana que se suicid\u00f3 tras haber denunciado acoso y<\/a> que, posteriormente, la Junta de Andaluc\u00eda comprob\u00f3 que el colegio no hab\u00eda activado el protocolo. Actualmente, la Fiscal\u00eda investiga tanto al colegio como a las presuntas acosadoras.<\/p>\n<p class=\"\">Desde el Instituto San Juan Bosco de Ja\u00e9n, donde estudiaban las dos fallecidas, se ha mostrado el dolor y tristeza <a href=\"https:\/\/elpais.com\/educacion\/2025-11-26\/un-infierno-de-acoso-escolar-en-caceres-termina-en-condena-para-cuatro-menores-puto-gay-calvo-tu-padre-se-va-a-morir.html\" target=\"_self\" rel=\"nofollow noopener\" title=\"https:\/\/elpais.com\/educacion\/2025-11-26\/un-infierno-de-acoso-escolar-en-caceres-termina-en-condena-para-cuatro-menores-puto-gay-calvo-tu-padre-se-va-a-morir.html\">\u201cpor la terrible p\u00e9rdida de las dos alumnas de nuestro centro\u201d.<\/a> \u201cHoy es un d\u00eda muy duro para la comunidad educativa. Sabemos que no hay consuelo posible en estos momentos, y menos en tal traum\u00e1tica p\u00e9rdida. A estas dos familias rotas por el dolor, a sus compa\u00f1eros y amigos de clase, a sus docentes, la comunidad educativa del IES os enviamos un enorme abrazo\u201d, ha expresado el instituto en un comunicado. <\/p>\n<p class=\"\">El Ayuntamiento de Ja\u00e9n ha decretado tres d\u00edas de luto oficial (hasta el pr\u00f3ximo martes) y un minuto de silencio, que tendr\u00e1 lugar este lunes a las doce del medio d\u00eda, una acci\u00f3n que tambi\u00e9n se repetir\u00e1 a las puertas del instituto donde cursaban estudios las dos chicas. El alcalde de Ja\u00e9n, Julio Mill\u00e1n, ha mostrado sus condolencias a las familias de las dos adolescentes y ha pedido que se deje trabajar a las fuerzas y cuerpos de seguridad en la investigaci\u00f3n \u201cespecialmente, para no aumentar el dolor de familiares, <a href=\"https:\/\/elpais.com\/educacion\/2025-11-26\/un-infierno-de-acoso-escolar-en-caceres-termina-en-condena-para-cuatro-menores-puto-gay-calvo-tu-padre-se-va-a-morir.html\" target=\"_self\" rel=\"nofollow noopener\" title=\"https:\/\/elpais.com\/educacion\/2025-11-26\/un-infierno-de-acoso-escolar-en-caceres-termina-en-condena-para-cuatro-menores-puto-gay-calvo-tu-padre-se-va-a-morir.html\">amigos y allegados en estos complicados momentos\u201d<\/a><\/p>\n<p class=\"\">Tambi\u00e9n la Universidad de Ja\u00e9n (UJA) ha manifestado \u201csu m\u00e1s profundo dolor y consternaci\u00f3n\u201d ante la tr\u00e1gica noticia del fallecimiento de dos j\u00f3venes menores de edad. \u201cSomos conscientes de que no existen palabras que puedan consolar una p\u00e9rdida tan prematura y desoladora, pero deseamos hacerles llegar todo nuestro apoyo en estos momentos de inmensa tristeza\u201d, se indica desde la UJA. Como muestra de duelo y respeto institucional, la Universidad de Ja\u00e9n decreta un d\u00eda de luto oficial, por lo que las banderas de sus campus y edificios ondear\u00e1n a media asta durante toda la jornada de ma\u00f1ana, 1 de diciembre.<\/p>\n<p class=\"\">De igual forma, la Representaci\u00f3n Permanente en Espa\u00f1a de la International Human Rights Foundation (IHRF-Espa\u00f1a), la Agrupaci\u00f3n de Psic\u00f3logos y Profesionales para la Acci\u00f3n (A.P.P.A.) y la Asociaci\u00f3n Visibles Ja\u00e9n LGTBIQ+ (Visibles Ja\u00e9n) han mostrado su \u201cprofunda conmoci\u00f3n y pesar\u201d ante el fallecimiento de las dos j\u00f3venes. \u201cExtendemos nuestras m\u00e1s sentidas condolencias a sus familias, amistades y a toda la comunidad afectada, a quienes trasladamos nuestro respeto y cercan\u00eda en este momento de honda tristeza\u201d, han expresado en un comunicado.<\/p>\n<p class=\"\">Un 7,4% de la poblaci\u00f3n de entre 12 y 20 a\u00f1os tiene un riesgo suicida elevado y el 6,5% ha intentado quitarse la vida, seg\u00fan el informe <a href=\"https:\/\/elpais.com\/sociedad\/2025-11-11\/el-9-de-los-menores-ha-sufrido-presiones-para-enviar-fotos-intimas-el-entorno-digital-debe-abordarse-como-un-tema-de-salud-publica.html\" rel=\"nofollow noopener\" title=\"https:\/\/elpais.com\/sociedad\/2025-11-11\/el-9-de-los-menores-ha-sufrido-presiones-para-enviar-fotos-intimas-el-entorno-digital-debe-abordarse-como-un-tema-de-salud-publica.html\" target=\"_blank\">Infancia, adolescencia y bienestar digital, publicado por Unicef<\/a> junto al Ministerio para la Transformaci\u00f3n Digital, Red.es, la Universidad de Santiago y el Consejo de Colegios de Ingenier\u00eda Inform\u00e1tica.<\/p>\n<p class=\"\">El tel\u00e9fono 024 atiende a las personas con conductas suicidas y sus allegados. Las diferentes asociaciones de supervivientes tienen gu\u00edas y protocolos de ayuda para el duelo.<\/p>\n","protected":false},"excerpt":{"rendered":"Media docena de amigos y compa\u00f1eros de las dos j\u00f3venes, de 15 y 16 a\u00f1os, que aparecieron muertas&hellip;\n","protected":false},"author":2,"featured_media":264021,"comment_status":"","ping_status":"","sticky":false,"template":"","format":"standard","meta":{"footnotes":""},"categories":[8],"tags":[29305,3629,259,17,18,2026,25,24,13,14,11,3619,19,20,1567,9,10,15,16,492,23,257,12421,12,21,22],"class_list":{"0":"post-264020","1":"post","2":"type-post","3":"status-publish","4":"format-standard","5":"has-post-thumbnail","7":"category-espana","8":"tag-acoso-escolar","9":"tag-adolescencia","10":"tag-andalucia","11":"tag-breaking-news","12":"tag-breakingnews","13":"tag-educacion","14":"tag-es","15":"tag-espana","16":"tag-featured-news","17":"tag-featurednews","18":"tag-headlines","19":"tag-jaen","20":"tag-latest-news","21":"tag-latestnews","22":"tag-menores","23":"tag-news","24":"tag-noticias","25":"tag-noticias-destacadas","26":"tag-noticiasdestacadas","27":"tag-sociedad","28":"tag-spain","29":"tag-sucesos","30":"tag-suicidio","31":"tag-titulares","32":"tag-ultimas-noticias","33":"tag-ultimasnoticias"},"share_on_mastodon":{"url":"","error":""},"_links":{"self":[{"href":"https:\/\/www.europesays.com\/es\/wp-json\/wp\/v2\/posts\/264020","targetHints":{"allow":["GET"]}}],"collection":[{"href":"https:\/\/www.europesays.com\/es\/wp-json\/wp\/v2\/posts"}],"about":[{"href":"https:\/\/www.europesays.com\/es\/wp-json\/wp\/v2\/types\/post"}],"author":[{"embeddable":true,"href":"https:\/\/www.europesays.com\/es\/wp-json\/wp\/v2\/users\/2"}],"replies":[{"embeddable":true,"href":"https:\/\/www.europesays.com\/es\/wp-json\/wp\/v2\/comments?post=264020"}],"version-history":[{"count":0,"href":"https:\/\/www.europesays.com\/es\/wp-json\/wp\/v2\/posts\/264020\/revisions"}],"wp:featuredmedia":[{"embeddable":true,"href":"https:\/\/www.europesays.com\/es\/wp-json\/wp\/v2\/media\/264021"}],"wp:attachment":[{"href":"https:\/\/www.europesays.com\/es\/wp-json\/wp\/v2\/media?parent=264020"}],"wp:term":[{"taxonomy":"category","embeddable":true,"href":"https:\/\/www.europesays.com\/es\/wp-json\/wp\/v2\/categories?post=264020"},{"taxonomy":"post_tag","embeddable":true,"href":"https:\/\/www.europesays.com\/es\/wp-json\/wp\/v2\/tags?post=264020"}],"curies":[{"name":"wp","href":"https:\/\/api.w.org\/{rel}","templated":true}]}}