{"id":264022,"date":"2025-11-30T17:36:14","date_gmt":"2025-11-30T17:36:14","guid":{"rendered":"https:\/\/www.europesays.com\/es\/264022\/"},"modified":"2025-11-30T17:36:14","modified_gmt":"2025-11-30T17:36:14","slug":"el-balance-del-incendio-de-hong-kong-sube-a-146-muertos","status":"publish","type":"post","link":"https:\/\/www.europesays.com\/es\/264022\/","title":{"rendered":"El balance del incendio de Hong Kong sube a 146 muertos"},"content":{"rendered":"<p>    <img src=\"https:\/\/www.europesays.com\/es\/wp-content\/uploads\/2025\/11\/2025-11-30T133A163A53Z-90557880.jpg\" width=\"1024\" height=\"682\" alt=\"\" loading=\"eager\" decoding=\"sync\" fetchpriority=\"high\"\/><\/p>\n<p>            afp_tickers        <\/p>\n<p>        Este contenido fue publicado en    <\/p>\n<p>        30 noviembre 2025 &#8211; 14:16\n<\/p>\n<p>El balance de muertos del gigantesco incendio que arras\u00f3 esta semana un complejo de rascacielos residenciales en Hong Kong subi\u00f3 a 146, inform\u00f3 este domingo la polic\u00eda.<\/p>\n<p>\u00abA las 16H00 (08H00 GMT), el \u00faltimo recuento de v\u00edctimas mortales asciende a 146. No podemos descartar la posibilidad de que haya m\u00e1s fallecidos\u00bb, declar\u00f3 el representante de la polic\u00eda Tsang Shuk-yin en una rueda de prensa.<\/p>\n<p>El balance se actualiz\u00f3 tras inspeccionar tres torres m\u00e1s de las ocho que conforman el complejo residencial Wang Fuk Court, en el distrito de Tai Po.<\/p>\n<p>El complejo, de un total de 1.984 viviendas y ocho torres de 31 plantas inaugurado en 1983, estaba en proceso de renovaci\u00f3n, pero segu\u00eda habitado.<\/p>\n<p>El incendio se declar\u00f3 el mi\u00e9rcoles por la tarde por causas a\u00fan desconocidas, al parecer en las redes de protecci\u00f3n que cubr\u00edan la obra de renovaci\u00f3n y que serv\u00edan para proteger del polvo y de la ca\u00edda de objetos.<\/p>\n<p>El fuego se propag\u00f3 r\u00e1pidamente a las dem\u00e1s torres, favorecido, seg\u00fan las primeras hip\u00f3tesis, por las redes, los paneles de espuma y el bamb\u00fa que se usa en Hong Kong en lugar de metal para los andamios.<\/p>\n<p>Los bomberos confirmaron que las alarmas no funcionaron, como hab\u00edan se\u00f1alado numerosos supervivientes.<\/p>\n<p>La polic\u00eda hall\u00f3 m\u00e1s cad\u00e1veres en los pisos, las escaleras, los pasillos e incluso en las azoteas de tres edificios. Periodistas de la AFP vieron a los agentes transportar bolsas mortuorias.<\/p>\n<p>De las 146 v\u00edctimas, 54 siguen sin identificar. \u00abNo podemos descartar que haya m\u00e1s personas fallecidas\u00bb, declar\u00f3 Tsang Shuk-yin.<\/p>\n<p>\u2013 Estudiante detenido \u2013<\/p>\n<p>Se trata del incendio de un edificio con m\u00e1s v\u00edctimas mortales desde 1980 en todo el mundo, excluyendo los ocurridos en discotecas, c\u00e1rceles o centros comerciales, seg\u00fan datos de la Universidad de Lovaina (B\u00e9lgica).<\/p>\n<p>Hong Kong observ\u00f3 el domingo su segundo d\u00eda de duelo.<\/p>\n<p>Al igual que el d\u00eda anterior, personas an\u00f3nimas formaron una fila de m\u00e1s de un kil\u00f3metro para depositar flores o recitar una oraci\u00f3n en el lugar habilitado para ello a los pies de las torres.<\/p>\n<p>Cientos de indonesios y filipinos, muy numerosos en el territorio chino, organizaron sus propios homenajes en otros puntos de la ciudad.<\/p>\n<p>El consulado de Indonesia inform\u00f3 que siete de sus ciudadanos murieron en el incendio. El consulado de Filipinas inform\u00f3 de un fallecido.<\/p>\n<p>De las decenas de heridos, catorce se encuentran en estado cr\u00edtico, seg\u00fan las autoridades hospitalarias.<\/p>\n<p>El viernes, una comisi\u00f3n anunci\u00f3 la detenci\u00f3n de ocho personas por presuntos hechos de corrupci\u00f3n en el mercado de renovaci\u00f3n: dos responsables de la oficina de estudios encargada de la renovaci\u00f3n, dos jefes de obra, tres subcontratistas de andamios y un intermediario.<\/p>\n<p>El s\u00e1bado se produjeron tres nuevas detenciones de personas de entre 52 y 68 a\u00f1os que ya hab\u00edan sido arrestadas y puestas en libertad por la polic\u00eda.<\/p>\n<p>Por otro lado, los medios locales informaron el s\u00e1bado de la detenci\u00f3n de Miles Kwan, un estudiante de 24 a\u00f1os que, junto con otros, hab\u00eda impulsado una petici\u00f3n para exigir responsabilidades por el peor incendio que la ciudad haya conocido desde 1948.<\/p>\n<p>La petici\u00f3n en l\u00ednea, que hab\u00eda reunido m\u00e1s de 10.000 firmas en menos de un d\u00eda, fue eliminada. La AFP intent\u00f3 sin \u00e9xito contactar con \u00e9l.<\/p>\n<p>hol\/mtp\/pc\/hgs<\/p>\n","protected":false},"excerpt":{"rendered":"afp_tickers Este contenido fue publicado en 30 noviembre 2025 &#8211; 14:16 El balance de muertos del gigantesco incendio&hellip;\n","protected":false},"author":2,"featured_media":264023,"comment_status":"","ping_status":"","sticky":false,"template":"","format":"standard","meta":{"footnotes":""},"categories":[5],"tags":[17,18,637,638,25,24,13,14,5595,11,19,20,9,10,15,16,23,90,12,21,22],"class_list":{"0":"post-264022","1":"post","2":"type-post","3":"status-publish","4":"format-standard","5":"has-post-thumbnail","7":"category-titulares","8":"tag-breaking-news","9":"tag-breakingnews","10":"tag-disaster","11":"tag-disaster-general","12":"tag-es","13":"tag-espana","14":"tag-featured-news","15":"tag-featurednews","16":"tag-fire","17":"tag-headlines","18":"tag-latest-news","19":"tag-latestnews","20":"tag-news","21":"tag-noticias","22":"tag-noticias-destacadas","23":"tag-noticiasdestacadas","24":"tag-spain","25":"tag-ticker","26":"tag-titulares","27":"tag-ultimas-noticias","28":"tag-ultimasnoticias"},"share_on_mastodon":{"url":"https:\/\/pubeurope.com\/@es\/115639863797258227","error":""},"_links":{"self":[{"href":"https:\/\/www.europesays.com\/es\/wp-json\/wp\/v2\/posts\/264022","targetHints":{"allow":["GET"]}}],"collection":[{"href":"https:\/\/www.europesays.com\/es\/wp-json\/wp\/v2\/posts"}],"about":[{"href":"https:\/\/www.europesays.com\/es\/wp-json\/wp\/v2\/types\/post"}],"author":[{"embeddable":true,"href":"https:\/\/www.europesays.com\/es\/wp-json\/wp\/v2\/users\/2"}],"replies":[{"embeddable":true,"href":"https:\/\/www.europesays.com\/es\/wp-json\/wp\/v2\/comments?post=264022"}],"version-history":[{"count":0,"href":"https:\/\/www.europesays.com\/es\/wp-json\/wp\/v2\/posts\/264022\/revisions"}],"wp:featuredmedia":[{"embeddable":true,"href":"https:\/\/www.europesays.com\/es\/wp-json\/wp\/v2\/media\/264023"}],"wp:attachment":[{"href":"https:\/\/www.europesays.com\/es\/wp-json\/wp\/v2\/media?parent=264022"}],"wp:term":[{"taxonomy":"category","embeddable":true,"href":"https:\/\/www.europesays.com\/es\/wp-json\/wp\/v2\/categories?post=264022"},{"taxonomy":"post_tag","embeddable":true,"href":"https:\/\/www.europesays.com\/es\/wp-json\/wp\/v2\/tags?post=264022"}],"curies":[{"name":"wp","href":"https:\/\/api.w.org\/{rel}","templated":true}]}}