{"id":264024,"date":"2025-11-30T17:41:10","date_gmt":"2025-11-30T17:41:10","guid":{"rendered":"https:\/\/www.europesays.com\/es\/264024\/"},"modified":"2025-11-30T17:41:10","modified_gmt":"2025-11-30T17:41:10","slug":"final-argentina-en-el-challenger-de-temuco-federico-gomez-y-lautaro-midon-se-mediran-en-busca-del-titulo","status":"publish","type":"post","link":"https:\/\/www.europesays.com\/es\/264024\/","title":{"rendered":"Final argentina en el Challenger de Temuco: Federico G\u00f3mez y Lautaro Mid\u00f3n se medir\u00e1n en busca del t\u00edtulo"},"content":{"rendered":"<p><img alt=\"Lautaro Mid\u00f3n sigue escalando posiciones\" class=\"global-image\" decoding=\"async\" fetchpriority=\"high\" height=\"2657\" loading=\"eager\" src=\"https:\/\/www.europesays.com\/es\/wp-content\/uploads\/2025\/11\/1764524469_260_YBGZQBHUORD4LB3ZBO4K5ZV2DQ.jpg\" width=\"3720\"\/>Lautaro Mid\u00f3n sigue escalando posiciones en el circuito ATP (Cr\u00e9dito: Challenger de Temuco)<\/p>\n<p class=\"paragraph\">Este domingo, el tenis nacional tendr\u00e1 un nuevo campe\u00f3n en el cierre de la temporada 2025. <b>Federico G\u00f3mez y Lautaro Mid\u00f3n<\/b> se enfrentan en la final del <b>Challenger 100 de Temuco, en Chile<\/b>. <\/p>\n<p class=\"paragraph\">El oriundo de <b>Merlo <\/b>buscar\u00e1 su cuarto t\u00edtulo en la categor\u00eda y consumar su regreso al lote de los 200 mejores del <b>ranking ATP<\/b>, mientras que el correntino intentar\u00e1 conquistar el trofeo m\u00e1s importante de su carrera y dar el salto hacia las qualies de los<b> Grand Slams<\/b> como una de las principales esperanzas albicelestes.<\/p>\n<p class=\"paragraph\">Este s\u00e1bado, la superficie de cemento del<b> Estadio Municipal German Becker<\/b> alberg\u00f3 las semifinales de la \u00faltima parada de la gira sudamericana y fue escenario de una actuaci\u00f3n sobresaliente de dos argentinos en ascenso. En el turno inicial de la pista central, G\u00f3mez (250) impuso su jerarqu\u00eda y derrot\u00f3 al estadounidense <b>Alafia Ayeni <\/b>(731) por <b>6-3 y 6-1<\/b>. <\/p>\n<p class=\"paragraph\">El nacido en<b> California<\/b>, de ra\u00edces nigerianas, hab\u00eda sorprendido tras avanzar desde la clasificaci\u00f3n y eliminar a<b> Juan Manuel Cer\u00fandolo<\/b> en la ronda previa, logrando la primera victoria de su carrera ante un top 100.<\/p>\n<p class=\"paragraph\">Tras una semana en la que mostr\u00f3 un tenis sin fisuras, el Bombardero alcanz\u00f3 as\u00ed una nueva final en el circuito <b>ATP Challenger Tour<\/b>, en la que buscar\u00e1 su cuarto t\u00edtulo. En caso de consagrarse, escalar\u00e1 hasta el puesto 183\u00ba del ranking, lo que implica una escalada de casi 70 posiciones en apenas una semana.<\/p>\n<p class=\"paragraph\">Luego, en el mismo escenario, Mid\u00f3n se qued\u00f3 con el duelo de j\u00f3venes talentos al superar al boliviano <b>Juan Carlos Prado \u00c1ngelo<\/b>, de 20 a\u00f1os, por <b>7-5 y 6-2<\/b>. <\/p>\n<p class=\"paragraph\">El correntino mostr\u00f3 temple desde el inicio: perd\u00eda 0-4 en el primer set, pero revirti\u00f3 la historia y, tras salvar cinco set points, se adue\u00f1\u00f3 de la manga.<\/p>\n<p class=\"paragraph\">A sus 20 a\u00f1os, y actualmente ubicado en el puesto 266\u00ba del ranking, Mid\u00f3n (266 y s\u00e9ptimo preclasificado) contin\u00faa consolidando el potencial que insinu\u00f3 desde su etapa como junior, en la que lleg\u00f3 a ser N\u00b08 del mundo. Desde su debut profesional en 2021 acumula seis t\u00edtulos y varias actuaciones destacadas en el circuito. <\/p>\n<p><img alt=\"El Bombardero G\u00f3mez tuvo una\" class=\"global-image\" decoding=\"async\" fetchpriority=\"low\" height=\"4487\" loading=\"lazy\" src=\"https:\/\/www.europesays.com\/es\/wp-content\/uploads\/2025\/11\/1764524470_65_DL4HGXNVNRGOZKEZ4T7Z5VRCKQ.jpg\" width=\"3590\"\/>El Bombardero G\u00f3mez tuvo una gran semana en Chile (Cr\u00e9dito: Challenger de Temuco)<\/p>\n<p class=\"paragraph\">Este a\u00f1o gan\u00f3 <a rel=\"noopener noreferrer nofollow\" href=\"https:\/\/www.infobae.com\/deportes\/tenis\/2024\/12\/12\/la-aat-lanzo-las-becas-galperin-para-potenciar-los-jovenes-talentos-del-tenis-argentino\/\" target=\"_blank\" title=\"https:\/\/www.infobae.com\/deportes\/tenis\/2024\/12\/12\/la-aat-lanzo-las-becas-galperin-para-potenciar-los-jovenes-talentos-del-tenis-argentino\/\">la <b>Beca Galper\u00edn al M\u00e9rito<\/b>, iniciativa impulsada junto a la <b>Asociaci\u00f3n Argentina de Tenis<\/b><\/a> como est\u00edmulo para las j\u00f3venes promesas, tras ser el argentino Sub 21 que m\u00e1s puntos sum\u00f3 en torneos disputados en el pa\u00eds durante 2025.<\/p>\n<p class=\"paragraph\">Este domingo buscar\u00e1 conquistar su primer t\u00edtulo de nivel Challenger. Ese resultado lo dejar\u00eda en zona de clasificaci\u00f3n a las qualies de los <b>Grand Slams<\/b>: ya tiene asegurado, al menos, el puesto 232\u00ba desde el lunes y, en caso de alzar el t\u00edtulo, podr\u00eda escalar hasta el 199\u00ba, meti\u00e9ndose por primera vez en el top 200.<\/p>\n<p class=\"paragraph\">Seg\u00fan inform\u00f3 la organizaci\u00f3n, la final se disputar\u00e1 este domingo desde las 12:00 en el Court Central. El encuentro podr\u00e1 seguirse en vivo a trav\u00e9s de Challenger TV, la plataforma oficial del circuito, y por las distintas se\u00f1ales de ESPN y Disney+ en <b>Chile.<\/b><\/p>\n<p class=\"paragraph\">Luego de dos cruces muy disputados, dos tenistas nacionales cayeron en el <b>Challenger de Bogot\u00e1, Colombia<\/b>, donde el festejo fue para los locales.<\/p>\n<p class=\"paragraph\">En el primer turno en el<b> Club Los Lagartos<\/b>, sobre polvo de ladrillo, <b>Juan Pablo Ficovich<\/b> (169) perdi\u00f3 frente a <b>Juan Sebasti\u00e1n G\u00f3mez <\/b>(997) por<b> 6-7 (5), 6-2 y 6-4<\/b>.<\/p>\n<p class=\"paragraph\">A continuaci\u00f3n, en un partido que se interrumpi\u00f3 debido a la tormenta tras el primer set, <b>Facundo Mena<\/b> (369) fue derrotado por el cr\u00e9dito local, <b>Nicol\u00e1s Mej\u00eda<\/b> (216 y segundo preclasificado), <b>por 7-6 (6), 1-6 y 6-2<\/b>.<\/p>\n","protected":false},"excerpt":{"rendered":"Lautaro Mid\u00f3n sigue escalando posiciones en el circuito ATP (Cr\u00e9dito: Challenger de Temuco) Este domingo, el tenis nacional&hellip;\n","protected":false},"author":2,"featured_media":153893,"comment_status":"","ping_status":"","sticky":false,"template":"","format":"standard","meta":{"footnotes":""},"categories":[274],"tags":[23437,2047,168,25,24,40761,64693,23,167,64691,327,15401,326],"class_list":{"0":"post-264024","1":"post","2":"type-post","3":"status-publish","4":"format-standard","5":"has-post-thumbnail","7":"category-tenis","8":"tag-challenger","9":"tag-chile","10":"tag-deportes","11":"tag-es","12":"tag-espana","13":"tag-federico-gomez","14":"tag-lautaro-midon","15":"tag-spain","16":"tag-sports","17":"tag-temuco","18":"tag-tenis","19":"tag-tenis-argentino","20":"tag-tennis"},"share_on_mastodon":{"url":"https:\/\/pubeurope.com\/@es\/115639883766586767","error":""},"_links":{"self":[{"href":"https:\/\/www.europesays.com\/es\/wp-json\/wp\/v2\/posts\/264024","targetHints":{"allow":["GET"]}}],"collection":[{"href":"https:\/\/www.europesays.com\/es\/wp-json\/wp\/v2\/posts"}],"about":[{"href":"https:\/\/www.europesays.com\/es\/wp-json\/wp\/v2\/types\/post"}],"author":[{"embeddable":true,"href":"https:\/\/www.europesays.com\/es\/wp-json\/wp\/v2\/users\/2"}],"replies":[{"embeddable":true,"href":"https:\/\/www.europesays.com\/es\/wp-json\/wp\/v2\/comments?post=264024"}],"version-history":[{"count":0,"href":"https:\/\/www.europesays.com\/es\/wp-json\/wp\/v2\/posts\/264024\/revisions"}],"wp:featuredmedia":[{"embeddable":true,"href":"https:\/\/www.europesays.com\/es\/wp-json\/wp\/v2\/media\/153893"}],"wp:attachment":[{"href":"https:\/\/www.europesays.com\/es\/wp-json\/wp\/v2\/media?parent=264024"}],"wp:term":[{"taxonomy":"category","embeddable":true,"href":"https:\/\/www.europesays.com\/es\/wp-json\/wp\/v2\/categories?post=264024"},{"taxonomy":"post_tag","embeddable":true,"href":"https:\/\/www.europesays.com\/es\/wp-json\/wp\/v2\/tags?post=264024"}],"curies":[{"name":"wp","href":"https:\/\/api.w.org\/{rel}","templated":true}]}}