{"id":264027,"date":"2025-11-30T17:44:10","date_gmt":"2025-11-30T17:44:10","guid":{"rendered":"https:\/\/www.europesays.com\/es\/264027\/"},"modified":"2025-11-30T17:44:10","modified_gmt":"2025-11-30T17:44:10","slug":"brillante-clasificacion-del-casademont-zaragoza-para-la-fase-final-de-la-minicopa","status":"publish","type":"post","link":"https:\/\/www.europesays.com\/es\/264027\/","title":{"rendered":"Brillante clasificaci\u00f3n del Casademont Zaragoza para la fase final de la Minicopa"},"content":{"rendered":"<p class=\"paragraph\">El Casademont Zaragoza <b>ha sido una de las sensaciones de la primera fase de la Minicopa. <\/b>Por su orden, por consistencia atr\u00e1s y, sobre todo, por su descomunal talento ofensivo: ha promediado 106,6 puntos por partido, un fiel reflejo de su juego punzante y vertical.\u00a0<\/p>\n<p class=\"paragraph\">El cuadro aragon\u00e9s<b> avanz\u00f3 por la puerta grande <\/b>a la siguiente ronda del torneo, que se celebrar\u00e1 el pr\u00f3ximo mes de febrero, en Valencia, de manera paralela a la Copa del Rey (del 18 al 22). Adem\u00e1s, Daniel Pardos fue designado Jugador M\u00e1s Valioso de esta primera fase la Minicopa, gracias a sus sobresalientes actuaciones.\u00a0\u00a0<\/p>\n<p class=\"paragraph\">Los zaragozanos comenzaron su participaci\u00f3n <b>con un amplio triunfo ante el\u00a0R\u00edo Breog\u00e1n (103-66), <\/b>donde Daniel Pardos ya exhibi\u00f3 su potencial con 33 puntos, 6 rebotes, 3 asistencias y 10 recuperaciones de bal\u00f3n. Acab\u00f3 el duelo con 41 cr\u00e9ditos de nota general. Le acompa\u00f1aron en la faceta anotadora Llompart (18 tantos), Moussa (13) y Ac\u00edn (13).\u00a0<\/p>\n<p>Grandes actuaciones<\/p>\n<p class=\"paragraph\">En el siguiente partido, el conjunto aragon\u00e9s se deshizo con suma facilidad del Baskonia (61-106), de nuevo impulsado por el rendimiento de Pardos (26 puntos). Sin embargo, <b>el mejor jugador del encuentro fue el p\u00edvot Fabi\u00e1n Ac\u00edn, <\/b>quien aport\u00f3 16 tantos, 10 ebotes y 6 robos de bal\u00f3n (32 unidades de nota general).\u00a0<\/p>\n<p class=\"paragraph\">Posteriormente, el Casademont<b> dobleg\u00f3 al Joventut de Badalona<\/b>\u00a0(85-111) para asegurarse el liderato del Grupo D y su clasificaci\u00f3n para la siguiente ronda. El base Daniel Pardos volvi\u00f3 a brillar con fuerza, despu\u00e9s de facturar 23 puntos y 6 asistencias (30 cr\u00e9ditos de valoraci\u00f3n global). Tambi\u00e9n destacaron el escolta Carlos Urdiain y los p\u00edvots Fabi\u00e1n Ac\u00edn y\u00a0Sangare Moussa.\u00a0\u00a0<\/p>\n<p class=\"paragraph\">Adem\u00e1s del Casademont Zaragoza, tambi\u00e9n se han clasificado para la siguiente ronda de la Minicopa el Bar\u00e7a, el Valencia Basket, el Real Madrid, el Cajasiete Fundaci\u00f3n CB Canarias, el Tirma Gran Canaria, el Unicaja y el Occident B\u00e0squet Manresa. Todos ellos luchar\u00e1n por el t\u00edtulo en Valencia, <b>del 18 al 22 de febrero de 2026.<\/b><\/p>\n","protected":false},"excerpt":{"rendered":"El Casademont Zaragoza ha sido una de las sensaciones de la primera fase de la Minicopa. Por su&hellip;\n","protected":false},"author":2,"featured_media":264028,"comment_status":"","ping_status":"","sticky":false,"template":"","format":"standard","meta":{"footnotes":""},"categories":[269],"tags":[299,298,30650,2511,4616,168,25,24,53242,23,167,491],"class_list":{"0":"post-264027","1":"post","2":"type-post","3":"status-publish","4":"format-standard","5":"has-post-thumbnail","7":"category-baloncesto","8":"tag-baloncesto","9":"tag-basketball","10":"tag-brillante","11":"tag-casademont","12":"tag-clasificacion","13":"tag-deportes","14":"tag-es","15":"tag-espana","16":"tag-minicopa","17":"tag-spain","18":"tag-sports","19":"tag-zaragoza"},"share_on_mastodon":{"url":"https:\/\/pubeurope.com\/@es\/115639895060717562","error":""},"_links":{"self":[{"href":"https:\/\/www.europesays.com\/es\/wp-json\/wp\/v2\/posts\/264027","targetHints":{"allow":["GET"]}}],"collection":[{"href":"https:\/\/www.europesays.com\/es\/wp-json\/wp\/v2\/posts"}],"about":[{"href":"https:\/\/www.europesays.com\/es\/wp-json\/wp\/v2\/types\/post"}],"author":[{"embeddable":true,"href":"https:\/\/www.europesays.com\/es\/wp-json\/wp\/v2\/users\/2"}],"replies":[{"embeddable":true,"href":"https:\/\/www.europesays.com\/es\/wp-json\/wp\/v2\/comments?post=264027"}],"version-history":[{"count":0,"href":"https:\/\/www.europesays.com\/es\/wp-json\/wp\/v2\/posts\/264027\/revisions"}],"wp:featuredmedia":[{"embeddable":true,"href":"https:\/\/www.europesays.com\/es\/wp-json\/wp\/v2\/media\/264028"}],"wp:attachment":[{"href":"https:\/\/www.europesays.com\/es\/wp-json\/wp\/v2\/media?parent=264027"}],"wp:term":[{"taxonomy":"category","embeddable":true,"href":"https:\/\/www.europesays.com\/es\/wp-json\/wp\/v2\/categories?post=264027"},{"taxonomy":"post_tag","embeddable":true,"href":"https:\/\/www.europesays.com\/es\/wp-json\/wp\/v2\/tags?post=264027"}],"curies":[{"name":"wp","href":"https:\/\/api.w.org\/{rel}","templated":true}]}}