{"id":264050,"date":"2025-11-30T17:59:15","date_gmt":"2025-11-30T17:59:15","guid":{"rendered":"https:\/\/www.europesays.com\/es\/264050\/"},"modified":"2025-11-30T17:59:15","modified_gmt":"2025-11-30T17:59:15","slug":"la-manifestacion-del-pp-en-madrid-contra-el-gobierno-de-pedro-sanchez-en-imagenes","status":"publish","type":"post","link":"https:\/\/www.europesays.com\/es\/264050\/","title":{"rendered":"La manifestaci\u00f3n del PP en Madrid contra el Gobierno de Pedro S\u00e1nchez, en im\u00e1genes"},"content":{"rendered":"<p>          30\/11\/2025<br \/>\n          <br \/><strong><br \/>\n                  Actualizado a las 16:15h.<br \/>\n              <\/strong><\/p>\n<p class=\"voc-p\" style=\"\">Miles de personas <a href=\"https:\/\/www.abc.es\/espana\/manifestacion-pp-madrid-sanchez-corrupcion-abalos-koldo-20251130171217-di.html\" target=\"_self\" data-voc-vtm-id=\"in-text-traffic\" title=\"se re\u00fanen este domingo 30\" data-mrf-link=\"www.abc.es\" rel=\"nofollow noopener\">se re\u00fanen este domingo 30<\/a> de diciembre en el Templo de Debod, en Madrid, para manifestarse <strong>contra el Gobierno de Pedro S\u00e1nchez<\/strong> y denunciar la corrupci\u00f3n tras la entrada en prisi\u00f3n del exministro Jos\u00e9 Luis \u00c1balos y su asesor Koldo Garc\u00eda. <\/p>\n<p class=\"voc-p\" style=\"\">En esta concentraci\u00f3n, convocada <a href=\"https:\/\/www.abc.es\/espana\/feijoo-convoca-domingo-manifestacion-madrid-tras-prision-20251127175913-nt.html\" target=\"_self\" data-voc-vtm-id=\"in-text-traffic\" title=\"el pasado jueves\" data-mrf-link=\"www.abc.es\" rel=\"nofollow noopener\">el pasado jueves<\/a> por el presidente del Partido Popular, <strong>Alberto N\u00fa\u00f1ez Feij\u00f3o<\/strong>, han participado los expresidentes del Ejecutivo Jos\u00e9 Mar\u00eda Aznar y Mariano Rajoy, la presidenta de la Comunidad de Madrid Isabel D\u00edaz Ayuso y el alcalde de Madrid, Jos\u00e9 Luis Mart\u00ednez Almeida, as\u00ed como otros grandes barones &#8216;populares&#8217;.<\/p>\n","protected":false},"excerpt":{"rendered":"30\/11\/2025 Actualizado a las 16:15h. Miles de personas se re\u00fanen este domingo 30 de diciembre en el Templo&hellip;\n","protected":false},"author":2,"featured_media":264051,"comment_status":"","ping_status":"","sticky":false,"template":"","format":"standard","meta":{"footnotes":""},"categories":[5],"tags":[32397,17,18,5089,25,24,13,14,582,11,1641,4164,19,20,205,5087,9,10,15,16,1822,956,16733,199,23,12,575,21,22],"class_list":{"0":"post-264050","1":"post","2":"type-post","3":"status-publish","4":"format-standard","5":"has-post-thumbnail","7":"category-titulares","8":"tag-abalos","9":"tag-breaking-news","10":"tag-breakingnews","11":"tag-entrada","12":"tag-es","13":"tag-espana","14":"tag-featured-news","15":"tag-featurednews","16":"tag-gobierno","17":"tag-headlines","18":"tag-imagenes","19":"tag-koldo","20":"tag-latest-news","21":"tag-latestnews","22":"tag-madrid","23":"tag-manifestacion","24":"tag-news","25":"tag-noticias","26":"tag-noticias-destacadas","27":"tag-noticiasdestacadas","28":"tag-pedro","29":"tag-pp","30":"tag-prision","31":"tag-sanchez","32":"tag-spain","33":"tag-titulares","34":"tag-tras","35":"tag-ultimas-noticias","36":"tag-ultimasnoticias"},"share_on_mastodon":{"url":"https:\/\/pubeurope.com\/@es\/115639953872050531","error":""},"_links":{"self":[{"href":"https:\/\/www.europesays.com\/es\/wp-json\/wp\/v2\/posts\/264050","targetHints":{"allow":["GET"]}}],"collection":[{"href":"https:\/\/www.europesays.com\/es\/wp-json\/wp\/v2\/posts"}],"about":[{"href":"https:\/\/www.europesays.com\/es\/wp-json\/wp\/v2\/types\/post"}],"author":[{"embeddable":true,"href":"https:\/\/www.europesays.com\/es\/wp-json\/wp\/v2\/users\/2"}],"replies":[{"embeddable":true,"href":"https:\/\/www.europesays.com\/es\/wp-json\/wp\/v2\/comments?post=264050"}],"version-history":[{"count":0,"href":"https:\/\/www.europesays.com\/es\/wp-json\/wp\/v2\/posts\/264050\/revisions"}],"wp:featuredmedia":[{"embeddable":true,"href":"https:\/\/www.europesays.com\/es\/wp-json\/wp\/v2\/media\/264051"}],"wp:attachment":[{"href":"https:\/\/www.europesays.com\/es\/wp-json\/wp\/v2\/media?parent=264050"}],"wp:term":[{"taxonomy":"category","embeddable":true,"href":"https:\/\/www.europesays.com\/es\/wp-json\/wp\/v2\/categories?post=264050"},{"taxonomy":"post_tag","embeddable":true,"href":"https:\/\/www.europesays.com\/es\/wp-json\/wp\/v2\/tags?post=264050"}],"curies":[{"name":"wp","href":"https:\/\/api.w.org\/{rel}","templated":true}]}}