{"id":264058,"date":"2025-11-30T18:08:09","date_gmt":"2025-11-30T18:08:09","guid":{"rendered":"https:\/\/www.europesays.com\/es\/264058\/"},"modified":"2025-11-30T18:08:09","modified_gmt":"2025-11-30T18:08:09","slug":"el-padre-de-neymar-a-lagrima-viva-en-la-grada-tras-lo-que-hace-su-hijo-en-el-campo","status":"publish","type":"post","link":"https:\/\/www.europesays.com\/es\/264058\/","title":{"rendered":"El padre de Neymar, \u00a1a l\u00e1grima viva en la grada tras lo que hace su hijo en el campo!"},"content":{"rendered":"<p data-gtm-element-container=\"modulo-texto-link\" class=\"paragraph\">El <strong>Santos de Neymar Jr. <\/strong>marcha decimosexto en el Brasileirao, empatado a puntos con el Internacional, equipo que marca los puestos de descenso a falta de dos jornadas para que finalice el campeonato. El ex del Bar\u00e7a es muy consciente de lo delicado de la situaci\u00f3n. Por eso, ayer, contra el\u00a0Sport Recife, el &#8216;crack&#8217;<strong> quiso jugar incluso estando lesionado.\u00a0<\/strong><\/p>\n<p data-gtm-element-container=\"modulo-texto-link\" class=\"paragraph\">Se march\u00f3 del c\u00e9sped con una bolsa de hielo debido a unos <strong>problemas en el menisco <\/strong>de su rodilla izquierda. Pero, antes, hizo un gol y dio una asistencia para la contundente y vital victoria (3-0) de su equipo.<strong> Su padre, en la grada, no pudo contener las l\u00e1grimas<\/strong> tal y como se puede ver en estas im\u00e1genes.<\/p>\n<blockquote class=\"twitter-tweet\" data-lang=\"es\"><p>\n<a href=\"https:\/\/twitter.com\/AuraFutShop\/status\/1994953896440250546\" rel=\"nofollow noopener\" target=\"_blank\">\n<\/p><\/blockquote>\n<p>    Lee tambi\u00e9n<\/p>\n<p data-gtm-element-container=\"modulo-texto-link\" class=\"paragraph\">Y es que recordemos que &#8216;Ney&#8217; est\u00e1 viviendo <strong>una de sus temporadas m\u00e1s complicadas<\/strong>, precisamente, <strong>por culpa de las lesiones<\/strong>. De hecho, su participaci\u00f3n en la pr\u00f3xima Copa del Mundo est\u00e1 totalmente en el aire a d\u00eda de hoy, pues Ancelotti ya ha dejado claro que solo estar\u00e1 en la lista de convocado si est\u00e1 en su cien por cien f\u00edsico.\u00a0<\/p>\n<p><script async src=\"https:\/\/platform.twitter.com\/widgets.js\" charset=\"utf-8\"><\/script><\/p>\n","protected":false},"excerpt":{"rendered":"El Santos de Neymar Jr. marcha decimosexto en el Brasileirao, empatado a puntos con el Internacional, equipo que&hellip;\n","protected":false},"author":2,"featured_media":264059,"comment_status":"","ping_status":"","sticky":false,"template":"","format":"standard","meta":{"footnotes":""},"categories":[268],"tags":[168,25,24,280,282,281,23,167],"class_list":{"0":"post-264058","1":"post","2":"type-post","3":"status-publish","4":"format-standard","5":"has-post-thumbnail","7":"category-futbol","8":"tag-deportes","9":"tag-es","10":"tag-espana","11":"tag-football","12":"tag-futbol","13":"tag-soccer","14":"tag-spain","15":"tag-sports"},"share_on_mastodon":{"url":"https:\/\/pubeurope.com\/@es\/115639989465192189","error":""},"_links":{"self":[{"href":"https:\/\/www.europesays.com\/es\/wp-json\/wp\/v2\/posts\/264058","targetHints":{"allow":["GET"]}}],"collection":[{"href":"https:\/\/www.europesays.com\/es\/wp-json\/wp\/v2\/posts"}],"about":[{"href":"https:\/\/www.europesays.com\/es\/wp-json\/wp\/v2\/types\/post"}],"author":[{"embeddable":true,"href":"https:\/\/www.europesays.com\/es\/wp-json\/wp\/v2\/users\/2"}],"replies":[{"embeddable":true,"href":"https:\/\/www.europesays.com\/es\/wp-json\/wp\/v2\/comments?post=264058"}],"version-history":[{"count":0,"href":"https:\/\/www.europesays.com\/es\/wp-json\/wp\/v2\/posts\/264058\/revisions"}],"wp:featuredmedia":[{"embeddable":true,"href":"https:\/\/www.europesays.com\/es\/wp-json\/wp\/v2\/media\/264059"}],"wp:attachment":[{"href":"https:\/\/www.europesays.com\/es\/wp-json\/wp\/v2\/media?parent=264058"}],"wp:term":[{"taxonomy":"category","embeddable":true,"href":"https:\/\/www.europesays.com\/es\/wp-json\/wp\/v2\/categories?post=264058"},{"taxonomy":"post_tag","embeddable":true,"href":"https:\/\/www.europesays.com\/es\/wp-json\/wp\/v2\/tags?post=264058"}],"curies":[{"name":"wp","href":"https:\/\/api.w.org\/{rel}","templated":true}]}}