{"id":264060,"date":"2025-11-30T18:09:10","date_gmt":"2025-11-30T18:09:10","guid":{"rendered":"https:\/\/www.europesays.com\/es\/264060\/"},"modified":"2025-11-30T18:09:10","modified_gmt":"2025-11-30T18:09:10","slug":"eiza-gonzalez-y-grigor-dimitrov-protagonizan-una-nueva-romantica-escapada-a-un-paraiso-invernal","status":"publish","type":"post","link":"https:\/\/www.europesays.com\/es\/264060\/","title":{"rendered":"Eiza Gonz\u00e1lez y Grigor Dimitrov protagonizan una nueva rom\u00e1ntica escapada a un para\u00edso invernal"},"content":{"rendered":"<p>\n          Eiza Gonz\u00e1lez y Grigor Dimitrov presumen su escapada a Costa Rica<\/p>\n<p>Estas no son las \u00fanicas vacaciones que la pareja ha disfrutado recientemente. A mediados de noviembre, <b> <a class=\"Link\" href=\"https:\/\/www.quien.com\/espectaculos\/2025\/09\/26\/la-pareja-del-momento-eiza-gonzalez-y-grigor-dimitrov-debutan-en-el-front-row-del-desfile-de-prada?utm_source=internal&amp;utm_medium=link-recommended\" target=\"_blank\" rel=\"nofollow noopener\">Eiza Gonz\u00e1lez<\/a>  <\/b>comparti\u00f3 una serie de im\u00e1genes rom\u00e1nticas junto a <b>Grigor Dimitrov <\/b>durante su viaje a Costa Rica, donde recorrieron paisajes naturales entre cascadas, playas y selvas tropicales.<\/p>\n<p>             <img loading=\"lazy\" decoding=\"async\" src=\"https:\/\/www.europesays.com\/es\/wp-content\/uploads\/2025\/11\/1764526149_170_\" class=\"lazyload\" alt=\"Eiza Gonz\u00e1lez y Grigor Dimitrov\"  width=\"600\" height=\"800\"\/> <\/p>\n<p>              Eiza Gonz\u00e1lez y Grigor Dimitrov<br \/>\n              (Instagram)<\/p>\n<p>La actriz mexicana fue quien dio a conocer las im\u00e1genes m\u00e1s destacadas del viaje. Como portada del \u00e1lbum de sus vacaciones, eligi\u00f3 un breve video que muestra uno de los atardeceres m\u00e1s impresionantes que disfrutaron en este destino paradis\u00edaco.<\/p>\n<p>             <img loading=\"lazy\" decoding=\"async\" src=\"https:\/\/www.europesays.com\/es\/wp-content\/uploads\/2025\/11\/1764526150_367_\" class=\"lazyload\" alt=\"Eiza Gonz\u00e1lez y Grigor Dimitrov\"  width=\"600\" height=\"315\"\/> <\/p>\n<p>              Eiza Gonz\u00e1lez y Grigor Dimitrov<br \/>\n              (Instagram)<\/p>\n<p>En una de las fotograf\u00edas, el tenista aparece sin playera abrazando a la actriz mexicana mientras ambos disfrutan del sol junto a una laguna. <b>Gonz\u00e1lez <\/b>tambi\u00e9n comparti\u00f3 una imagen rom\u00e1ntica en la que se les ve caminando por la playa al atardecer.<\/p>\n<p>\u201cPura vida\u201d, escribi\u00f3 <b>Eiza <\/b>en el pie de foto, en lo que representa una de las primeras ocasiones en las que comparte p\u00fablicamente momentos de su vida privada junto a su pareja.<\/p>\n<p>             <img loading=\"lazy\" decoding=\"async\" src=\"https:\/\/www.europesays.com\/es\/wp-content\/uploads\/2025\/11\/1764526150_654_\" class=\"lazyload\" alt=\"Eiza Gonz\u00e1lez\"  width=\"600\" height=\"800\"\/> <\/p>\n<p>              Eiza Gonz\u00e1lez<br \/>\n              (Instagram)<\/p>\n<p>Por su parte, <b>Grigor Dimitrov<\/b> comparti\u00f3 en su cuenta de Instagram varias de las im\u00e1genes publicadas por <b>Gonz\u00e1lez<\/b>, adem\u00e1s de incluir algunas postales in\u00e9ditas del viaje, entre ellas una fotograf\u00eda de la actriz posando en una lancha y otra nadando en la laguna.<\/p>\n","protected":false},"excerpt":{"rendered":"Eiza Gonz\u00e1lez y Grigor Dimitrov presumen su escapada a Costa Rica Estas no son las \u00fanicas vacaciones que&hellip;\n","protected":false},"author":2,"featured_media":264061,"comment_status":"","ping_status":"","sticky":false,"template":"","format":"standard","meta":{"footnotes":""},"categories":[174],"tags":[255,65601,65602,65603,65604,146,147,25,24,2793,256,65605,23],"class_list":{"0":"post-264060","1":"post","2":"type-post","3":"status-publish","4":"format-standard","5":"has-post-thumbnail","7":"category-famosos","8":"tag-celebrities","9":"tag-eiza-gonzalez","10":"tag-eiza-gonzalez-y-grigor-dimitrov","11":"tag-eiza-gonzalez-y-grigor-dimitrov-vacaciones-de-invierno","12":"tag-eiza-gonzalez-y-grigor-dimitrov-vacaciones-en-la-nieve","13":"tag-entertainment","14":"tag-entretenimiento","15":"tag-es","16":"tag-espana","17":"tag-espectaculos","18":"tag-famosos","19":"tag-grigor-dimitrov","20":"tag-spain"},"share_on_mastodon":{"url":"https:\/\/pubeurope.com\/@es\/115639993693870555","error":""},"_links":{"self":[{"href":"https:\/\/www.europesays.com\/es\/wp-json\/wp\/v2\/posts\/264060","targetHints":{"allow":["GET"]}}],"collection":[{"href":"https:\/\/www.europesays.com\/es\/wp-json\/wp\/v2\/posts"}],"about":[{"href":"https:\/\/www.europesays.com\/es\/wp-json\/wp\/v2\/types\/post"}],"author":[{"embeddable":true,"href":"https:\/\/www.europesays.com\/es\/wp-json\/wp\/v2\/users\/2"}],"replies":[{"embeddable":true,"href":"https:\/\/www.europesays.com\/es\/wp-json\/wp\/v2\/comments?post=264060"}],"version-history":[{"count":0,"href":"https:\/\/www.europesays.com\/es\/wp-json\/wp\/v2\/posts\/264060\/revisions"}],"wp:featuredmedia":[{"embeddable":true,"href":"https:\/\/www.europesays.com\/es\/wp-json\/wp\/v2\/media\/264061"}],"wp:attachment":[{"href":"https:\/\/www.europesays.com\/es\/wp-json\/wp\/v2\/media?parent=264060"}],"wp:term":[{"taxonomy":"category","embeddable":true,"href":"https:\/\/www.europesays.com\/es\/wp-json\/wp\/v2\/categories?post=264060"},{"taxonomy":"post_tag","embeddable":true,"href":"https:\/\/www.europesays.com\/es\/wp-json\/wp\/v2\/tags?post=264060"}],"curies":[{"name":"wp","href":"https:\/\/api.w.org\/{rel}","templated":true}]}}