{"id":264062,"date":"2025-11-30T18:10:12","date_gmt":"2025-11-30T18:10:12","guid":{"rendered":"https:\/\/www.europesays.com\/es\/264062\/"},"modified":"2025-11-30T18:10:12","modified_gmt":"2025-11-30T18:10:12","slug":"la-cubierta-tendra-una-forma-poco-habitual-pero-terminada-la-gente-la-mirara-con-admiracion","status":"publish","type":"post","link":"https:\/\/www.europesays.com\/es\/264062\/","title":{"rendered":"La cubierta tendr\u00e1 una forma poco habitual, pero terminada la gente la mirar\u00e1 con admiraci\u00f3n"},"content":{"rendered":"<p data-end=\"1359\" data-start=\"851\"><a href=\"https:\/\/www.arquitecturaydiseno.es\/arquitectura\/descubre-seis-estadios-de-futbol-que-ya-son-iconos-o-lo-seran-pronto-de-la-arquitectura-contemporanea_10267\" rel=\"nofollow noopener\" target=\"_blank\">La arquitectura deportiva<\/a> atraviesa un momento de profunda transformaci\u00f3n. Los estadios del siglo XX, pensados casi exclusivamente para <strong>acoger partidos, est\u00e1n dando paso a equipamientos urbanos complejos:<\/strong> espacios h\u00edbridos que combinan tecnolog\u00eda, confort, sostenibilidad y una intensa relaci\u00f3n con su entorno. En Europa, la renovaci\u00f3n es total: desde <strong>cubiertas bioclim\u00e1ticas hasta plazas p\u00fablicas activas,<\/strong> pasando por hospitalities flexibles y dise\u00f1os pensados para generar vida m\u00e1s all\u00e1 del d\u00eda de partido.<\/p>\n<p data-end=\"1842\" data-start=\"1361\">Espa\u00f1a vive su propia revoluci\u00f3n, con proyectos como el nuevo Santiago Bernab\u00e9u, la <a href=\"https:\/\/www.arquitecturaydiseno.es\/arquitectura\/propuesta-gaudiana-norman-foster-para-camp-nou-que-quedo-cajon-fc-barcelona_12657\" rel=\"nofollow noopener\" target=\"_blank\">remodelaci\u00f3n del Camp Nou<\/a> o <a href=\"https:\/\/www.arquitecturaydiseno.es\/arquitectura\/estadio-san-mames-cesar-azcarete-arquitectura_12667\" rel=\"nofollow noopener\" target=\"_blank\">el Nuevo San Mam\u00e9s<\/a>. Ahora es el Sevilla FC quien se suma a este cambio de paradigma con<strong> la futura transformaci\u00f3n del Ram\u00f3n S\u00e1nchez-Pizju\u00e1n. <\/strong>Y la responsabilidad de imaginarlo recae en uno de los mayores especialistas del pa\u00eds: <strong data-end=\"1718\" data-start=\"1700\">C\u00e9sar Azc\u00e1rat<strong>e<\/strong><\/strong><strong>, arquitecto de IDOM <\/strong>y autor de estadios como <strong>San Mam\u00e9s, el Monumental de Buenos Aires, el Ciutat de Val\u00e8ncia o La Cer\u00e1mica.<\/strong><\/p>\n<p>El estadio S\u00e1nchez-Pizju\u00e1n renueva su cubierta<\/p>\n<p><strong>El Sevilla FC<\/strong> ha hecho p\u00fablica una entrevista con Azc\u00e1rate en la que el arquitecto explica c\u00f3mo se gest\u00f3 el anteproyecto presentado a finales de 2023 y previsto para estar finalizado en 2028. <strong>El primer paso fue sumergirse en la identidad del club<\/strong> y en la propia ciudad.\u00a0\u201cLo primero que hicimos cuando recibimos el encargo fue conocer muy bien la idiosincrasia del club, su historia, la ciudad y especialmente el entorno en el que se encuentra el estadio. Para ello metimos en el equipo a gente sevillista y establecimos un di\u00e1logo continuo con el propio club\u201d, explica.<\/p>\n<p>&#13;<img loading=\"lazy\" decoding=\"async\"   src=\"https:\/\/www.europesays.com\/es\/wp-content\/uploads\/2025\/11\/nueva-cubierta-del-ramon-sanchez-pizjuan_b4299d6e_251126121830_1215x689.webp.webp\" alt=\"Nueva cubierta del Ram\u00f3n S\u00e1nchez-Pizju\u00e1n. \" class=\"lazyload\" width=\"1215\" height=\"689\" data-aspectratio=\"1215\/689\"\/> <\/p>\n<p><strong>La futura cubierta ser\u00e1 uno de los grandes rasgos distintivos<\/strong> del <strong>nuevo S\u00e1nchez-Pizju\u00e1n.<\/strong> Azc\u00e1rate lo resume as\u00ed: \u201cNo es la habitual, pero es la m\u00e1s eficiente para expandir la sombra a la zona exterior, a esa zona sur que ser\u00e1 un punto muy importante, y a las zonas curvas del grader\u00edo. La sombra es clave en un lugar como Sevilla. Es original, singular y muy interesante desde <strong>el punto de vista arquitect\u00f3nico. <\/strong>Creo que una vez est\u00e9 terminada la gente la mirar\u00e1 con admiraci\u00f3n\u201d.<\/p>\n<p><a href=\"https:\/\/www.arquitecturaydiseno.es\/decoracion\/cada-manana-veo-baldosas-mi-cocina-y-me-aburren-como-renovar-tu-cocina-sin-obras_12725\" data-ga4_event=\"custom_event\" data-ga4_event_name=\"click_intext\" data-ga4_link_url=\"https:\/\/www.arquitecturaydiseno.es\/decoracion\/cada-manana-veo-baldosas-mi-cocina-y-me-aburren-como-renovar-tu-cocina-sin-obras_12725\" data-ga4_link_text=\"meritxell_ribe_las_baldosas_de_la_cocina_son_el_primer_contacto_visual_del_dia\" data-ga4_content_type=\"photo\" data-ga4_element=\"related\" rel=\"nofollow noopener\" target=\"_blank\">&#13;&#13;<img loading=\"lazy\" decoding=\"async\" src=\"https:\/\/www.europesays.com\/es\/wp-content\/uploads\/2025\/11\/meritxell-ribe_7e942633_251124174044_600x600.webp.webp\" alt=\"Meritxell Rib\u00e9\" class=\"lazyload\" width=\"600\" height=\"600\" data-aspectratio=\"600\/600\"\/>&#13;&#13;<\/p>\n<p class=\"epigraph\">&#13;Noticia relacionada<\/p>\n<p class=\"title\">Meritxell Rib\u00e9: \u00abLas baldosas de la cocina son el primer contacto visual del d\u00eda\u00bb<\/p>\n<p><\/a><\/p>\n<p>La cubierta no solo busca proteger del sol,<strong> sino mejorar la sensaci\u00f3n t\u00e9rmica,<\/strong> controlar el clima interior y reforzar la est\u00e9tica del estadio desde la distancia. Adem\u00e1s, el proyecto reimagina completamente la experiencia del aficionado. El arquitecto destaca varias mejoras clave: una grada m\u00e1s amplia y con buena movilidad, nuevas zonas de boulevard cerca de las gradas y<strong> un aumento significativo de \u00e1reas de hospitality.<\/strong>\u00a0Pero m\u00e1s all\u00e1 del interior, el arquitecto subraya la importancia de abrir el estadio a su entorno urbano: una nueva plaza exterior \u2014especialmente en la zona sur\u2014 est\u00e1 pensada para impulsar usos culturales, de ocio y de relaci\u00f3n ciudadana.<strong> \u201cEl nuevo S\u00e1nchez-Pizju\u00e1n se utilizar\u00e1 a diario, no cada 15 d\u00edas. <\/strong>La nueva plaza exterior dar\u00e1 vida a la zona con espacios de ocio y cultura\u201d, explica.<\/p>\n<p><strong>Lejos de renunciar a su historia, el proyecto la refuerza.<\/strong> Azc\u00e1rate subraya que el famoso mosaico de la fachada principal se conservar\u00e1 exactamente en el mismo lugar, aunque a un nivel inferior por <strong>el soterramiento parcial del estadio: <\/strong>\u201cEl club nos dej\u00f3 claro que hab\u00eda que conservarlo y eso hemos hecho\u201d.\u00a0Esta voluntad de respetar lo existente, combin\u00e1ndola con un dise\u00f1o contempor\u00e1neo, define<strong> el nuevo car\u00e1cter del S\u00e1nchez-Pizju\u00e1n<\/strong>:\u00a0un estadio moderno, tecnol\u00f3gico y urbano, pero<strong> fiel a la identidad sevillista.<\/strong><\/p>\n","protected":false},"excerpt":{"rendered":"La arquitectura deportiva atraviesa un momento de profunda transformaci\u00f3n. Los estadios del siglo XX, pensados casi exclusivamente para&hellip;\n","protected":false},"author":2,"featured_media":264063,"comment_status":"","ping_status":"","sticky":false,"template":"","format":"standard","meta":{"footnotes":""},"categories":[173],"tags":[229,233,231,230,232,234,146,147,25,24,23],"class_list":{"0":"post-264062","1":"post","2":"type-post","3":"status-publish","4":"format-standard","5":"has-post-thumbnail","7":"category-arte-y-diseno","8":"tag-arte","9":"tag-arte-y-diseno","10":"tag-arts","11":"tag-arts-and-design","12":"tag-design","13":"tag-diseno","14":"tag-entertainment","15":"tag-entretenimiento","16":"tag-es","17":"tag-espana","18":"tag-spain"},"share_on_mastodon":{"url":"https:\/\/pubeurope.com\/@es\/115639997466709788","error":""},"_links":{"self":[{"href":"https:\/\/www.europesays.com\/es\/wp-json\/wp\/v2\/posts\/264062","targetHints":{"allow":["GET"]}}],"collection":[{"href":"https:\/\/www.europesays.com\/es\/wp-json\/wp\/v2\/posts"}],"about":[{"href":"https:\/\/www.europesays.com\/es\/wp-json\/wp\/v2\/types\/post"}],"author":[{"embeddable":true,"href":"https:\/\/www.europesays.com\/es\/wp-json\/wp\/v2\/users\/2"}],"replies":[{"embeddable":true,"href":"https:\/\/www.europesays.com\/es\/wp-json\/wp\/v2\/comments?post=264062"}],"version-history":[{"count":0,"href":"https:\/\/www.europesays.com\/es\/wp-json\/wp\/v2\/posts\/264062\/revisions"}],"wp:featuredmedia":[{"embeddable":true,"href":"https:\/\/www.europesays.com\/es\/wp-json\/wp\/v2\/media\/264063"}],"wp:attachment":[{"href":"https:\/\/www.europesays.com\/es\/wp-json\/wp\/v2\/media?parent=264062"}],"wp:term":[{"taxonomy":"category","embeddable":true,"href":"https:\/\/www.europesays.com\/es\/wp-json\/wp\/v2\/categories?post=264062"},{"taxonomy":"post_tag","embeddable":true,"href":"https:\/\/www.europesays.com\/es\/wp-json\/wp\/v2\/tags?post=264062"}],"curies":[{"name":"wp","href":"https:\/\/api.w.org\/{rel}","templated":true}]}}