{"id":264070,"date":"2025-11-30T18:15:24","date_gmt":"2025-11-30T18:15:24","guid":{"rendered":"https:\/\/www.europesays.com\/es\/264070\/"},"modified":"2025-11-30T18:15:24","modified_gmt":"2025-11-30T18:15:24","slug":"franco-colapinto-termino-14o-en-el-gp-de-qatar-verstappen-se-impuso-y-arde-la-definicion-de-la-f1","status":"publish","type":"post","link":"https:\/\/www.europesays.com\/es\/264070\/","title":{"rendered":"Franco Colapinto termin\u00f3 14\u00ba en el GP de Qatar: Verstappen se impuso y arde la definici\u00f3n de la F1"},"content":{"rendered":"<p class=\"paragraph\"><b>\u00a1Hist\u00f3rica victoria de Max Verstappen en el Gran Premio de Qatar!<\/b><\/p>\n<p class=\"paragraph\">El neerland\u00e9s de <b>Red Bull<\/b> se impuso en Lusail y puso el Campeonato de la <b>F\u00f3rmula 1 <\/b>al rojo vivo. <b>McLaren <\/b>tuvo problemas con la estrategia y<b> Oscar Piastri<\/b> termin\u00f3 en el segundo lugar, mientras que <b>Lando Norris<\/b> qued\u00f3 cuarto. <b>Carlos Sainz<\/b> de <b>Williams <\/b>complet\u00f3 el podio en el tercer puesto. <b>Franco Colapinto cumpli\u00f3 una buena tarea con su Alpine y finaliz\u00f3 14\u00b0.<\/b> Super\u00f3 a su compa\u00f1ero Pierre Gasly, que cruz\u00f3 la meta 16\u00b0.<\/p>\n<p class=\"paragraph\">Gran parte de la emoci\u00f3n de la carrera se centr\u00f3 en las estrategias: <b>los pilotos no pod\u00edan realizar m\u00e1s de 25 vueltas con el mismo neum\u00e1tico<\/b> y fueron obligados a frenar, como m\u00ednimo, en dos oportunidades a boxes. McLaren se equivoc\u00f3 en la planificaci\u00f3n y, con un Verstappen intratable, perdi\u00f3 en el Circuito Internacional de Lusail.<b> El neerland\u00e9s<\/b><b> <\/b><b>llegar\u00e1 a la \u00faltima carrera a 12 puntos de la cima, que le pertenece a Lando<\/b>.<\/p>\n<p class=\"paragraph\">Tras largar desde los pits, <b>Franco Colapinto<\/b> subi\u00f3 algunas posiciones despu\u00e9s del choque entre <b>Pierre Gasly<\/b> y <b>Nico Hulkenberg<\/b>. Desde entonces, el argentino mantuvo un ritmo regular que le permiti\u00f3 escalar hasta la 14\u00b0 posici\u00f3n y completar una correcta tarea en Qatar.<\/p>\n<p class=\"paragraph\">La pr\u00f3xima carrera de la F\u00f3rmula 1 ser\u00e1 la \u00faltima de la temporada 2025: el 7 de diciembre desde las 10:00 (hora argentina) se disputar\u00e1 el <b>Gran Premio de Abu Dhabi<\/b> para definir al campe\u00f3n.<\/p>\n<p class=\"paragraph\"><b>Vuelta 57\/57: \u00a1Norris super\u00f3 a Antonelli!<\/b><\/p>\n<p class=\"paragraph\">Lando pas\u00f3 al Mercedes, que cometi\u00f3 un error.<\/p>\n<p class=\"paragraph\"><b>Vuelta 55\/57: \u00a1Problemas para Hadjar!<\/b><\/p>\n<p class=\"paragraph\">El franc\u00e9s de Racing Bulls sufri\u00f3 con da\u00f1o en su monoplaza y perdi\u00f3 varias posiciones. Verstappen acaricia la victoria al sacarle 10 segundos a Piastri y Lando no puede superar a Antonelli<\/p>\n<p class=\"paragraph\"><b>Vuelta 52\/57: Norris no puede con Antonelli<\/b><\/p>\n<p class=\"paragraph\">El brit\u00e1nico de McLaren tiene grandes problemas para superar al Mercedes. Piastri no le recorta distancia a Verstappen y el Red Bull acaricia una hist\u00f3rica victoria.<\/p>\n<p class=\"paragraph\"><b>Vuelta 50\/57: Norris persigue a Antonelli<\/b><\/p>\n<p class=\"paragraph\">El brit\u00e1nico de McLaren intenta superar al italiano de Mercedes para escalar al cuarto lugar. Verstappen mantiene a Piastri a m\u00e1s de 12 segundos.<\/p>\n<p class=\"paragraph\"><b>Vuelta 49\/57: Colapinto resiste las arremetidas de Ocon<\/b><\/p>\n<p class=\"paragraph\">El argentino marcha 16\u00b0 y se defiende de los ataques del Haas. Su compa\u00f1ero de Alpine, Pierre Gasly, marcha \u00faltimo en el 18\u00b0 puesto.<\/p>\n<p><img alt=\"Franco Colapinto mantiene un correcto\" class=\"global-image\" decoding=\"async\" fetchpriority=\"low\" height=\"3280\" loading=\"lazy\" src=\"https:\/\/www.europesays.com\/es\/wp-content\/uploads\/2025\/11\/VF675TISVBH2ZJP3CLIDN6RZV4.JPG\" width=\"4880\"\/>Franco Colapinto mantiene un correcto ritmo en Qatar (REUTERS\/Ibraheem Abu Mustafa)<\/p>\n<p class=\"paragraph\"><b>Vuelta 47\/57: \u00a1Grandes problemas para Lando!<\/b><\/p>\n<p class=\"paragraph\">El brit\u00e1nico de McLaren est\u00e1 patinando en varios lugares de la pista y pierde tiempo respecto a sus rivales. Oliver Bearman, de Haas, abandon\u00f3.<\/p>\n<p class=\"paragraph\"><b>Vuelta 45\/57: \u00a1Carrera al rojo vivo!<\/b><\/p>\n<p class=\"paragraph\">Lando Norris regres\u00f3 en la quinta posici\u00f3n, por detr\u00e1s de Carlos Sainz y Andrea Kimi Antonelli. Max Verstappen lidera con 15 segundos de ventaja sobre Oscar Piastri.<\/p>\n<p><img alt=\"Verstappen se estar\u00eda quedando con\" class=\"global-image\" decoding=\"async\" fetchpriority=\"low\" height=\"2282\" loading=\"lazy\" src=\"https:\/\/www.europesays.com\/es\/wp-content\/uploads\/2025\/11\/W6BTMWECYZEKDATHX7LHMWI76Q.JPG\" width=\"3529\"\/>Verstappen se estar\u00eda quedando con una victoria hist\u00f3rica (REUTERS\/Ibraheem Abu Mustafa)<\/p>\n<p class=\"paragraph\"><b>Vuelta 45\/57: \u00a1Norris a boxes!<\/b><\/p>\n<p class=\"paragraph\">Cuando Verstappen estaba por superarlo, McLaren llam\u00f3 a Lando a los pits. <\/p>\n<p class=\"paragraph\"><b>Vuelta 42\/57: \u00a1Piastri a boxes!<\/b><\/p>\n<p class=\"paragraph\">El australiano de McLaren realiz\u00f3 una nueva detenci\u00f3n y podr\u00e1 seguir hasta el final de la carrera: sali\u00f3 a 17 segundos de Verstappen. La escuder\u00eda marc\u00f3 el r\u00e9cord en una parada de 1.8 segundos.<\/p>\n<p><img alt=\"Piastri sali\u00f3 muy lejos de\" class=\"global-image\" decoding=\"async\" fetchpriority=\"low\" height=\"2812\" loading=\"lazy\" src=\"https:\/\/www.europesays.com\/es\/wp-content\/uploads\/2025\/11\/ZWSD5AWIIZENNH73WYPW5DFII4.JPG\" width=\"4416\"\/>Piastri sali\u00f3 muy lejos de Verstappen y peligra su victoria (REUTERS\/Altaf Qadri)<\/p>\n","protected":false},"excerpt":{"rendered":"\u00a1Hist\u00f3rica victoria de Max Verstappen en el Gran Premio de Qatar! El neerland\u00e9s de Red Bull se impuso&hellip;\n","protected":false},"author":2,"featured_media":264071,"comment_status":"","ping_status":"","sticky":false,"template":"","format":"standard","meta":{"footnotes":""},"categories":[93],"tags":[168,25,24,271,2148,3019,23,3020,167],"class_list":{"0":"post-264070","1":"post","2":"type-post","3":"status-publish","4":"format-standard","5":"has-post-thumbnail","7":"category-deportes","8":"tag-deportes","9":"tag-es","10":"tag-espana","11":"tag-formula-1","12":"tag-middle-east","13":"tag-motor-racing","14":"tag-spain","15":"tag-sport","16":"tag-sports"},"share_on_mastodon":{"url":"https:\/\/pubeurope.com\/@es\/115640017220984124","error":""},"_links":{"self":[{"href":"https:\/\/www.europesays.com\/es\/wp-json\/wp\/v2\/posts\/264070","targetHints":{"allow":["GET"]}}],"collection":[{"href":"https:\/\/www.europesays.com\/es\/wp-json\/wp\/v2\/posts"}],"about":[{"href":"https:\/\/www.europesays.com\/es\/wp-json\/wp\/v2\/types\/post"}],"author":[{"embeddable":true,"href":"https:\/\/www.europesays.com\/es\/wp-json\/wp\/v2\/users\/2"}],"replies":[{"embeddable":true,"href":"https:\/\/www.europesays.com\/es\/wp-json\/wp\/v2\/comments?post=264070"}],"version-history":[{"count":0,"href":"https:\/\/www.europesays.com\/es\/wp-json\/wp\/v2\/posts\/264070\/revisions"}],"wp:featuredmedia":[{"embeddable":true,"href":"https:\/\/www.europesays.com\/es\/wp-json\/wp\/v2\/media\/264071"}],"wp:attachment":[{"href":"https:\/\/www.europesays.com\/es\/wp-json\/wp\/v2\/media?parent=264070"}],"wp:term":[{"taxonomy":"category","embeddable":true,"href":"https:\/\/www.europesays.com\/es\/wp-json\/wp\/v2\/categories?post=264070"},{"taxonomy":"post_tag","embeddable":true,"href":"https:\/\/www.europesays.com\/es\/wp-json\/wp\/v2\/tags?post=264070"}],"curies":[{"name":"wp","href":"https:\/\/api.w.org\/{rel}","templated":true}]}}