{"id":264078,"date":"2025-11-30T18:20:10","date_gmt":"2025-11-30T18:20:10","guid":{"rendered":"https:\/\/www.europesays.com\/es\/264078\/"},"modified":"2025-11-30T18:20:10","modified_gmt":"2025-11-30T18:20:10","slug":"el-papa-y-erdogan-apuestan-por-la-via-de-los-dos-estados-para-el-conflicto-de-israel-y-gaza","status":"publish","type":"post","link":"https:\/\/www.europesays.com\/es\/264078\/","title":{"rendered":"El Papa y Erdogan apuestan por la v\u00eda de los dos estados para el conflicto de Israel y Gaza"},"content":{"rendered":"<p style=\"\">Le\u00f3n XIV se ha mostrado muy satisfecho por la primera etapa de su primer viaje internacional, la delicada <a href=\"https:\/\/www.abc.es\/sociedad\/papa-despide-turquia-visita-vaticano-ortodoxos-tiende-20251130130603-nt.html\" rel=\"nofollow noopener\" target=\"_self\" data-voc-vtm-id=\"in-text-traffic\" title=\"visita a la Turqu\u00eda\" data-mrf-link=\"www.abc.es\">visita a la Turqu\u00eda<\/a> de Erdogan, y ha respaldado sus dotes de mediador en las guerras de Gaza y <a href=\"https:\/\/www.abc.es\/sociedad\/crisis-guerra-ucrania-empana-conmemoracion-1700-aniversario-20251128182652-nt.html\" rel=\"nofollow noopener\" target=\"_self\" data-voc-vtm-id=\"in-text-traffic\" title=\"Ucrania\" data-mrf-link=\"www.abc.es\">Ucrania<\/a>. \u00abHa sido un viaje precioso\u00bb,  &#8230; ha dicho. Tambi\u00e9n ha confirmado que quiere invitar a todos los l\u00edderes cristianos reunirse de nuevo probablemente en Jerusal\u00e9n dentro de ocho a\u00f1os para conmemorar juntos los dos mil a\u00f1os de la Resurrecci\u00f3n de Cristo.<\/p>\n<p class=\"voc-p\" style=\"\">Media hora despu\u00e9s de despegar desde Estambul, por sorpresa el Papa ha convocado una rueda de prensa, la primera de su pontificado. Mientras sobrevolaba Turqu\u00eda rumbo a Beirut ha dado las gracias al pa\u00eds anfitri\u00f3n y al presidente Erdogan \u00aby a todas las personas y medios que ha puesto a disposici\u00f3n para que saliera bien\u00bb. \u00abNos ha prestado incluso el helic\u00f3ptero\u00bb, ha destacado.<\/p>\n<p class=\"voc-p\" style=\"\">Luego ha respondido dos preguntas y ha confirmado que una de las prioridades del viaje era \u00abpromover la paz en la regi\u00f3n\u00bb. \u00abLa gran mayor\u00eda de la poblaci\u00f3n es musulmana, y hay una minor\u00eda cristiana y de personas de otras religiones. Entre ellos viven en paz, es un ejemplo para todo el mundo, vivir juntos en paz a pesar de las diferencias\u00bb, ha asegurado.<\/p>\n<p class=\"voc-p\" style=\"\">Ha confirmado que una de las cuestiones que ha abordado durante su encuentro a puerta cerrada con Recep Tayip Erdogan \u00abha sido la paz\u00bb en Gaza y en Ucrania. \u00abHemos hablado de ambas\u00bb situaciones.<\/p>\n<p class=\"voc-p\" style=\"\">Sobre el conflicto entre Israel y Palestina, ha recordado que \u00abla Santa Sede, desde hace a\u00f1os, en p\u00fablico apoya la soluci\u00f3n de los dos Estados, que Israel no acepta, pero la vemos como la \u00fanica que podr\u00eda ofrecer una soluci\u00f3n al conflicto que continuamente viven\u00bb. \u00abSomos amigos de Israel e intentamos con ambas partes ser una voz mediadora que pueda ayudar a acercarse a una soluci\u00f3n con justicia para todos. He hablado con Erdogan, est\u00e1 de acuerdo con esta propuesta, y Turqu\u00eda tiene un papel importante\u00bb.<\/p>\n<p class=\"voc-p\" style=\"\">Sobre Ucrania ha mencionado que Erdogan en el pasado \u00abha ayudado a convocar reuniones\u00bb entre Kiev y Mosc\u00fa, \u00abpor desgracia no se ha solucionado\u00bb. \u00abHemos visto que ahora (se est\u00e1 planteando) otra propuesta (de soluci\u00f3n), y esperamos que el presidente Erdogan contribuya al di\u00e1logo de los presidentes de Ucrania, de Rusia y de EE.UU.\u00bb.<\/p>\n<p>\nEncuentro ecum\u00e9nico en Jerusal\u00e9n\n<\/p>\n<p class=\"voc-p\" style=\"\">De su agenda en Turqu\u00eda el Papa ha destacado el encuentro en Nicea, para conmemorar los 1.700 a\u00f1os del primer concilio y de la composici\u00f3n del Credo que a\u00fan comparten los cristianos. \u00abFue una celebraci\u00f3n, sencilla y profunda, junto a los restos de esta bas\u00edlica para recordar el acuerdo entre confesiones cristianas\u00bb. <\/p>\n<p class=\"voc-p\" style=\"\">El portavoz del Vaticano le ha sugerido que explicara el encuentro privado que mantuvo este s\u00e1bado a puerta cerrada con patriarcas, representantes de Iglesias cristianas. \u00abAyer por la ma\u00f1ana hablamos de futuros encuentros posibles, uno ser\u00eda en 2033, a 2.000 a\u00f1os de la Resurrecci\u00f3n de Jesucristo, un evento que todos los cristianos queremos celebrar. Quiz\u00e1 podr\u00edamos celebrarlo en Jerusal\u00e9n en 2033. Quedan a\u00f1os, y no he formalizado la invitaci\u00f3n , pero ha sido un encuentro bello porque hab\u00eda cristianos de todas las tradiciones\u00bb.<\/p>\n<p class=\"voc-p\" style=\"\">La conferencia de prensa ha durado menos de 10 minutos y con ella el Papa ha confirmado que desea mantener esta costumbre del \u00faltimo Pontificado de comentar los viajes una vez concluidos, y a la vez ha evitado respuestas pol\u00e9micas. Las dos preguntas se han limitado a cuestiones relativas al viaje. El martes veremos si tambi\u00e9n atiende preguntas sobre otras cuestiones de actualidad.<\/p>\n<p class=\"voc-p\" style=\"\">A las 14:30 hora local, el avi\u00f3n del Papa entr\u00f3 en territorio liban\u00e9s y dos avionetas del ej\u00e9rcito lo escoltaron hasta el aeropuerto de Beirut como gesto de bienvenida. Fueron los primeros libaneses que le han dado la bienvenida.<\/p>\n","protected":false},"excerpt":{"rendered":"Le\u00f3n XIV se ha mostrado muy satisfecho por la primera etapa de su primer viaje internacional, la delicada&hellip;\n","protected":false},"author":2,"featured_media":264079,"comment_status":"","ping_status":"","sticky":false,"template":"","format":"standard","meta":{"footnotes":""},"categories":[42],"tags":[49927,17,18,11500,1563,60510,4217,13,14,694,11,61,62,63,64,74,19,20,9,10,15,16,12629,12,21,22,3252,65,66,67],"class_list":{"0":"post-264078","1":"post","2":"type-post","3":"status-publish","4":"format-standard","5":"has-post-thumbnail","7":"category-internacional","8":"tag-apuestan","9":"tag-breaking-news","10":"tag-breakingnews","11":"tag-conflicto","12":"tag-dos","13":"tag-erdogan","14":"tag-estados","15":"tag-featured-news","16":"tag-featurednews","17":"tag-gaza","18":"tag-headlines","19":"tag-internacional","20":"tag-international","21":"tag-international-news","22":"tag-internationalnews","23":"tag-israel","24":"tag-latest-news","25":"tag-latestnews","26":"tag-news","27":"tag-noticias","28":"tag-noticias-destacadas","29":"tag-noticiasdestacadas","30":"tag-papa","31":"tag-titulares","32":"tag-ultimas-noticias","33":"tag-ultimasnoticias","34":"tag-via","35":"tag-world","36":"tag-world-news","37":"tag-worldnews"},"share_on_mastodon":{"url":"https:\/\/pubeurope.com\/@es\/115640036654590733","error":""},"_links":{"self":[{"href":"https:\/\/www.europesays.com\/es\/wp-json\/wp\/v2\/posts\/264078","targetHints":{"allow":["GET"]}}],"collection":[{"href":"https:\/\/www.europesays.com\/es\/wp-json\/wp\/v2\/posts"}],"about":[{"href":"https:\/\/www.europesays.com\/es\/wp-json\/wp\/v2\/types\/post"}],"author":[{"embeddable":true,"href":"https:\/\/www.europesays.com\/es\/wp-json\/wp\/v2\/users\/2"}],"replies":[{"embeddable":true,"href":"https:\/\/www.europesays.com\/es\/wp-json\/wp\/v2\/comments?post=264078"}],"version-history":[{"count":0,"href":"https:\/\/www.europesays.com\/es\/wp-json\/wp\/v2\/posts\/264078\/revisions"}],"wp:featuredmedia":[{"embeddable":true,"href":"https:\/\/www.europesays.com\/es\/wp-json\/wp\/v2\/media\/264079"}],"wp:attachment":[{"href":"https:\/\/www.europesays.com\/es\/wp-json\/wp\/v2\/media?parent=264078"}],"wp:term":[{"taxonomy":"category","embeddable":true,"href":"https:\/\/www.europesays.com\/es\/wp-json\/wp\/v2\/categories?post=264078"},{"taxonomy":"post_tag","embeddable":true,"href":"https:\/\/www.europesays.com\/es\/wp-json\/wp\/v2\/tags?post=264078"}],"curies":[{"name":"wp","href":"https:\/\/api.w.org\/{rel}","templated":true}]}}