{"id":264082,"date":"2025-11-30T18:22:10","date_gmt":"2025-11-30T18:22:10","guid":{"rendered":"https:\/\/www.europesays.com\/es\/264082\/"},"modified":"2025-11-30T18:22:10","modified_gmt":"2025-11-30T18:22:10","slug":"paco-lopez-en-los-primeros-minutos-han-sido-mejores-pero-la-expulsion-ha-decantado-el-partido-c-d-leganes","status":"publish","type":"post","link":"https:\/\/www.europesays.com\/es\/264082\/","title":{"rendered":"Paco L\u00f3pez: \u00abEn los primeros minutos han sido mejores, pero la expulsi\u00f3n ha decantado el partido\u00bb &#8211; C.D. Legan\u00e9s"},"content":{"rendered":"<p><strong>El entrenador del C.D. Legan\u00e9s, Paco L\u00f3pez, compareci\u00f3 este domingo en rueda de prensa al t\u00e9rmino del partido que enfrent\u00f3 al equipo pepinero y al Real Zaragoza en el Ibercaja Estadio, correspondiente a la decimosexta jornada de LALIGA HYPERMOTION, que finaliz\u00f3 con victoria local por 3-2.<\/strong><\/p>\n<p>El t\u00e9cnico valor\u00f3 de esta manera lo sucedido durante el encuentro:<\/p>\n<p><strong>Primera parte<\/strong>: \u00abEn los primeros quince minutos han sido mejores once para once. Han salido empujados por su gente y nosotros hemos estado demasiado t\u00edmidos con la pelota. Nos han generado dos o tres ocasiones en las que Juan Soriano ha estado muy bien, y cuando mejor estaban hemos conseguido el gol. Poco despu\u00e9s ha llegado la expulsi\u00f3n de Marvel y a partir de ah\u00ed nos han obligado a estar un poco m\u00e1s atr\u00e1s con uno menos. El gol del empate viene por un error en las marcas\u00bb.<\/p>\n<p><strong>Segunda parte<\/strong>: \u00abNos encontr\u00e1bamos bien en bloque bajo, pero en un error en salida de bal\u00f3n cometemos la falta del golazo de Toni Moya. Con m\u00e1s espacios nos han hecho el tercero, hemos seguido busc\u00e1ndolo y hemos tenido el premio del 3-2 y estar con ligeras opciones de poder empatar\u00bb.<\/p>\n<p><strong>Expulsi\u00f3n de Marvel<\/strong>: \u00abLa pena es que una herramienta tan valiosa como el VAR, con la igualdad que hay y lo que todos nos estamos jugando, penalice una expulsi\u00f3n como ha pasado hoy con Marvel. Si le paras la imagen al \u00e1rbitro, l\u00f3gicamente vas a pensar que es expulsi\u00f3n, cuando viendo la secuencia se ve que es un lance m\u00e1s del juego y no hay ninguna agresi\u00f3n. Es una pena que estas cosas puedan enturbiar el f\u00fatbol con todo lo que nos estamos jugando. Le tienen que dar una vuelta, porque es una pena que un partido se pueda decidir as\u00ed. Entiendo que se pueda entrar ante una agresi\u00f3n, pero como los futbolistas lo saben al m\u00ednimo contacto intentan que entre el VAR. Hoy hemos salido perjudicados, el partido se ha decantado por esa expulsi\u00f3n, aunque en los primeros minutos han estado mejor que nosotros, pero ya no se puede sacar una conclusi\u00f3n con la igualdad que hay en esta categor\u00eda\u00bb.<\/p>\n","protected":false},"excerpt":{"rendered":"El entrenador del C.D. Legan\u00e9s, Paco L\u00f3pez, compareci\u00f3 este domingo en rueda de prensa al t\u00e9rmino del partido&hellip;\n","protected":false},"author":2,"featured_media":264083,"comment_status":"","ping_status":"","sticky":false,"template":"","format":"standard","meta":{"footnotes":""},"categories":[5],"tags":[17,18,25,24,13,14,11,19,20,9,10,15,16,23,12,21,22],"class_list":{"0":"post-264082","1":"post","2":"type-post","3":"status-publish","4":"format-standard","5":"has-post-thumbnail","7":"category-titulares","8":"tag-breaking-news","9":"tag-breakingnews","10":"tag-es","11":"tag-espana","12":"tag-featured-news","13":"tag-featurednews","14":"tag-headlines","15":"tag-latest-news","16":"tag-latestnews","17":"tag-news","18":"tag-noticias","19":"tag-noticias-destacadas","20":"tag-noticiasdestacadas","21":"tag-spain","22":"tag-titulares","23":"tag-ultimas-noticias","24":"tag-ultimasnoticias"},"share_on_mastodon":{"url":"https:\/\/pubeurope.com\/@es\/115640044364220429","error":""},"_links":{"self":[{"href":"https:\/\/www.europesays.com\/es\/wp-json\/wp\/v2\/posts\/264082","targetHints":{"allow":["GET"]}}],"collection":[{"href":"https:\/\/www.europesays.com\/es\/wp-json\/wp\/v2\/posts"}],"about":[{"href":"https:\/\/www.europesays.com\/es\/wp-json\/wp\/v2\/types\/post"}],"author":[{"embeddable":true,"href":"https:\/\/www.europesays.com\/es\/wp-json\/wp\/v2\/users\/2"}],"replies":[{"embeddable":true,"href":"https:\/\/www.europesays.com\/es\/wp-json\/wp\/v2\/comments?post=264082"}],"version-history":[{"count":0,"href":"https:\/\/www.europesays.com\/es\/wp-json\/wp\/v2\/posts\/264082\/revisions"}],"wp:featuredmedia":[{"embeddable":true,"href":"https:\/\/www.europesays.com\/es\/wp-json\/wp\/v2\/media\/264083"}],"wp:attachment":[{"href":"https:\/\/www.europesays.com\/es\/wp-json\/wp\/v2\/media?parent=264082"}],"wp:term":[{"taxonomy":"category","embeddable":true,"href":"https:\/\/www.europesays.com\/es\/wp-json\/wp\/v2\/categories?post=264082"},{"taxonomy":"post_tag","embeddable":true,"href":"https:\/\/www.europesays.com\/es\/wp-json\/wp\/v2\/tags?post=264082"}],"curies":[{"name":"wp","href":"https:\/\/api.w.org\/{rel}","templated":true}]}}