{"id":264088,"date":"2025-11-30T18:30:11","date_gmt":"2025-11-30T18:30:11","guid":{"rendered":"https:\/\/www.europesays.com\/es\/264088\/"},"modified":"2025-11-30T18:30:11","modified_gmt":"2025-11-30T18:30:11","slug":"la-increible-resurrecion-de-kyle-guy","status":"publish","type":"post","link":"https:\/\/www.europesays.com\/es\/264088\/","title":{"rendered":"La incre\u00edble resurreci\u00f3n de Kyle Guy"},"content":{"rendered":"<p data-mrf-recirculation=\"Links P\u00e1rrafos\" class=\"ue-c-article__paragraph paragraph xai-icon-container ue-c-article--first-letter-highlighted\">Kyle Guy est\u00e1 firmando <strong>uno de los regresos m\u00e1s sorprendentes<\/strong> que ha dejado el baloncesto. Tras <strong>anunciar su retirada en 2024<\/strong>, con apenas<strong> 26 a\u00f1o<\/strong>s, y asumir un cargo como asistente en la Universidad de Virginia, todo indicaba que su etapa como jugador profesional hab\u00eda terminado. Sin embargo, a lo largo de 2025 <strong>su carrera ha dado un giro inesperado e impactante.<\/strong><\/p>\n<p data-mrf-recirculation=\"Links P\u00e1rrafos\" class=\"ue-c-article__paragraph paragraph xai-icon-container\">Guy firm\u00f3 con los Indiana Pacers y<strong> aterriz\u00f3 en su filial de la G League, los Noblesville Boom <\/strong>donde no ha parado de llamar la atenci\u00f3n. En el inicio de la competici\u00f3n, en solo seis encuentros disputados promedia n\u00fameros de aut\u00e9ntica estrella,<strong> con 22,3 puntos y mas de un 35% de acierto en el tiro de tres <\/strong>sacando a relucir toda su explosi\u00f3n anotadora que recuerda a la mejor versi\u00f3n del tirador que brill\u00f3 tanto en la NCAA como en la Liga Endesa con el Joventut de Badalona y el Lenovo Tenerife.\u00a0<\/p>\n<p data-mrf-recirculation=\"Links P\u00e1rrafos\" class=\"ue-c-article__paragraph paragraph xai-icon-container\">Su impacto en la G League est\u00e1 siendo tan espectacular, que en cuesti\u00f3n de semanas,<strong> se ha convertido en una de las grandes sensaciones de la competici\u00f3n<\/strong>, mostrando un nivel que muchos cre\u00edan ya inalcanzable tras su retirada. Y entonces lleg\u00f3 la gran sorpresa<strong>: Estados Unidos lo convoc\u00f3<\/strong> para disputar las ventanas FIBA de clasificaci\u00f3n al Mundial 2027. <strong>Debut\u00f3 con la selecci\u00f3n anotando 11 puntos, siendo de los m\u00e1s destacados en la victoria de su pa\u00eds ante Nicaragua (67-102)<\/strong>. Otra demostraci\u00f3n de que lo que comenz\u00f3 como un simple intento de volver a disfrutar del juego se ha transformado en un resurgir deportivo.<\/p>\n<p data-mrf-recirculation=\"Links P\u00e1rrafos\" class=\"ue-c-article__paragraph paragraph xai-icon-container\">Este nuevo cap\u00edtulo en su carrera es el resultado de un camino muy peculiar, Guy pas\u00f3 de ser un h\u00e9roe universitario y promesa de la NBA, a protagonizar etapas brillantes en Europa y posteriormente a vivir un baj\u00f3n que lo llev\u00f3 a poner fin a su carrera demasiado pronto. Sin embargo,<strong> Kyle Guy disfruta ahora de un momento que nadie esperaba, ni siquiera \u00e9l.<\/strong> Su inesperado debut con Estados Unidos y su protagonismo en la G League hace que su historia ya sea una de las m\u00e1s inspiradoras del a\u00f1o, <strong>un jugador que tras retirarse, ha vuelto a recuperar su pasi\u00f3n y vuelve a brillar donde siempre quiso estar.<\/strong><\/p>\n","protected":false},"excerpt":{"rendered":"Kyle Guy est\u00e1 firmando uno de los regresos m\u00e1s sorprendentes que ha dejado el baloncesto. Tras anunciar su&hellip;\n","protected":false},"author":2,"featured_media":264089,"comment_status":"","ping_status":"","sticky":false,"template":"","format":"standard","meta":{"footnotes":""},"categories":[269],"tags":[299,298,168,25,24,23,167],"class_list":{"0":"post-264088","1":"post","2":"type-post","3":"status-publish","4":"format-standard","5":"has-post-thumbnail","7":"category-baloncesto","8":"tag-baloncesto","9":"tag-basketball","10":"tag-deportes","11":"tag-es","12":"tag-espana","13":"tag-spain","14":"tag-sports"},"share_on_mastodon":{"url":"https:\/\/pubeurope.com\/@es\/115640076079102586","error":""},"_links":{"self":[{"href":"https:\/\/www.europesays.com\/es\/wp-json\/wp\/v2\/posts\/264088","targetHints":{"allow":["GET"]}}],"collection":[{"href":"https:\/\/www.europesays.com\/es\/wp-json\/wp\/v2\/posts"}],"about":[{"href":"https:\/\/www.europesays.com\/es\/wp-json\/wp\/v2\/types\/post"}],"author":[{"embeddable":true,"href":"https:\/\/www.europesays.com\/es\/wp-json\/wp\/v2\/users\/2"}],"replies":[{"embeddable":true,"href":"https:\/\/www.europesays.com\/es\/wp-json\/wp\/v2\/comments?post=264088"}],"version-history":[{"count":0,"href":"https:\/\/www.europesays.com\/es\/wp-json\/wp\/v2\/posts\/264088\/revisions"}],"wp:featuredmedia":[{"embeddable":true,"href":"https:\/\/www.europesays.com\/es\/wp-json\/wp\/v2\/media\/264089"}],"wp:attachment":[{"href":"https:\/\/www.europesays.com\/es\/wp-json\/wp\/v2\/media?parent=264088"}],"wp:term":[{"taxonomy":"category","embeddable":true,"href":"https:\/\/www.europesays.com\/es\/wp-json\/wp\/v2\/categories?post=264088"},{"taxonomy":"post_tag","embeddable":true,"href":"https:\/\/www.europesays.com\/es\/wp-json\/wp\/v2\/tags?post=264088"}],"curies":[{"name":"wp","href":"https:\/\/api.w.org\/{rel}","templated":true}]}}