{"id":264090,"date":"2025-11-30T18:31:18","date_gmt":"2025-11-30T18:31:18","guid":{"rendered":"https:\/\/www.europesays.com\/es\/264090\/"},"modified":"2025-11-30T18:31:18","modified_gmt":"2025-11-30T18:31:18","slug":"apisonadora-lautaro-as-com","status":"publish","type":"post","link":"https:\/\/www.europesays.com\/es\/264090\/","title":{"rendered":"Apisonadora Lautaro &#8211; AS.com"},"content":{"rendered":"<p class=\"\">En el duro campo de <b>Pisa<\/b>, <b>el Inter tuvo que levantar la cabeza <\/b>tras las contundentes derrotas contra el Milan en el derbi y contra el<b> Atl\u00e9tico de Madrid en la Champions League. <\/b>Esta fue la primera encrucijada de la temporada para cerrar noviembre de la mejor forma. Y es en estas situaciones donde la diferencia reside en contar con l\u00edderes que tambi\u00e9n sean t\u00e9cnicamente competentes, como demostr\u00f3 una vez m\u00e1s <b>Lautaro Mart\u00ednez con su doblete.<\/b><\/p>\n<p class=\"\">La primera mitad en el Arena Garibaldi estuvo llena de ocasiones desaprovechadas. Ambos equipos jugaron a un ritmo bastante r\u00e1pido y ambos tuvieron dificultades de cara a la porter\u00eda. El Pisa quiso abrir el marcador con Meister, quien se lanz\u00f3 con potencia por la izquierda, superando a Akanji y Barella, pero su disparo se fue desviado. <b>El Inter tard\u00f3 m\u00e1s en arrancar porque el equipo de Gilardino<\/b>, invicto en sus \u00faltimos seis partidos de la Serie A, cubri\u00f3 muy bien, dejando poco espacio a su rival. <\/p>\n<p><img decoding=\"async\" src=\"https:\/\/www.europesays.com\/es\/wp-content\/uploads\/2025\/11\/2U2TO4PG7FO6LESQZN24FUSQ7Q.jpg\" alt=\"Apisonadora Lautaro\" height=\"2880\" width=\"4040\"   loading=\"lazy\"\/>Claudia Greco<\/p>\n<p class=\"\">Acerbi lo intent\u00f3 en el 24\u2032, tras un tiro libre de Calhanoglu, pero el defensa estaba en fuera de juego. <b>Mientras un cabezazo de Lautaro se estrell\u00f3 en el segundo palo<\/b>: hasta entonces, el argentino no hab\u00eda tenido suficiente impacto. El Pisa volvi\u00f3 a manifestarse despu\u00e9s de la media hora, y no desenton\u00f3 contra el Inter. De hecho, Piccinini, asistido por Tour\u00e9, fall\u00f3 por poco el segundo palo, y Acerbi lleg\u00f3 tarde a su rival. Los nerazzurri acabaron la primera parte al ataque: tras un c\u00f3rner, Lautaro contraatac\u00f3 y remat\u00f3, pero el bal\u00f3n se fue por encima del larguero.<\/p>\n<p class=\"\">Meister tambi\u00e9n fue protagonista del inicio de la segunda mitad, obligando a Acerbi a una oportuna atajada para evitar un gol. Sin embargo, el equipo de Gilardino demostr\u00f3 que era digno de su rival y repiti\u00f3 el intento en el 54\u2032 por medio de Nzola. La oportunidad m\u00e1s incre\u00edble del delantero centro, sin embargo, lleg\u00f3 en el 63\u2032, cuando lider\u00f3 el contraataque del Pisa, dejando al Inter expuesto. <b>Le gan\u00f3 el duelo a Acerbi y dispar\u00f3, pero el bal\u00f3n se estrell\u00f3 en el segundo palo<\/b>. Unos minutos despu\u00e9s, la jugada de <b>Pio Esposito <\/b>fue suficiente para el Inter, que encontr\u00f3 a Lautaro en el centro. Este dispar\u00f3 de primera para poner a su equipo por delante 0-1. <b>El Toro volvi\u00f3 a demostrar que sabe estar en el lugar correcto en el momento <\/b>oportuno, anotando su segundo gol en el 83\u2032: Zielinski, un soberbio suplente en la segunda parte, mantuvo el bal\u00f3n en la banda derecha, eludi\u00f3 los marcadores y pas\u00f3 a Barella, quien centr\u00f3 para el capit\u00e1n.<\/p>\n<p>Noticias relacionadas<a href=\"https:\/\/as.com\/futbol\/internacional\/leao-es-suficiente-para-la-fiesta-del-milan-f202511-n\/\" class=\"s_m_w\" title=\"Un gol de Rafa Le\u00e3o le alcanz\u00f3 al Milan para ganarle a la Lazio de Sarri y meterse de lleno en la lucha por el Scudetto.\" data-tb-link=\"\" rel=\"nofollow noopener\" target=\"_blank\"><img decoding=\"async\" src=\"https:\/\/www.europesays.com\/es\/wp-content\/uploads\/2025\/11\/YI4GU6TI5FOO3HWF2ATMUNS72M.jpg\" alt=\"Le\u00e3o hace l\u00edder a Modric \" class=\"\" height=\"9\" width=\"16\"   loading=\"lazy\" data-tb-thumbnail=\"\"\/><\/a><a href=\"https:\/\/as.com\/futbol\/internacional\/yildiz-superstar-f202511-n\/\" class=\"s_m_w\" title=\"Un doblete del turco lleva a la Juventus al \u00e9xito. Spalletti celebra su primera victoria en Serie A en el Allianz Stadium.\" data-tb-link=\"\" rel=\"nofollow noopener\" target=\"_blank\"><img decoding=\"async\" src=\"https:\/\/www.europesays.com\/es\/wp-content\/uploads\/2025\/11\/Q4YTM3LB2BM2PIIUHKFZYXTU2U.jpg\" alt=\"Yildiz Superstar\" class=\"\" height=\"9\" width=\"16\"   loading=\"lazy\" data-tb-thumbnail=\"\"\/><\/a><\/p>\n<p class=\"\"><b>El Inter se toma as\u00ed un respiro<\/b> y se acomoda en sus asientos mientras espera el Roma-N\u00e1poles, que podr\u00eda representar otra sorpresa en la tabla de la Serie A.<\/p>\n<p class=\"\"><b>\u00a1Tus opiniones importan!<\/b> Comenta en los art\u00edculos y suscr\u00edbete gratis a nuestra <a href=\"https:\/\/asfan.as.com\/newsletters\/\" target=\"_blank\" rel=\"nofollow noopener\" title=\"https:\/\/asfan.as.com\/newsletters\/\">newsletter<\/a> y a las alertas informativas en la <a href=\"https:\/\/as.com\/aplicacion-de-as-n\/\" target=\"_blank\" rel=\"nofollow noopener\" title=\"https:\/\/as.com\/aplicacion-de-as-n\/\">App<\/a> o el canal de <a href=\"https:\/\/www.whatsapp.com\/channel\/0029VaAasdA7j6g745nz9M10\" target=\"_blank\" rel=\"nofollow noopener\" title=\"https:\/\/www.whatsapp.com\/channel\/0029VaAasdA7j6g745nz9M10\">WhatsApp<\/a>. \u00bfBuscas licenciar contenido? Haz clic <a href=\"https:\/\/profesional.elpais.com\/soluciones-sindicacion?utm_medium=interno&amp;utm_source=crosslinking&amp;utm_campaign=sindicacion_as_pie_articulos\" target=\"_blank\" rel=\"nofollow noopener\" title=\"https:\/\/profesional.elpais.com\/soluciones-sindicacion?utm_medium=interno&amp;utm_source=crosslinking&amp;utm_campaign=sindicacion_as_pie_articulos\">aqu\u00ed<\/a><\/p>\n<p>                            Pisa<\/p>\n<p>                                                                                                                                                                                                                                                                                            <img decoding=\"async\" title=\"Pisa\" loading=\"lazy\" src=\"https:\/\/www.europesays.com\/es\/wp-content\/uploads\/2025\/11\/6893869f5bdcb10.png\"  width=\"80\" height=\"80\" data-error-image=\"https:\/\/static.prisa.com\/aside\/resizer\/resize\/img\/sports\/football\/teams\/default.png?width=160&amp;height=160\"\/><\/p>\n<p class=\"stat-tl ev-fw-tl\"><strong>Cambios<\/strong><\/p>\n<p class=\"ev-text-aux\">\n                            <strong>Piotr Zielinski<\/strong> (45&#8242;, Petar Sucic),                             <strong>Andy Diouf<\/strong> (66&#8242;, Luis Henrique),                             <strong>Francesco Pio Esposito<\/strong> (66&#8242;, Marcus Thuram),                             <strong>Yann Bisseck<\/strong> (67&#8242;, Francesco Acerbi),                             <strong>Matt\u00e9o Tramoni<\/strong> (70&#8242;, Samuele Angori),                             <strong>Mehdi L\u00e9ris<\/strong> (70&#8242;, Gabriele Piccinini),                             <strong>Lorran<\/strong> (79&#8242;, Ra\u00fal Albiol),                             <strong>Carlos Augusto<\/strong> (87&#8242;, Lautaro Mart\u00ednez),                             <strong>Louis Buffon<\/strong> (89&#8242;, Henrik Meister),                             <strong>Stefano Moreo<\/strong> (89&#8242;, M&#8217;Bala Nzola)                        <\/p>\n<p class=\"stat-tl ev-fw-tl\"><strong>Goles<\/strong><\/p>\n<p class=\"ev-text-aux\">\n                                                                                                        0-1, 68&#8242;: <strong>Lautaro Mart\u00ednez<\/strong>,                                                                                 0-2, 82&#8242;: <strong>Lautaro Mart\u00ednez<\/strong>                        <\/p>\n<p class=\"stat-tl ev-fw-tl\"><strong>Tarjetas<\/strong><\/p>\n<p class=\"ev-text-aux\">\n                Arbitro: Marco Guida<br \/>Arbitro VAR: Daniele Paterna, Federico La Penna<br \/><strong>Antonio Caracciolo<\/strong> (25&#8242;,Amarilla),                                     <strong>Acerbi<\/strong> (34&#8242;,Amarilla),                                     <strong>Albiol<\/strong> (60&#8242;,Amarilla)                            <\/p>\n","protected":false},"excerpt":{"rendered":"En el duro campo de Pisa, el Inter tuvo que levantar la cabeza tras las contundentes derrotas contra&hellip;\n","protected":false},"author":2,"featured_media":264091,"comment_status":"","ping_status":"","sticky":false,"template":"","format":"standard","meta":{"footnotes":""},"categories":[268],"tags":[168,25,24,280,282,281,23,167],"class_list":{"0":"post-264090","1":"post","2":"type-post","3":"status-publish","4":"format-standard","5":"has-post-thumbnail","7":"category-futbol","8":"tag-deportes","9":"tag-es","10":"tag-espana","11":"tag-football","12":"tag-futbol","13":"tag-soccer","14":"tag-spain","15":"tag-sports"},"share_on_mastodon":{"url":"https:\/\/pubeurope.com\/@es\/115640080448870909","error":""},"_links":{"self":[{"href":"https:\/\/www.europesays.com\/es\/wp-json\/wp\/v2\/posts\/264090","targetHints":{"allow":["GET"]}}],"collection":[{"href":"https:\/\/www.europesays.com\/es\/wp-json\/wp\/v2\/posts"}],"about":[{"href":"https:\/\/www.europesays.com\/es\/wp-json\/wp\/v2\/types\/post"}],"author":[{"embeddable":true,"href":"https:\/\/www.europesays.com\/es\/wp-json\/wp\/v2\/users\/2"}],"replies":[{"embeddable":true,"href":"https:\/\/www.europesays.com\/es\/wp-json\/wp\/v2\/comments?post=264090"}],"version-history":[{"count":0,"href":"https:\/\/www.europesays.com\/es\/wp-json\/wp\/v2\/posts\/264090\/revisions"}],"wp:featuredmedia":[{"embeddable":true,"href":"https:\/\/www.europesays.com\/es\/wp-json\/wp\/v2\/media\/264091"}],"wp:attachment":[{"href":"https:\/\/www.europesays.com\/es\/wp-json\/wp\/v2\/media?parent=264090"}],"wp:term":[{"taxonomy":"category","embeddable":true,"href":"https:\/\/www.europesays.com\/es\/wp-json\/wp\/v2\/categories?post=264090"},{"taxonomy":"post_tag","embeddable":true,"href":"https:\/\/www.europesays.com\/es\/wp-json\/wp\/v2\/tags?post=264090"}],"curies":[{"name":"wp","href":"https:\/\/api.w.org\/{rel}","templated":true}]}}