{"id":264092,"date":"2025-11-30T18:32:09","date_gmt":"2025-11-30T18:32:09","guid":{"rendered":"https:\/\/www.europesays.com\/es\/264092\/"},"modified":"2025-11-30T18:32:09","modified_gmt":"2025-11-30T18:32:09","slug":"el-patrimonio-inmobiliario-de-sonsoles-onega","status":"publish","type":"post","link":"https:\/\/www.europesays.com\/es\/264092\/","title":{"rendered":"El patrimonio inmobiliario de Sonsoles \u00d3nega"},"content":{"rendered":"<p class=\"paragraph\">Sonsoles \u00d3nega est\u00e1 de celebraci\u00f3n. Este domingo, 30 de noviembre, ha cumplido 48 a\u00f1os. En la actualidad, capitanea el formato <b>Y ahora Sonsoles<\/b>, que ocupa las tardes, de lunes a viernes, de la parrilla de Antena 3. Un magac\u00edn en directo que aborda temas de actualidad y cr\u00f3nica social y en el que est\u00e1 acompa\u00f1ada de colaboradores expertos en cada materia.<\/p>\n<p class=\"c-detail__media__subtitle composite_image\">\n<p>        Sonsoles \u00d3negaGTRES<\/p>\n<p class=\"paragraph\">En el terreno profesional tambi\u00e9n explota su faceta de escritora y, tras alzarse con el Premio Planeta en 2023 \u2014logro con el que obtuvo una remuneraci\u00f3n de un mill\u00f3n de euros\u2014, Las hijas de la criada contin\u00faa a d\u00eda de hoy report\u00e1ndole alegr\u00edas. Sin ir m\u00e1s lejos, el pasado jueves d\u00eda 27 tuvo lugar en Madrid el estreno de la serie basada en la novela. Adem\u00e1s, a todo esto se le suma un abultado patrimonio inmobiliario que pone de manifiesto el poder adquisitivo de \u00d3nega. Unas propiedades que ha podido adquirir gracias a que lleva m\u00e1s de dos d\u00e9cadas formando parte activa de los medios de comunicaci\u00f3n.<\/p>\n<p>Las casas de Sonsoles \u00d3nega<\/p>\n<p class=\"paragraph\">Quien comenz\u00f3 siendo cronista pol\u00edtica y parlamentaria en diversos medios como CNN+, Noticias Cuatro e Informativos Telecinco, se ha convertido en uno de los rostros m\u00e1s reconocidos de la peque\u00f1a pantalla. Una mete\u00f3rica carrera que le ha reportado sustanciales ganancias, parte de las cuales ha ido invirtiendo en el ladrillo. La joya de la corona es el chalet de 250 metros cuadrados en el que reside en la actualidad, ubicado en Monteclaro, una exclusiva urbanizaci\u00f3n perteneciente al municipio de Pozuelo de Alarc\u00f3n. Hablamos de una propiedad valorada en un mill\u00f3n y medio de euros, tal y como recoge el portal Infobae, y que compr\u00f3 en el a\u00f1o 2020 tras pedir una hipoteca por la que tendr\u00eda que abonar m\u00e1s de 800.000 euros en un plazo de 30 a\u00f1os.<\/p>\n<p class=\"paragraph\">Otro de los bienes inmuebles de la comunicadora es un modesto piso de 37 metros cuadrados ubicado en<b> Torrej\u00f3n de Velasco<\/b>, cerca de Parla, y que cuenta con garaje y trastero. A esta lista se le sum\u00f3, en 2017, un apartamento en Justicia, uno de los barrios m\u00e1s caros, exclusivos y conocidos de Madrid y que es el refugio de fortunas y personalidades conocidas como, por ejemplo, Naty Abascal o Carmen Lomana. Tambi\u00e9n es propietaria de una empresa que recibe el nombre de Solcris Producciones S.L. y que dedica su actividad profesional a la contabilidad, la tenedur\u00eda de libros, la auditor\u00eda y la asesor\u00eda fiscal.<\/p>\n<p class=\"paragraph\">Pero sin duda, el mayor tesoro de Sonsoles \u00d3nega es su familia, a la que se ha mostrado siempre muy unida. Un extenso clan que est\u00e1 compuesto por ella misma y sus dos hijos, Yago y Gonzalo \u2014fruto de su matrimonio con Carlos Pardo\u2014; el patriarca, Fernando \u00d3nega, y su actual pareja, \u00c1ngela Rodrigo; sus hermanos, Cristina y Fernando; y su madre, Marisol Salcedo.<\/p>\n","protected":false},"excerpt":{"rendered":"Sonsoles \u00d3nega est\u00e1 de celebraci\u00f3n. Este domingo, 30 de noviembre, ha cumplido 48 a\u00f1os. En la actualidad, capitanea&hellip;\n","protected":false},"author":2,"featured_media":264093,"comment_status":"","ping_status":"","sticky":false,"template":"","format":"standard","meta":{"footnotes":""},"categories":[174],"tags":[255,146,147,25,24,256,23],"class_list":{"0":"post-264092","1":"post","2":"type-post","3":"status-publish","4":"format-standard","5":"has-post-thumbnail","7":"category-famosos","8":"tag-celebrities","9":"tag-entertainment","10":"tag-entretenimiento","11":"tag-es","12":"tag-espana","13":"tag-famosos","14":"tag-spain"},"share_on_mastodon":{"url":"https:\/\/pubeurope.com\/@es\/115640084260835661","error":""},"_links":{"self":[{"href":"https:\/\/www.europesays.com\/es\/wp-json\/wp\/v2\/posts\/264092","targetHints":{"allow":["GET"]}}],"collection":[{"href":"https:\/\/www.europesays.com\/es\/wp-json\/wp\/v2\/posts"}],"about":[{"href":"https:\/\/www.europesays.com\/es\/wp-json\/wp\/v2\/types\/post"}],"author":[{"embeddable":true,"href":"https:\/\/www.europesays.com\/es\/wp-json\/wp\/v2\/users\/2"}],"replies":[{"embeddable":true,"href":"https:\/\/www.europesays.com\/es\/wp-json\/wp\/v2\/comments?post=264092"}],"version-history":[{"count":0,"href":"https:\/\/www.europesays.com\/es\/wp-json\/wp\/v2\/posts\/264092\/revisions"}],"wp:featuredmedia":[{"embeddable":true,"href":"https:\/\/www.europesays.com\/es\/wp-json\/wp\/v2\/media\/264093"}],"wp:attachment":[{"href":"https:\/\/www.europesays.com\/es\/wp-json\/wp\/v2\/media?parent=264092"}],"wp:term":[{"taxonomy":"category","embeddable":true,"href":"https:\/\/www.europesays.com\/es\/wp-json\/wp\/v2\/categories?post=264092"},{"taxonomy":"post_tag","embeddable":true,"href":"https:\/\/www.europesays.com\/es\/wp-json\/wp\/v2\/tags?post=264092"}],"curies":[{"name":"wp","href":"https:\/\/api.w.org\/{rel}","templated":true}]}}