{"id":264096,"date":"2025-11-30T18:35:17","date_gmt":"2025-11-30T18:35:17","guid":{"rendered":"https:\/\/www.europesays.com\/es\/264096\/"},"modified":"2025-11-30T18:35:17","modified_gmt":"2025-11-30T18:35:17","slug":"gabriela-guillen-llega-a-un-acuerdo-con-bertin-osborne-tras-su-demoledora-entrevista","status":"publish","type":"post","link":"https:\/\/www.europesays.com\/es\/264096\/","title":{"rendered":"Gabriela Guill\u00e9n llega a un acuerdo con Bert\u00edn Osborne tras su demoledora entrevista"},"content":{"rendered":"<p>Tras un fin de semana intenso en los plat\u00f3s, la historia entre Gabriela Guill\u00e9n (33 a\u00f1os) y <strong>Bert\u00edn Osborne<\/strong> (70 a\u00f1os) ha dado un giro decisivo: seg\u00fan ha confirmado este domingo Beatriz Jarr\u00edn en \u2018Fiesta\u2019, \u201cesta pr\u00f3xima semana ellos <strong>firman un convenio por fin<\/strong>\u201d. As\u00ed arrancaba una tarde televisiva que ha llegado para responder a la pregunta que muchos se han venido haciendo tras la demoledora entrevista de la fisioterapeuta hace escasos dos d\u00edas: cu\u00e1l es exactamente el estado del acuerdo entre ambos. Las conversaciones, seg\u00fan ha explicado la colaboradora del espacio dominical, ya se han aclarado y las dos partes conocen los t\u00e9rminos que rubricar\u00e1n.<\/p>\n<p>Ese anuncio llega apenas cuarenta y ocho horas despu\u00e9s de que la protagonista, <a href=\"https:\/\/www.lecturas.com\/television\/bertin-ha-visto-a-su-hijo-tres-veces-entrevista-completa-gabriela-guillen-viernes_185046\" rel=\"nofollow noopener\" target=\"_blank\">en \u2018\u00a1De viernes!\u2019<\/a>, destapara que a\u00fan no exist\u00eda un pacto formal y que la falta de comunicaci\u00f3n hab\u00eda sido un obst\u00e1culo constante. All\u00ed explic\u00f3 que Osborne solo ha visto \u201ctres veces\u201d al ni\u00f1o y que \u201cel hecho de que no se haya firmado el contrato es un poco por la falta de inter\u00e9s\u201d. Sus palabras, lejos de quedarse en el plat\u00f3, fueron el detonante que abri\u00f3 <a href=\"https:\/\/www.lecturas.com\/actualidad\/bertin-osborne-implacable-contra-gabriela-guillen_185070\" rel=\"nofollow noopener\" target=\"_blank\">la cascada de reacciones<\/a> que se ha ido sucediendo en estos tres d\u00edas.<\/p>\n<p>La primera respuesta de Bert\u00edn y la tensi\u00f3n entre dinero, reproches y acuerdos truncados<\/p>\n<p>El s\u00e1bado, tambi\u00e9n \u2018Fiesta\u2019 ofrec\u00eda las primeras impresiones del presentador tras escuchar la entrevista que ocupaba todas las tertulias. Un colaborador, amigo \u00edntimo suyo, asegur\u00f3 que estaba \u201cmolesto porque entiende que Gabriela se est\u00e1 aprovechando de esta situaci\u00f3n para ganar dinero\u201d. El reproche se produc\u00eda justo despu\u00e9s de que ella insistiera en que <strong>\u201cno ha pagado nada, no hay responsabilidad de nada absolutamente\u201d<\/strong>. Frase que sintetizaba el n\u00facleo de su malestar.<\/p>\n<p><img loading=\"lazy\" decoding=\"async\"   src=\"https:\/\/www.europesays.com\/es\/wp-content\/uploads\/2025\/11\/de-viernes-gabriela-guillen_0d24e581_251130183729_1200x667.webp.webp\" alt=\"De Viernes Gabriela Guill\u00e9n\" class=\"lazyload\" width=\"1200\" height=\"667\" data-aspectratio=\"1200\/667\"\/><\/p>\n<p>Gabriela desvel\u00f3 en &#8216;\u00a1De viernes!&#8217; que sigue sin recibir apoyo econ\u00f3mico de Bert\u00edn.<\/p>\n<p>&#13;Telecinco<\/p>\n<p>Desde el programa tambi\u00e9n se trasladaba que Osborne \u201creconoce que no est\u00e1 cumpliendo econ\u00f3micamente con su hijo porque en estos momentos no est\u00e1 bien de dinero\u201d. La propia Gabriela hab\u00eda mencionado en la entrevista que \u00e9l le transmiti\u00f3 que<strong> no pasaba \u201cun momento econ\u00f3mico bueno\u201d<\/strong>. Ese cruce de versiones, unido al desacuerdo sobre la firma del convenio, explicaba por qu\u00e9 la conversaci\u00f3n entre ambos se ha mantenido bloqueada hasta pr\u00e1cticamente este domingo.<\/p>\n<p>Otro de los puntos revisados en el programa de Emma Garc\u00eda fue la exclusiva conjunta que protagonizaron el pasado agosto en la revista \u2018\u00a1Hola!\u2019. Recordaron que aquel reportaje, concebido inicialmente solo para ella, termin\u00f3 realiz\u00e1ndose con los dos y que <strong>los ingresos habr\u00edan sido destinados al ni\u00f1o<\/strong>. Un gesto que entonces se interpret\u00f3 como una se\u00f1al de normalizaci\u00f3n, pero que ha quedado convertido con el tiempo un episodio aislado dentro de una relaci\u00f3n marcada por avances y retrocesos.<\/p>\n<p><img loading=\"lazy\" decoding=\"async\"   src=\"https:\/\/www.europesays.com\/es\/wp-content\/uploads\/2025\/11\/bertin-y-gabriela_99f09d5b_251130183807_1200x1584.webp.webp\" alt=\"Bert\u00edn y Gabriela\" class=\"lazyload\" width=\"1200\" height=\"1584\" data-aspectratio=\"1200\/1584\"\/><\/p>\n<p>La revista &#8216;Lecturas&#8217; revel\u00f3 la s\u00e9ptima paternidad de Bert\u00edn en 2023.<\/p>\n<p>&#13;Lecturas<br \/>\nLa \u00faltima hora: conversaciones aclaradas y un convenio listo para firmarse<\/p>\n<p>La edici\u00f3n de este domingo ha aportado nuevas piezas que han terminado de componer el cuadro. Paloma Barrientos confirmaba que esa exclusiva de verano fue una decisi\u00f3n consensuada y que el dinero iba \u201cexclusivamente para el ni\u00f1o\u201d. La presentadora interpretaba que existi\u00f3 \u201cuna conversaci\u00f3n entre ellos donde hay un acuerdo\u201d motivado por las dificultades econ\u00f3micas de \u00e9l, un punto que seg\u00fan lo comentado en plat\u00f3 ella habr\u00eda dejado atr\u00e1s. Kike Calleja ha a\u00f1adido despu\u00e9s que <strong>\u201chay una propuesta de acuerdo que finalmente Bert\u00edn no ha querido firmar\u201d <\/strong>debido a \u201cuna serie de problemas econ\u00f3micos bastante graves\u201d, a pesar de sus proyectos venideros relacionados con la reforma de su finca y la empresa de alimentaci\u00f3n que comparte con El Turronero.<\/p>\n<p><img decoding=\"async\" src=\"https:\/\/www.europesays.com\/es\/wp-content\/uploads\/2025\/11\/laura-matamoros_b5904663_251130164017_800x800.webp.webp\" alt=\"Laura Matamoros\" class=\"image lazyload\"\/><img loading=\"lazy\" decoding=\"async\" src=\"https:\/\/www.europesays.com\/es\/wp-content\/uploads\/2025\/11\/laura-matamoros_b5904663_251130164022_1280x720.webp.webp\" alt=\"Muere una \u00edntima amiga de Laura Matamoros: &quot;Qu\u00e9 dolor tan grande, mi alma est\u00e1 rota&quot;\" class=\"image lazyload\" width=\"1280\" height=\"720\" data-aspectratio=\"1280\/720\"\/><\/p>\n<p>La pieza clave ha llegado de la mano de Beatriz Jarr\u00edn, quien ha mantenido contacto directo con la protagonista pocas horas antes del programa. \u201cYo ya he conseguido hablar con Bert\u00edn, y es verdad que las cosas se han aclarado\u201d, asegura que le ha dicho Gabriela. A\u00f1ade Jarr\u00edn que <strong>\u201cBert\u00edn no est\u00e1 cabreado con Gabriela\u201d <\/strong>y que ambos, incluso antes de la entrevista de \u2018\u00a1De viernes!\u2019, ya hab\u00edan hablado para evitar malentendidos.\u00a0<\/p>\n<p><img loading=\"lazy\" decoding=\"async\"   src=\"https:\/\/www.europesays.com\/es\/wp-content\/uploads\/2025\/11\/beatriz-jarrin_ffc49bc7_251130183941_1200x668.webp.webp\" alt=\"Beatriz Jarr\u00edn\" class=\"lazyload\" width=\"1200\" height=\"668\" data-aspectratio=\"1200\/668\"\/><\/p>\n<p>Beatriz Jarr\u00edn ha revelado en &#8216;Fiesta&#8217; que la firma del convenio es inminente.<\/p>\n<p>&#13;Telecinco<\/p>\n<p>El desenlace, esta vez, ha sido claro: \u201cEsta pr\u00f3xima semana ellos firman un convenio por fin\u2026 <strong>Se acordar\u00e1n visitas, la regularizaci\u00f3n de la situaci\u00f3n econ\u00f3mica, etc.<\/strong>\u201d. Un cierre que deja atr\u00e1s el enredo del fin de semana y anticipa el primer movimiento firme en meses para regularizar la situaci\u00f3n del ni\u00f1o y ofrecer una tregua \u2013al menos temporal\u2013 en una historia que hasta ahora nunca dejaba de reescribirse.<\/p>\n","protected":false},"excerpt":{"rendered":"Tras un fin de semana intenso en los plat\u00f3s, la historia entre Gabriela Guill\u00e9n (33 a\u00f1os) y Bert\u00edn&hellip;\n","protected":false},"author":2,"featured_media":264097,"comment_status":"","ping_status":"","sticky":false,"template":"","format":"standard","meta":{"footnotes":""},"categories":[171],"tags":[146,147,25,24,23,214],"class_list":{"0":"post-264096","1":"post","2":"type-post","3":"status-publish","4":"format-standard","5":"has-post-thumbnail","7":"category-tv","8":"tag-entertainment","9":"tag-entretenimiento","10":"tag-es","11":"tag-espana","12":"tag-spain","13":"tag-tv"},"share_on_mastodon":{"url":"https:\/\/pubeurope.com\/@es\/115640095977847246","error":""},"_links":{"self":[{"href":"https:\/\/www.europesays.com\/es\/wp-json\/wp\/v2\/posts\/264096","targetHints":{"allow":["GET"]}}],"collection":[{"href":"https:\/\/www.europesays.com\/es\/wp-json\/wp\/v2\/posts"}],"about":[{"href":"https:\/\/www.europesays.com\/es\/wp-json\/wp\/v2\/types\/post"}],"author":[{"embeddable":true,"href":"https:\/\/www.europesays.com\/es\/wp-json\/wp\/v2\/users\/2"}],"replies":[{"embeddable":true,"href":"https:\/\/www.europesays.com\/es\/wp-json\/wp\/v2\/comments?post=264096"}],"version-history":[{"count":0,"href":"https:\/\/www.europesays.com\/es\/wp-json\/wp\/v2\/posts\/264096\/revisions"}],"wp:featuredmedia":[{"embeddable":true,"href":"https:\/\/www.europesays.com\/es\/wp-json\/wp\/v2\/media\/264097"}],"wp:attachment":[{"href":"https:\/\/www.europesays.com\/es\/wp-json\/wp\/v2\/media?parent=264096"}],"wp:term":[{"taxonomy":"category","embeddable":true,"href":"https:\/\/www.europesays.com\/es\/wp-json\/wp\/v2\/categories?post=264096"},{"taxonomy":"post_tag","embeddable":true,"href":"https:\/\/www.europesays.com\/es\/wp-json\/wp\/v2\/tags?post=264096"}],"curies":[{"name":"wp","href":"https:\/\/api.w.org\/{rel}","templated":true}]}}