{"id":264110,"date":"2025-11-30T18:43:10","date_gmt":"2025-11-30T18:43:10","guid":{"rendered":"https:\/\/www.europesays.com\/es\/264110\/"},"modified":"2025-11-30T18:43:10","modified_gmt":"2025-11-30T18:43:10","slug":"comienzan-las-elecciones-generales-en-honduras-dw-30-11-2025","status":"publish","type":"post","link":"https:\/\/www.europesays.com\/es\/264110\/","title":{"rendered":"Comienzan las elecciones generales en Honduras \u2013 DW \u2013 30\/11\/2025"},"content":{"rendered":"<p>Los consejeros del Consejo Nacional Electoral (CNE), Ana Paola Hall y Marlon Ochoa, declararon abiertas los comicios este domingo (30.11.2025) en las instalaciones del Instituto Central Vicente C\u00e1ceres, en la capital de <a class=\"internal-link\" href=\"https:\/\/www.dw.com\/es\/honduras\/t-17412594\" rel=\"nofollow noopener\" target=\"_blank\">Honduras<\/a>, Tegucigalpa.<\/p>\n<p>Las elecciones definir\u00e1n si el partido Libre se mantiene en el poder o si la naci\u00f3n americana retorna el bipartidismo tradicional de los Partido Nacional y Liberal.<\/p>\n<p><img data-format=\"MASTER_LANDSCAPE\" data-id=\"74958397\" data-url=\"https:\/\/static.dw.com\/image\/74958397_${formatId}.jpg\" data-aspect-ratio=\"16\/9\" alt=\"Un hombre ejerce su voto en Tegucigalpa (30.11.2025)\" style=\"padding-bottom: 56.25%; height: 0; max-height: 0;\"\/>Un hombre ejerce su voto en Tegucigalpa (30.11.2025)Imagen: Marvin Recinos\/AFP\/Getty Images<\/p>\n<p>\u00abHa llegado el d\u00eda en que los hondure\u00f1os deben ejercer su derecho al sufragio para elegir el rumbo del pa\u00eds para los pr\u00f3ximos cuatro a\u00f1os\u00bb, dijo Hall.<\/p>\n<p>Seg\u00fan sondeos de opini\u00f3n, de los cuatro candidatos presidenciales solamente tres tienen posibilidades de ganar: Rixi Moncada, l\u00edder del izquierdista partido Libre; Nasry Asfura, del Partido Nacional; y <a class=\"internal-link\" href=\"https:\/\/www.dw.com\/es\/salvador-nasralla\/t-41568546\" rel=\"nofollow noopener\" target=\"_blank\">Salvador Nasralla<\/a>, del Partido Liberal, ambos conservadores.<\/p>\n<p><img data-format=\"MASTER_LANDSCAPE\" data-id=\"74958357\" data-url=\"https:\/\/static.dw.com\/image\/74958357_${formatId}.jpg\" data-aspect-ratio=\"16\/9\" alt=\"Rixi Moncada, candidata del oficialista partido Libertad y Refundaci\u00f3n (Libre) sufrag\u00f3 en Tegucigalpa (30.11.2025)\" style=\"padding-bottom: 56.25%; height: 0; max-height: 0;\"\/>Rixi Moncada, candidata del oficialista partido Libertad y Refundaci\u00f3n (Libre) sufrag\u00f3 en Tegucigalpa (30.11.2025)Imagen: Orlando Sierra\/AFP\/Getty Images<\/p>\n<p>Los hondure\u00f1os votar\u00e1n tambi\u00e9n por tres designados presidenciales (vicepresidentes), 298 alcald\u00edas municipales, 128 diputados al Parlamento local y 20 al Parlamento Centroamericano.<\/p>\n<p>M\u00e1s de seis millones de los 10 millones de habitantes que tiene Honduras est\u00e1n convocados a las elecciones, las duod\u00e9cimas consecutivas desde que en 1980 se restaur\u00f3 el orden constitucional despu\u00e9s de casi 20 a\u00f1os de reg\u00edmenes militares.<\/p>\n<p>rr afp\/efe<\/p>\n","protected":false},"excerpt":{"rendered":"Los consejeros del Consejo Nacional Electoral (CNE), Ana Paola Hall y Marlon Ochoa, declararon abiertas los comicios este&hellip;\n","protected":false},"author":2,"featured_media":264111,"comment_status":"","ping_status":"","sticky":false,"template":"","format":"standard","meta":{"footnotes":""},"categories":[42],"tags":[17,18,13,14,11,61,62,63,64,19,20,9,10,15,16,12,21,22,65,66,67],"class_list":{"0":"post-264110","1":"post","2":"type-post","3":"status-publish","4":"format-standard","5":"has-post-thumbnail","7":"category-internacional","8":"tag-breaking-news","9":"tag-breakingnews","10":"tag-featured-news","11":"tag-featurednews","12":"tag-headlines","13":"tag-internacional","14":"tag-international","15":"tag-international-news","16":"tag-internationalnews","17":"tag-latest-news","18":"tag-latestnews","19":"tag-news","20":"tag-noticias","21":"tag-noticias-destacadas","22":"tag-noticiasdestacadas","23":"tag-titulares","24":"tag-ultimas-noticias","25":"tag-ultimasnoticias","26":"tag-world","27":"tag-world-news","28":"tag-worldnews"},"share_on_mastodon":{"url":"https:\/\/pubeurope.com\/@es\/115640127016062597","error":""},"_links":{"self":[{"href":"https:\/\/www.europesays.com\/es\/wp-json\/wp\/v2\/posts\/264110","targetHints":{"allow":["GET"]}}],"collection":[{"href":"https:\/\/www.europesays.com\/es\/wp-json\/wp\/v2\/posts"}],"about":[{"href":"https:\/\/www.europesays.com\/es\/wp-json\/wp\/v2\/types\/post"}],"author":[{"embeddable":true,"href":"https:\/\/www.europesays.com\/es\/wp-json\/wp\/v2\/users\/2"}],"replies":[{"embeddable":true,"href":"https:\/\/www.europesays.com\/es\/wp-json\/wp\/v2\/comments?post=264110"}],"version-history":[{"count":0,"href":"https:\/\/www.europesays.com\/es\/wp-json\/wp\/v2\/posts\/264110\/revisions"}],"wp:featuredmedia":[{"embeddable":true,"href":"https:\/\/www.europesays.com\/es\/wp-json\/wp\/v2\/media\/264111"}],"wp:attachment":[{"href":"https:\/\/www.europesays.com\/es\/wp-json\/wp\/v2\/media?parent=264110"}],"wp:term":[{"taxonomy":"category","embeddable":true,"href":"https:\/\/www.europesays.com\/es\/wp-json\/wp\/v2\/categories?post=264110"},{"taxonomy":"post_tag","embeddable":true,"href":"https:\/\/www.europesays.com\/es\/wp-json\/wp\/v2\/tags?post=264110"}],"curies":[{"name":"wp","href":"https:\/\/api.w.org\/{rel}","templated":true}]}}