{"id":264112,"date":"2025-11-30T18:44:08","date_gmt":"2025-11-30T18:44:08","guid":{"rendered":"https:\/\/www.europesays.com\/es\/264112\/"},"modified":"2025-11-30T18:44:08","modified_gmt":"2025-11-30T18:44:08","slug":"sigue-la-ultima-hora-de-la-crisis-tras-los-casos-de-peste-porcina-el-govern-pide-la-ayuda-de-la-ume-sociedad","status":"publish","type":"post","link":"https:\/\/www.europesays.com\/es\/264112\/","title":{"rendered":"Sigue la \u00faltima hora de la crisis tras los casos de peste porcina: el Govern pide la ayuda de la UME | Sociedad"},"content":{"rendered":"<p class=\"ev-title\">La Generalitat conf\u00eda en que la UME se sume al control de la peste este domingo o el lunes<\/p>\n<p>La Generalitat conf\u00eda en que los efectivos de la Unidad Militar de Emergencias (UME) se sumen al dispositivo implementado para controlar el brote de peste porcina detectado en el entorno de Barcelona este domingo o ma\u00f1ana, tanto con agentes de la secci\u00f3n cineg\u00e9tica como de otras que ayuden a controlar la caba\u00f1a de jabal\u00edes.<\/p>\n<p>En los \u00faltimos d\u00edas se han recogido en el municipio de Cerdanyola del Vall\u00e8s, integrado en el parque de Collserola (Barcelona), m\u00e1s de una docena de jabal\u00edes muertos, seis de los cuales han dado positivo en el an\u00e1lisis de peste porcina africana (PPC), lo que supone el primer brote de esta enfermedad en Espa\u00f1a desde 1994.<\/p>\n","protected":false},"excerpt":{"rendered":"La Generalitat conf\u00eda en que la UME se sume al control de la peste este domingo o el&hellip;\n","protected":false},"author":2,"featured_media":264113,"comment_status":"","ping_status":"","sticky":false,"template":"","format":"standard","meta":{"footnotes":""},"categories":[8],"tags":[17,18,25,24,13,14,11,19,20,9,10,15,16,23,12,21,22],"class_list":{"0":"post-264112","1":"post","2":"type-post","3":"status-publish","4":"format-standard","5":"has-post-thumbnail","7":"category-espana","8":"tag-breaking-news","9":"tag-breakingnews","10":"tag-es","11":"tag-espana","12":"tag-featured-news","13":"tag-featurednews","14":"tag-headlines","15":"tag-latest-news","16":"tag-latestnews","17":"tag-news","18":"tag-noticias","19":"tag-noticias-destacadas","20":"tag-noticiasdestacadas","21":"tag-spain","22":"tag-titulares","23":"tag-ultimas-noticias","24":"tag-ultimasnoticias"},"share_on_mastodon":{"url":"https:\/\/pubeurope.com\/@es\/115640131028933741","error":""},"_links":{"self":[{"href":"https:\/\/www.europesays.com\/es\/wp-json\/wp\/v2\/posts\/264112","targetHints":{"allow":["GET"]}}],"collection":[{"href":"https:\/\/www.europesays.com\/es\/wp-json\/wp\/v2\/posts"}],"about":[{"href":"https:\/\/www.europesays.com\/es\/wp-json\/wp\/v2\/types\/post"}],"author":[{"embeddable":true,"href":"https:\/\/www.europesays.com\/es\/wp-json\/wp\/v2\/users\/2"}],"replies":[{"embeddable":true,"href":"https:\/\/www.europesays.com\/es\/wp-json\/wp\/v2\/comments?post=264112"}],"version-history":[{"count":0,"href":"https:\/\/www.europesays.com\/es\/wp-json\/wp\/v2\/posts\/264112\/revisions"}],"wp:featuredmedia":[{"embeddable":true,"href":"https:\/\/www.europesays.com\/es\/wp-json\/wp\/v2\/media\/264113"}],"wp:attachment":[{"href":"https:\/\/www.europesays.com\/es\/wp-json\/wp\/v2\/media?parent=264112"}],"wp:term":[{"taxonomy":"category","embeddable":true,"href":"https:\/\/www.europesays.com\/es\/wp-json\/wp\/v2\/categories?post=264112"},{"taxonomy":"post_tag","embeddable":true,"href":"https:\/\/www.europesays.com\/es\/wp-json\/wp\/v2\/tags?post=264112"}],"curies":[{"name":"wp","href":"https:\/\/api.w.org\/{rel}","templated":true}]}}