{"id":264117,"date":"2025-11-30T18:51:11","date_gmt":"2025-11-30T18:51:11","guid":{"rendered":"https:\/\/www.europesays.com\/es\/264117\/"},"modified":"2025-11-30T18:51:11","modified_gmt":"2025-11-30T18:51:11","slug":"ciclistas-de-todas-las-edades-abrazaron-la-muralla-de-lugo-que-divertido","status":"publish","type":"post","link":"https:\/\/www.europesays.com\/es\/264117\/","title":{"rendered":"Ciclistas de todas las edades abrazaron la Muralla de Lugo: \u00ab\u00a1Qu\u00e9 divertido!\u00bb"},"content":{"rendered":"<p>\t\t\t\t\t\tEl D\u00eda da Bicicleta, organizado por el Concello y la Voz, sac\u00f3 las bicis a la calle para homenajear al monumento<br \/>\n\t\t\t\t\t\t\t\t\t\t\t\t<strong>30 nov 2025<\/strong> . Actualizado a las 14:13 h.\t\t\t\t\t\t<\/p>\n<p class=\"first-paragraph txt\">El<strong> D\u00eda da Bicicleta, organizado por el Concello de Lugo y La Voz<\/strong> de Galicia,\u00a0congreg\u00f3 en la Praza da Mosqueira a numerosos ciclistas de <strong>todas las edades<\/strong> que quisieron coger el casco y la bici para honrar a la Muralla de Lugo. Porque en esta ocasi\u00f3n, la marcha ciclista form\u00f3 parte de los actos que conmemoraron el 25 aniversario\u00a0de la declaraci\u00f3n de Patrimonio Mundial del monumento. La excusa perfecta para que el trazado discurriese\u00a0alrededor del anillo de piedra y por su interior.\u00a0<\/p>\n<p class=\"txt\">El pelot\u00f3n del D\u00eda da Bicicleta result\u00f3 de lo m\u00e1s diverso. Desde veteranos con muchos kil\u00f3metros encima de la bici a aficionados federados pasando por ni\u00f1os que no hace mucho que dejaron atr\u00e1s los ruedines. Precisamente uno de estos peque\u00f1os, tras cubrir la primera parte de la marcha, que rodeaba la Ronda da Muralla, comentaba en el reagrupamiento:<strong> \u00a1Qu\u00e9 divertido!. Y es que no todos los d\u00edas cortan el tr\u00e1fico<\/strong> en la ciudad para que los ciclistas marchen con seguridad, agrupados y a su ritmo.\u00a0<\/p>\n<p class=\"txt\">En el pelot\u00f3n hab\u00eda quien se animaba a hacer caballitos antes de la salida, quien comentaba la jugada a la vuelta y <strong>familias completas<\/strong> que ve\u00edan en la vuelta la oportunidad perfecta para pasar una ma\u00f1ana de ocio.<\/p>\n<p class=\"txt\">El objetivo del D\u00eda da Bicicleta era<strong> pas\u00e1rselo bien<\/strong>, sin cron\u00f3metros ni objetivos, y eso fue tambi\u00e9n lo que hicieron los concejales <strong>Rub\u00e9n Arroxo, Alexandre Penas y Jorge Bustos<\/strong>. Tambi\u00e9n el alcalde, <strong>Miguel Fern\u00e1ndez,<\/strong> se coloc\u00f3 el casco y se subi\u00f3 a la bicicleta para participar en una actividad que un\u00eda deporte con celebraci\u00f3n.<\/p>\n<p class=\"txt\">En la Praza da Mosqueira, que funcion\u00f3 de punto de partida y meta, los participantes disfrutaron adem\u00e1s de un <strong>avituallamiento cortes\u00eda de Eroski y de la m\u00fasica del DJ Dr. Think,<\/strong> que se encarg\u00f3 de amenizar el evento. La climatolog\u00eda, tan cambiante estos d\u00edas en Lugo, decidi\u00f3 respetar el d\u00eda y hasta el sol sali\u00f3 para acompa\u00f1ar a los ciclistas.\u00a0<\/p>\n<p>&#13;<br \/>\n\tArchivado en:&#13;<br \/>\n\t\t\t\t\t<a href=\"https:\/\/www.lavozdegalicia.es\/temas\/lugo-ciudad\/\" target=\"_blank\" class=\"mg-l\" rel=\"nofollow noopener\">Lugo ciudad<\/a>&#13;<br \/>\n\t&#13;<\/p>\n","protected":false},"excerpt":{"rendered":"El D\u00eda da Bicicleta, organizado por el Concello y la Voz, sac\u00f3 las bicis a la calle para&hellip;\n","protected":false},"author":2,"featured_media":264118,"comment_status":"","ping_status":"","sticky":false,"template":"","format":"standard","meta":{"footnotes":""},"categories":[273],"tags":[313,312,168,25,24,22425,23,167],"class_list":{"0":"post-264117","1":"post","2":"type-post","3":"status-publish","4":"format-standard","5":"has-post-thumbnail","7":"category-ciclismo","8":"tag-ciclismo","9":"tag-cycling","10":"tag-deportes","11":"tag-es","12":"tag-espana","13":"tag-lugo-ciudad","14":"tag-spain","15":"tag-sports"},"share_on_mastodon":{"url":"https:\/\/pubeurope.com\/@es\/115640158399802001","error":""},"_links":{"self":[{"href":"https:\/\/www.europesays.com\/es\/wp-json\/wp\/v2\/posts\/264117","targetHints":{"allow":["GET"]}}],"collection":[{"href":"https:\/\/www.europesays.com\/es\/wp-json\/wp\/v2\/posts"}],"about":[{"href":"https:\/\/www.europesays.com\/es\/wp-json\/wp\/v2\/types\/post"}],"author":[{"embeddable":true,"href":"https:\/\/www.europesays.com\/es\/wp-json\/wp\/v2\/users\/2"}],"replies":[{"embeddable":true,"href":"https:\/\/www.europesays.com\/es\/wp-json\/wp\/v2\/comments?post=264117"}],"version-history":[{"count":0,"href":"https:\/\/www.europesays.com\/es\/wp-json\/wp\/v2\/posts\/264117\/revisions"}],"wp:featuredmedia":[{"embeddable":true,"href":"https:\/\/www.europesays.com\/es\/wp-json\/wp\/v2\/media\/264118"}],"wp:attachment":[{"href":"https:\/\/www.europesays.com\/es\/wp-json\/wp\/v2\/media?parent=264117"}],"wp:term":[{"taxonomy":"category","embeddable":true,"href":"https:\/\/www.europesays.com\/es\/wp-json\/wp\/v2\/categories?post=264117"},{"taxonomy":"post_tag","embeddable":true,"href":"https:\/\/www.europesays.com\/es\/wp-json\/wp\/v2\/tags?post=264117"}],"curies":[{"name":"wp","href":"https:\/\/api.w.org\/{rel}","templated":true}]}}