{"id":264119,"date":"2025-11-30T18:53:15","date_gmt":"2025-11-30T18:53:15","guid":{"rendered":"https:\/\/www.europesays.com\/es\/264119\/"},"modified":"2025-11-30T18:53:15","modified_gmt":"2025-11-30T18:53:15","slug":"el-casademont-zaragoza-se-mete-en-la-fase-final-de-la-minicopa-por-la-puerta-grande","status":"publish","type":"post","link":"https:\/\/www.europesays.com\/es\/264119\/","title":{"rendered":"El Casademont Zaragoza se mete en la fase final de la Minicopa por la puerta grande"},"content":{"rendered":"<p class=\"ft-text\">Tras tres contundentes triunfos y por la puerta grande,<strong> el Casademont Zaragoza se ha clasificado para la fase final de la Minicopa<\/strong>. La victoria de los canteranos aragoneses por 11-85 frente al Joventut de Badalona certific\u00f3 su primer puesto en el grupo. El Casademont ya hab\u00eda superado previamente al Breog\u00e1n y al Baskonia en una competici\u00f3n en la que mostraron<strong> un gran potencial ofensivo. <\/strong><\/p>\n<p class=\"ft-text\"><strong>Daniel Pardos, jugador del Casademont, fue nombrado MVP <\/strong>de esta fase tras tres espectaculares partidos en los que lider\u00f3 a los suyos. El equipo zaragozano se disputar\u00e1 la fase final de la Minicopa en febrero y sus rivales por el t\u00edtulo ser\u00e1n los siguientes: El Barcelona, el Valencia Basket, el Real Madrid, el Cajasiete Fundaci\u00f3n CB Canarias, el Tirma Gran Canaria, el Unicaja y el Occident B\u00e0squet Manresa.<\/p>\n","protected":false},"excerpt":{"rendered":"Tras tres contundentes triunfos y por la puerta grande, el Casademont Zaragoza se ha clasificado para la fase&hellip;\n","protected":false},"author":2,"featured_media":264120,"comment_status":"","ping_status":"","sticky":false,"template":"","format":"standard","meta":{"footnotes":""},"categories":[269],"tags":[15725,299,210,298,2511,5369,168,13463,25,24,4521,1058,12817,23,167,491],"class_list":{"0":"post-264119","1":"post","2":"type-post","3":"status-publish","4":"format-standard","5":"has-post-thumbnail","7":"category-baloncesto","8":"tag-badalona","9":"tag-baloncesto","10":"tag-barcelona","11":"tag-basketball","12":"tag-casademont","13":"tag-casademont-zaragoza","14":"tag-deportes","15":"tag-el-valencia","16":"tag-es","17":"tag-espana","18":"tag-fase","19":"tag-final","20":"tag-mete","21":"tag-spain","22":"tag-sports","23":"tag-zaragoza"},"share_on_mastodon":{"url":"https:\/\/pubeurope.com\/@es\/115640166398280537","error":""},"_links":{"self":[{"href":"https:\/\/www.europesays.com\/es\/wp-json\/wp\/v2\/posts\/264119","targetHints":{"allow":["GET"]}}],"collection":[{"href":"https:\/\/www.europesays.com\/es\/wp-json\/wp\/v2\/posts"}],"about":[{"href":"https:\/\/www.europesays.com\/es\/wp-json\/wp\/v2\/types\/post"}],"author":[{"embeddable":true,"href":"https:\/\/www.europesays.com\/es\/wp-json\/wp\/v2\/users\/2"}],"replies":[{"embeddable":true,"href":"https:\/\/www.europesays.com\/es\/wp-json\/wp\/v2\/comments?post=264119"}],"version-history":[{"count":0,"href":"https:\/\/www.europesays.com\/es\/wp-json\/wp\/v2\/posts\/264119\/revisions"}],"wp:featuredmedia":[{"embeddable":true,"href":"https:\/\/www.europesays.com\/es\/wp-json\/wp\/v2\/media\/264120"}],"wp:attachment":[{"href":"https:\/\/www.europesays.com\/es\/wp-json\/wp\/v2\/media?parent=264119"}],"wp:term":[{"taxonomy":"category","embeddable":true,"href":"https:\/\/www.europesays.com\/es\/wp-json\/wp\/v2\/categories?post=264119"},{"taxonomy":"post_tag","embeddable":true,"href":"https:\/\/www.europesays.com\/es\/wp-json\/wp\/v2\/tags?post=264119"}],"curies":[{"name":"wp","href":"https:\/\/api.w.org\/{rel}","templated":true}]}}