{"id":264150,"date":"2025-11-30T19:17:13","date_gmt":"2025-11-30T19:17:13","guid":{"rendered":"https:\/\/www.europesays.com\/es\/264150\/"},"modified":"2025-11-30T19:17:13","modified_gmt":"2025-11-30T19:17:13","slug":"axelle-merceron-firma-una-de-las-exhibiciones-del-ano-en-el-primer-triunfo-de-spar-gran-canaria","status":"publish","type":"post","link":"https:\/\/www.europesays.com\/es\/264150\/","title":{"rendered":"Axelle Merceron firma una de las exhibiciones del a\u00f1o en el primer triunfo de Spar Gran Canaria"},"content":{"rendered":"<p>La jugadora francesa tira del carro con una actuaci\u00f3n inmaculada y el conjunto isle\u00f1o suma su primer triunfo. <\/p>\n<p>El Spar Gran Canaria se ha estrenado en la jornada 8 de la temporada 2025-2026. El conjunto isle\u00f1o, con pleno de derrotas en este inicio, ha conseguido batir como local al BAXI Ferrol (93-81) en un partido en el que Axelle Merceron ha completado una de las mayores exhibiciones de este a\u00f1o.<\/p>\n<p>La jugadora francesa se ha ido hasta los 32 puntos, 5 rebotes, 5 asistencias y 1 robo, un acumulado que le ha permitido sumar 45 de valoraci\u00f3n. La estrella de Spar Gran Canaria ha anotado 13 de sus 14 lanzamientos 2, as\u00ed como los 6 tiros libres de los que ha dispuesto, y ha recibido 6 faltas en los 40 minutos que ha estado presente en pista. <\/p>\n<p>En lo que llevamos de temporada, los 45 de valoraci\u00f3n de Merceron pasan a ser el nuevo tope de la competici\u00f3n. Hasta ahora, tan solo Sika Kon\u00e9 en la primera jornada hab\u00eda conseguido alcanzar las cuatro decenas de cr\u00e9ditos, mientras que para encontrar un registro superior habr\u00eda que remontarse al 18 de enero de este mismo a\u00f1o, cuando Mariam Coulibaly complet\u00f3 un choque con 47.<\/p>\n<p>La jugadora de 22 a\u00f1os se encuentra en su primera experiencia fuera de Francia. Merceron dio el salto a la \u00e9lite en las filas del Angers, aunque su rendimiento ni muchos menos se acerc\u00f3 a lo mostrado en Espa\u00f1a. La pasada temporada, la l\u00ednea estad\u00edstica media de la interior se estanc\u00f3 en los 2.8 puntos y 2.6 rebotes en la competici\u00f3n dom\u00e9stica, considerablemente inferior a lo mostrado en EuroCup Women, donde ascendi\u00f3 hasta los 9.7 puntos y 5.8 rebotes.<\/p>\n<p>En cualquier caso, nada comparable a lo experimentado en estos dos \u00faltimos meses, donde se ha consolidado entre las estrellas m\u00e1s destacadas de la m\u00e1xima categor\u00eda nacional espa\u00f1ola. En este complicado inicio de Spar Gran Canaria, su rendimiento ha sido una de las escasas notas positivas del cuadro grancanario, promediando 19.9 puntos, 8 rebotes, 1.9 asistencias y 26.9 de valoraci\u00f3n. El techo de la Liga Femenina Endesa.<\/p>\n<p>Con este triunfo, Spar Gran Canaria no deja de ser el farolillo rojo de la clasificaci\u00f3n, pero toma algo de aire, iguala a un Movistar Estudiantes repleto de dudas y se queda a una sola victoria de distancia de los siguientes clasificados (Estepona y Legan\u00e9s, 2-6), aquellos que marcan la salvaci\u00f3n.<\/p>\n<p>Foto: Spar Gran Canaria<\/p>\n<p>\t\t\t\t\t\t<a href=\"https:\/\/www.gigantes.com\/tienda\/hemeroteca\/especial-40-aniversario-gigantes-del-basket-no-1-562-noviembre-2025\/\" target=\"_blank\" rel=\"noopener nofollow\"><br \/>\n\t\t\t\t\t\t\t<img decoding=\"async\" src=\"https:\/\/www.europesays.com\/es\/wp-content\/uploads\/2025\/11\/cropped-40.jpg\" alt=\"cropped-40.jpg\"\/><br \/>\n\t\t\t\t\t\t<\/a><\/p>\n<p class=\"magazine-meta\">\n\t\t\t\t\t\t\t\t\t\t\t\t\t\t\t\t\t1562<br \/>\n\t\t\t\t\t\t\t\t\t\t\t\t\t\t\t\t\t\t\t\t\t\t\t\t\t |<br \/>\n\t\t\t\t\t\t\t\t\t\t\t\t\t\t\t\t\t\t\t\t\t\t\t\t\tNoviembre 2025\n\t\t\t\t\t\t\t\t\t\t\t\t\t\t\t<\/p>\n<p class=\"magazine-description\">Testigos del baloncesto. Cumplimos 40 a\u00f1os. Una edici\u00f3n diferente, llena de curiosidades, opiniones, gui\u00f1os, historia y cari\u00f1o. Cuatro d\u00e9cadas fusionando basket y papel.<\/p>\n<p>\t\t\t\t\t<a href=\"https:\/\/www.gigantes.com\/tienda\/hemeroteca\/especial-40-aniversario-gigantes-del-basket-no-1-562-noviembre-2025\/\" class=\"btn-primary\" target=\"_blank\" rel=\"noopener nofollow\">Comprar<\/a><\/p>\n","protected":false},"excerpt":{"rendered":"La jugadora francesa tira del carro con una actuaci\u00f3n inmaculada y el conjunto isle\u00f1o suma su primer triunfo.&hellip;\n","protected":false},"author":2,"featured_media":264151,"comment_status":"","ping_status":"","sticky":false,"template":"","format":"standard","meta":{"footnotes":""},"categories":[269],"tags":[299,298,168,25,24,40492,23,167],"class_list":{"0":"post-264150","1":"post","2":"type-post","3":"status-publish","4":"format-standard","5":"has-post-thumbnail","7":"category-baloncesto","8":"tag-baloncesto","9":"tag-basketball","10":"tag-deportes","11":"tag-es","12":"tag-espana","13":"tag-liga-femenina-endesa","14":"tag-spain","15":"tag-sports"},"share_on_mastodon":{"url":"https:\/\/pubeurope.com\/@es\/115640261206473293","error":""},"_links":{"self":[{"href":"https:\/\/www.europesays.com\/es\/wp-json\/wp\/v2\/posts\/264150","targetHints":{"allow":["GET"]}}],"collection":[{"href":"https:\/\/www.europesays.com\/es\/wp-json\/wp\/v2\/posts"}],"about":[{"href":"https:\/\/www.europesays.com\/es\/wp-json\/wp\/v2\/types\/post"}],"author":[{"embeddable":true,"href":"https:\/\/www.europesays.com\/es\/wp-json\/wp\/v2\/users\/2"}],"replies":[{"embeddable":true,"href":"https:\/\/www.europesays.com\/es\/wp-json\/wp\/v2\/comments?post=264150"}],"version-history":[{"count":0,"href":"https:\/\/www.europesays.com\/es\/wp-json\/wp\/v2\/posts\/264150\/revisions"}],"wp:featuredmedia":[{"embeddable":true,"href":"https:\/\/www.europesays.com\/es\/wp-json\/wp\/v2\/media\/264151"}],"wp:attachment":[{"href":"https:\/\/www.europesays.com\/es\/wp-json\/wp\/v2\/media?parent=264150"}],"wp:term":[{"taxonomy":"category","embeddable":true,"href":"https:\/\/www.europesays.com\/es\/wp-json\/wp\/v2\/categories?post=264150"},{"taxonomy":"post_tag","embeddable":true,"href":"https:\/\/www.europesays.com\/es\/wp-json\/wp\/v2\/tags?post=264150"}],"curies":[{"name":"wp","href":"https:\/\/api.w.org\/{rel}","templated":true}]}}