{"id":264204,"date":"2025-11-30T19:54:10","date_gmt":"2025-11-30T19:54:10","guid":{"rendered":"https:\/\/www.europesays.com\/es\/264204\/"},"modified":"2025-11-30T19:54:10","modified_gmt":"2025-11-30T19:54:10","slug":"oscar-puente-sobre-la-concentracion-del-pp-en-madrid-habia-mas-gente-en-el-mercadillo-de-navidad-de-valladolid","status":"publish","type":"post","link":"https:\/\/www.europesays.com\/es\/264204\/","title":{"rendered":"\u00d3scar Puente, sobre la concentraci\u00f3n del PP en Madrid: \u00abHab\u00eda m\u00e1s gente en el mercadillo de Navidad de Valladolid\u00bb"},"content":{"rendered":"<p class=\"articleParagraph\">El ministro de Transportes, \u00d3scar Puente, no ha tardado en comentar en redes sociales la concentraci\u00f3n convocada por el PP en el Templo de Debod en Madrid, a la que han asistido 80.000 personas, seg\u00fan fuentes populares, por las 40.000 de la Delegaci\u00f3n del Gobierno. Puente ha publicado una vista a\u00e9rea de la concentraci\u00f3n en la que, <b>a su juicio, la asistencia es menor de la que dicen.<\/b><\/p>\n<p class=\"articleParagraph\">\u00abLa realidad es que hoy<b> hab\u00eda m\u00e1s gente en el mercadillo de Navidad de Valladolid, que ah\u00ed\u00bb,<\/b> ha asegurado en su perfil de X. Seg\u00fan el ministro, por mucho que mientan \u00abellos y sus corifeos\u00bb, lo cierto es que \u00abla gente est\u00e1 cansada de sus ansias, sus mentiras, sus exageraciones, sus manipulaciones y sus urgencias\u00bb.<\/p>\n<p class=\"articleParagraph\">Previamente, Puente ha citado un v\u00eddeo de la intervenci\u00f3n de la presidenta de la Comunidad de Madrid, Isabel D\u00edaz Ayuso, que ha proclamado que \u00abETA est\u00e1 preparando su asalto al Pa\u00eds Vasco y Navarra, mientras sostiene a Pedro S\u00e1nchez\u00bb. El ministro ha calificado estas palabras de \u00abvac\u00edo absoluto\u00bb y ha incidido en el hecho de que<b> ETA sea \u00abuna vez m\u00e1s\u00bb el argumento de sus discursos. <\/b><\/p>\n<blockquote class=\"articleQuote\"><p>Cada vez van eligiendo escenarios m\u00e1s peque\u00f1icos <\/p><\/blockquote>\n<p class=\"articleParagraph\">Sobre la concentraci\u00f3n en el Templo de Debod tambi\u00e9n se han pronunciado<b> otros miembros del Gobierno.<\/b> La ministra de Educaci\u00f3n, Formaci\u00f3n Profesional y Deportes y portavoz del Gobierno, Pilar Alegr\u00eda, y el ministro de Presidencia, Justicia y Relaciones con las Cortes, F\u00e9lix Bola\u00f1os, han clausurado las &#8216;Jornadas Socialistas Gobierno de Progreso: Espa\u00f1a y Arag\u00f3n&#8217;, que se han celebrado en Lig\u00fcerre de Cinca (Huesca).<\/p>\n<p class=\"articleParagraph\">All\u00ed han comentado que <b>\u00abcada vez van eligiendo escenarios m\u00e1s peque\u00f1icos\u00bb,<\/b> en consonancia con lo comentado por Puente y la poca afluencia de gente. Al hilo de esto, Alegr\u00eda ha asegurado que no sabe \u00abcu\u00e1ntas manifestaciones llevan ya\u00bb contra el Ejecutivo, \u00absiete, ocho, no lo s\u00e9\u00bb.<\/p>\n<blockquote class=\"articleQuote\"><p>PP y Vox son lo mismo <\/p><\/blockquote>\n<p class=\"articleParagraph\">Adem\u00e1s, ha se\u00f1alado que <b>para manifestarse \u00abpor esto de la corrupci\u00f3n\u00bb, el lugar elegido deber\u00eda haber sido G\u00e9nova 13, <\/b>la sede del PP. \u00abQu\u00e9 mejor monumento representativo de la corrupci\u00f3n, que es una sede pagada con dinero negro\u00bb, ha ironizado.<\/p>\n<p class=\"articleParagraph\">Bola\u00f1os, por su parte, ha puesto el foco en que, aunque el PP ha dicho que es una manifestaci\u00f3n \u00absin siglas y sin logos\u00bb, la realidad es que <b>\u00absi el PP y Vox se manifiestan en el mismo sitio, dicen las mismas cosas,<\/b> insultan del mismo modo y tienen la misma falta de proyecto para nuestro pa\u00eds, no hay duda,<b> son lo mismo\u00bb.<\/b><\/p>\n","protected":false},"excerpt":{"rendered":"El ministro de Transportes, \u00d3scar Puente, no ha tardado en comentar en redes sociales la concentraci\u00f3n convocada por&hellip;\n","protected":false},"author":2,"featured_media":264205,"comment_status":"","ping_status":"","sticky":false,"template":"","format":"standard","meta":{"footnotes":""},"categories":[8],"tags":[17,18,25,24,13,14,11,19,20,9,10,15,16,23,12,21,22],"class_list":{"0":"post-264204","1":"post","2":"type-post","3":"status-publish","4":"format-standard","5":"has-post-thumbnail","7":"category-espana","8":"tag-breaking-news","9":"tag-breakingnews","10":"tag-es","11":"tag-espana","12":"tag-featured-news","13":"tag-featurednews","14":"tag-headlines","15":"tag-latest-news","16":"tag-latestnews","17":"tag-news","18":"tag-noticias","19":"tag-noticias-destacadas","20":"tag-noticiasdestacadas","21":"tag-spain","22":"tag-titulares","23":"tag-ultimas-noticias","24":"tag-ultimasnoticias"},"share_on_mastodon":{"url":"https:\/\/pubeurope.com\/@es\/115640406261647904","error":""},"_links":{"self":[{"href":"https:\/\/www.europesays.com\/es\/wp-json\/wp\/v2\/posts\/264204","targetHints":{"allow":["GET"]}}],"collection":[{"href":"https:\/\/www.europesays.com\/es\/wp-json\/wp\/v2\/posts"}],"about":[{"href":"https:\/\/www.europesays.com\/es\/wp-json\/wp\/v2\/types\/post"}],"author":[{"embeddable":true,"href":"https:\/\/www.europesays.com\/es\/wp-json\/wp\/v2\/users\/2"}],"replies":[{"embeddable":true,"href":"https:\/\/www.europesays.com\/es\/wp-json\/wp\/v2\/comments?post=264204"}],"version-history":[{"count":0,"href":"https:\/\/www.europesays.com\/es\/wp-json\/wp\/v2\/posts\/264204\/revisions"}],"wp:featuredmedia":[{"embeddable":true,"href":"https:\/\/www.europesays.com\/es\/wp-json\/wp\/v2\/media\/264205"}],"wp:attachment":[{"href":"https:\/\/www.europesays.com\/es\/wp-json\/wp\/v2\/media?parent=264204"}],"wp:term":[{"taxonomy":"category","embeddable":true,"href":"https:\/\/www.europesays.com\/es\/wp-json\/wp\/v2\/categories?post=264204"},{"taxonomy":"post_tag","embeddable":true,"href":"https:\/\/www.europesays.com\/es\/wp-json\/wp\/v2\/tags?post=264204"}],"curies":[{"name":"wp","href":"https:\/\/api.w.org\/{rel}","templated":true}]}}