{"id":264212,"date":"2025-11-30T20:04:09","date_gmt":"2025-11-30T20:04:09","guid":{"rendered":"https:\/\/www.europesays.com\/es\/264212\/"},"modified":"2025-11-30T20:04:09","modified_gmt":"2025-11-30T20:04:09","slug":"alarma-great-osobor-lesion-muy-fea-frente-a-georgia","status":"publish","type":"post","link":"https:\/\/www.europesays.com\/es\/264212\/","title":{"rendered":"Alarma Great Osobor: lesi\u00f3n muy fea frente a Georgia"},"content":{"rendered":"<p class=\"\"><b>Great Osobor<\/b> (22 a\u00f1os y 2,03 m) tuvo que abandonar el partido que disputaba la <b>Selecci\u00f3n<\/b> frente a <b>Georgia<\/b> por una lesi\u00f3n en la rodilla izquierda cuando solo llevaba 1:51 sobre el parqu\u00e9 del <b>Santiago Mart\u00edn<\/b> de <b>Tenerife<\/b>, donde <b>Espa\u00f1a<\/b> disputa la segunda jornada de la primera fase de clasificaci\u00f3n para <b>el Mundial de Qatar 2027. <\/b>Se est\u00e1 a la espera de las pruebas m\u00e9dicas para determinar el alcance de la lesi\u00f3n.<\/p>\n<p class=\"\">El ala-p\u00edvot sufri\u00f3 el percance en defensa, a falta de dos minutos para acabar el primer cuarto cuando <b>Mate Khatiashvili<\/b> choc\u00f3 con \u00e9l en una penetraci\u00f3n. La rodilla del internacional espa\u00f1ol se dobl\u00f3 de mala manera. Ya pintaba mal en ese momento. Y pint\u00f3 a\u00fan peor cuando al levantarse, ayudado por los servicios m\u00e9dicos de la <b>Selecci\u00f3n<\/b>, se cay\u00f3 de nuevo sobre la pista al tratar de apoyar la rodilla. Finalmente, sali\u00f3 de la pista apoyado en un miembro del staff espa\u00f1ol y en el georgiano <b>Tornike Shengelia<\/b>. <\/p>\n<blockquote class=\"twitter-tweet\">\n<p lang=\"es\" dir=\"ltr\">\ud83d\ude25 La peor de las noticias.<\/p>\n<p>Great Osobor se retira sin poder apoyar la pierna tras un feo gesto de su rodilla en un choque fortuito con un jugador georgiano. <a href=\"https:\/\/twitter.com\/hashtag\/FIBAWCQ?src=hash&amp;ref_src=twsrc%5Etfw\" rel=\"nofollow noopener\" target=\"_blank\">#FIBAWCQ<\/a> <\/p>\n<p>\ud83e\udd1e Esperemos que quede en un susto. <\/p>\n<p>\ud83c\uddea\ud83c\uddf8\ud83c\uddec\ud83c\uddea Espa\u00f1a &#8211; Georgia, en Teledeporte y <a href=\"https:\/\/twitter.com\/rtveplay?ref_src=twsrc%5Etfw\" rel=\"nofollow noopener\" target=\"_blank\">@rtveplay<\/a> <a href=\"https:\/\/t.co\/M919pGeaYj\" rel=\"nofollow\">pic.twitter.com\/M919pGeaYj<\/a><\/p>\n<p>\u2014 Teledeporte (@teledeporte) <a href=\"https:\/\/twitter.com\/teledeporte\/status\/1995209889883230594?ref_src=twsrc%5Etfw\" rel=\"nofollow noopener\" target=\"_blank\">November 30, 2025<\/a><\/p><\/blockquote>\n<p class=\"\">El enfrentamiento contra <b>Georgia<\/b> era el segundo de <b>Osobor<\/b> como internacional con <b>Espa\u00f1a<\/b>. El navarro hab\u00eda debutado el pasado jueves 27 en <b>Farum<\/b> frente a <b>Dinamarca<\/b>. Y se convirti\u00f3 en la gran sensaci\u00f3n espa\u00f1ola del duelo. Hizo 12 puntos (5 de 9 de dos), atrap\u00f3 8 rebotes y rob\u00f3 dos balones para 15 de valoraci\u00f3n (la m\u00e1xima del equipo junto a <b>Oriol Paul\u00ed<\/b>) en los 18:03 que estuvo sobre la cancha del <b>Farum Arena.<\/b><\/p>\n<p class=\"\">Sin embargo, su presentaci\u00f3n como nuevo cuatro de <b>Espa\u00f1a <\/b>estuvo m\u00e1s all\u00e1 de esas cifras. A pesar de su gran tama\u00f1o, se mostr\u00f3 \u00e1gil en el uno contra uno, h\u00e1bil con las manos para tocar y robar balones y veloz en las transiciones. Su capacidad de salto le hizo fundamental para que <b>Espa\u00f1a<\/b> controlara el rebote y para completar acciones tan espectaculares como un alley-oop tras pase en contraataque de <b>\u00c1lvaro C\u00e1rdenas<\/b>.<\/p>\n<p class=\"\">Adem\u00e1s, mostr\u00f3 maneras de jugador experimentado en muchas y buenas batallas, de profesional al que no le pesa la presi\u00f3n. De veterano, a pesar de haber llegado a la \u00e9lite este verano tras pasar cuatro a\u00f1os en el baloncesto universitario estadounidense. Aunque, claro, siempre hay nervios en un debut: \u201cLos necesitas para jugar bien\u201d, asegur\u00f3 tras la victoria un ala-p\u00edvot que se describe como \u201cmuy vers\u00e1til\u201d. \u201cHago muchas cosas diferentes de otros jugadores de mi estatura y de mi f\u00edsico\u201d.<\/p>\n<p class=\"\">Cualidades forjadas en la superaci\u00f3n y en el atrevimiento de un jugador con las ideas muy claras. \u201cQuiero ser el mejor jugador que pueda llegar a ser\u201d, dijo a <b>AS Osobor<\/b>, que ha sido un aut\u00e9ntico descubrimiento para el baloncesto nacional: ni se ha formado en ninguna cantera <b>ACB <\/b>ni ha jugado en las categor\u00edas inferiores espa\u00f1olas.<\/p>\n<p class=\"\">Pas\u00f3 de su <b>Navarra <\/b>natal, a la que llegaron sus padres desde <b>Nigeria<\/b>, a <b>Inglaterra <\/b>con apenas 12 a\u00f1os y desde ah\u00ed a <b>Estados Unidos<\/b>, las universidades de <b>Montana State, de Utah State y de Washington<\/b> para probar suerte en la <b>Summer League<\/b> con <b>Houston Rockets<\/b>. Su sue\u00f1o, la <b>NBA<\/b>. \u201cHay muchas formas de llegar hasta all\u00ed. As\u00ed que para m\u00ed es seguir mejorando como jugador y cuando sea mi turno, aprovecharlo\u201d, continu\u00f3 en la entrevista <b>Osobor<\/b>, que juega esta temporada en el <b>Science City Jena<\/b> de una <b>Bundesliga <\/b>en la que es su 14\u00ba anotador con 16,1 puntos de media.<\/p>\n<p class=\"\">\u201cHa jugado bien. Est\u00e1 haciendo las cosas bien en <b>Alemania <\/b>y tengo muchas esperanzas puestas en \u00e9l. Pero ha jugado bien \u00e9l y sus compa\u00f1eros. Hay cosas que tiene que aprender, porque es joven. Pero me alegro. Tiene uno contra uno, genera juego. Pero tiene que aprender a jugar al l\u00edmite de la posesi\u00f3n. Estoy encantado de tenerle a \u00e9l y al resto de los jugadores\u201d, alab\u00f3 <b>Chus Mateo<\/b> a Osobor tras el duelo. Ahora, todos los pensamientos est\u00e1n con \u00e9l y con que su lesi\u00f3n no sea nada.<\/p>\n<p>Noticias relacionadas<\/p>\n<p class=\"\"><b>\u00a1Tus opiniones importan!<\/b><\/p>\n<p class=\"\">Comenta en los art\u00edculos y suscr\u00edbete gratis a nuestra <a href=\"https:\/\/asfan.as.com\/newsletters\/\" target=\"_blank\" rel=\"nofollow noopener\" title=\"https:\/\/asfan.as.com\/newsletters\/\">newsletter<\/a> y a las alertas informativas en la <a href=\"https:\/\/as.com\/aplicacion-de-as-n\/\" target=\"_blank\" rel=\"nofollow noopener\" title=\"https:\/\/as.com\/aplicacion-de-as-n\/\">App<\/a> o el canal de <a href=\"https:\/\/www.whatsapp.com\/channel\/0029VaAasdA7j6g745nz9M10\" target=\"_blank\" rel=\"nofollow noopener\" title=\"https:\/\/www.whatsapp.com\/channel\/0029VaAasdA7j6g745nz9M10\">WhatsApp<\/a>. \u00bfBuscas licenciar contenido? Haz clic <a href=\"https:\/\/profesional.elpais.com\/soluciones-sindicacion?utm_medium=interno&amp;utm_source=crosslinking&amp;utm_campaign=sindicacion_as_pie_articulos\" target=\"_blank\" rel=\"nofollow noopener\" title=\"https:\/\/profesional.elpais.com\/soluciones-sindicacion?utm_medium=interno&amp;utm_source=crosslinking&amp;utm_campaign=sindicacion_as_pie_articulos\">aqu\u00ed<\/a><\/p>\n<p><script async src=\"https:\/\/platform.twitter.com\/widgets.js\" charset=\"utf-8\"><\/script><\/p>\n","protected":false},"excerpt":{"rendered":"Great Osobor (22 a\u00f1os y 2,03 m) tuvo que abandonar el partido que disputaba la Selecci\u00f3n frente a&hellip;\n","protected":false},"author":2,"featured_media":264213,"comment_status":"","ping_status":"","sticky":false,"template":"","format":"standard","meta":{"footnotes":""},"categories":[269],"tags":[299,298,168,25,24,23,167],"class_list":{"0":"post-264212","1":"post","2":"type-post","3":"status-publish","4":"format-standard","5":"has-post-thumbnail","7":"category-baloncesto","8":"tag-baloncesto","9":"tag-basketball","10":"tag-deportes","11":"tag-es","12":"tag-espana","13":"tag-spain","14":"tag-sports"},"share_on_mastodon":{"url":"https:\/\/pubeurope.com\/@es\/115640445630231671","error":""},"_links":{"self":[{"href":"https:\/\/www.europesays.com\/es\/wp-json\/wp\/v2\/posts\/264212","targetHints":{"allow":["GET"]}}],"collection":[{"href":"https:\/\/www.europesays.com\/es\/wp-json\/wp\/v2\/posts"}],"about":[{"href":"https:\/\/www.europesays.com\/es\/wp-json\/wp\/v2\/types\/post"}],"author":[{"embeddable":true,"href":"https:\/\/www.europesays.com\/es\/wp-json\/wp\/v2\/users\/2"}],"replies":[{"embeddable":true,"href":"https:\/\/www.europesays.com\/es\/wp-json\/wp\/v2\/comments?post=264212"}],"version-history":[{"count":0,"href":"https:\/\/www.europesays.com\/es\/wp-json\/wp\/v2\/posts\/264212\/revisions"}],"wp:featuredmedia":[{"embeddable":true,"href":"https:\/\/www.europesays.com\/es\/wp-json\/wp\/v2\/media\/264213"}],"wp:attachment":[{"href":"https:\/\/www.europesays.com\/es\/wp-json\/wp\/v2\/media?parent=264212"}],"wp:term":[{"taxonomy":"category","embeddable":true,"href":"https:\/\/www.europesays.com\/es\/wp-json\/wp\/v2\/categories?post=264212"},{"taxonomy":"post_tag","embeddable":true,"href":"https:\/\/www.europesays.com\/es\/wp-json\/wp\/v2\/tags?post=264212"}],"curies":[{"name":"wp","href":"https:\/\/api.w.org\/{rel}","templated":true}]}}