{"id":264215,"date":"2025-11-30T20:06:23","date_gmt":"2025-11-30T20:06:23","guid":{"rendered":"https:\/\/www.europesays.com\/es\/264215\/"},"modified":"2025-11-30T20:06:23","modified_gmt":"2025-11-30T20:06:23","slug":"jersey-cozy-abrigo-camel-y-mucho-interes-por-el-sueno-saludable","status":"publish","type":"post","link":"https:\/\/www.europesays.com\/es\/264215\/","title":{"rendered":"jersey &#8216;cozy&#8217;, abrigo camel y mucho inter\u00e9s por el sue\u00f1o saludable"},"content":{"rendered":"<p><img loading=\"lazy\" decoding=\"async\" src=\"https:\/\/www.europesays.com\/es\/wp-content\/uploads\/2025\/10\/1760450890_434_100x100_informalia-logo.jpg\" itemtype=\"\/\/schema.org\/ImageObject\" itemprop=\"url\" alt=\"Informalia\" width=\"64\" height=\"64\" pinger-seen=\"true\"\/><\/p>\n<p>Sorpresa inesperada en la <b>Fundaci\u00f3n Respira<\/b>. La reina Letizia visit\u00f3 este s\u00e1bado 29 la exposici\u00f3n de la unidad m\u00f3vil del A\u00f1o SEPAR, una muestra que recoge las principales afecciones relacionadas con los trastornos respiratorios del sue\u00f1o. Una cita que no figuraba en su agenda oficial pero a la que, aun as\u00ed, <b>la mujer de Felipe VI decidi\u00f3 acudir para conocer de primera mano la nueva iniciativa de la Sociedad Espa\u00f1ola de Neumolog\u00eda y Cirug\u00eda Tor\u00e1cica<\/b>, cuyo objetivo es sensibilizar a la poblaci\u00f3n sobre la importancia del descanso y su estrecha relaci\u00f3n con la salud respiratoria.<\/p>\n<p>                            <img decoding=\"async\" src=\"https:\/\/www.europesays.com\/es\/wp-content\/uploads\/2025\/11\/770x_leti-estilismo.jpg\" loading=\"lazy\"\/><\/p>\n<p>Lo hizo acompa\u00f1ada por su secretaria y amiga de profesi\u00f3n, <b>Marta Carazo<\/b>. Fiel a su compromiso con la salud y los problemas sociosanitarios, <b>do\u00f1a Letizia recorri\u00f3 la unidad m\u00f3vil interes\u00e1ndose por cada uno de los protocolos de actuaci\u00f3n<\/b> que siguen los profesionales sanitarios en este tipo de casos. Asimismo, escuch\u00f3, muy atenta, las explicaciones de los neum\u00f3logos, tom\u00f3 nota de las recomendaciones y <b>se interes\u00f3 especialmente por los consejos destinados a mejorar la calidad del descanso<\/b>.<\/p>\n<p>                            <img decoding=\"async\" src=\"https:\/\/www.europesays.com\/es\/wp-content\/uploads\/2025\/11\/770x_letizia.jpg\" loading=\"lazy\"\/><\/p>\n<p>Para esta cita improvisada de fin de semana, la madre de la princesa Leonor apost\u00f3 por un estilismo c\u00f3modo y funcional: <b>un jersey de lana en tono beige que combin\u00f3 con pantalones negros acampanados, con bajo desflecado<\/b>, y un pa\u00f1uelo al cuello con estampado abstracto en tonos marino y nude que le daba ese toque chic. Para resguardarse del fr\u00edo, complet\u00f3 el look con un <b>abrigo camel tipo gabardina de ante<\/b>, y que llev\u00f3 en la mano durante la visita. <\/p>\n<p>                            <img decoding=\"async\" src=\"https:\/\/www.europesays.com\/es\/wp-content\/uploads\/2025\/11\/770x_visita-unidad-movil.jpg\" loading=\"lazy\"\/><\/p>\n<p>Ha sido la propia Fundaci\u00f3n la que ha compartido las im\u00e1genes en sus redes sociales, celebrando la visita sorpresa de Letizia y dejando claro lo mucho que valoran su implicaci\u00f3n en la investigaci\u00f3n cient\u00edfica. <b>\u00abQueremos agradecer muy sinceramente a Su Majestad la Reina<\/b>, do\u00f1a Letizia, su visita a la Unidad M\u00f3vil del A\u00f1o SEPAR 2025\/26 de los Trastornos Respiratorios del Sue\u00f1o, en la que ha podido conocer, de la mano de neum\u00f3logas, neum\u00f3logos y profesionales del \u00e1rea respiratoria, las \u00faltimas innovaciones para diagnosticar, tratar y evaluar las enfermedades relacionadas con el sue\u00f1o. <b>Gracias por su inquietud por la ciencia, su cercan\u00eda y su calidez<\/b>\u00ab, han escrito.<\/p>\n<p>WhatsApp<a href=\"https:\/\/api.whatsapp.com\/send?text=https:\/\/www.eleconomista.es\/informalia\/casas-reales\/noticias\/13669419\/11\/25\/la-visita-sorpresa-de-dona-letizia-a-una-unidad-movil-de-salud-jersey-cozy-abrigo-camel-y-mucho-interes-por-el-sueno-saludable.html?utm_source%3Dwhatsapp%26utm_medium%3Dshare_button&amp;id=1648118629957_whatsapp\" target=\"_blank\" data-action=\"share\/whatsapp\/share\" aria-label=\"Compartir en Whatsapp\" rel=\"nofollow noopener\"><\/a>Facebook<a id=\"fb-share\" href=\"#\" target=\"_blank\" rel=\"noopener noreferrer\" aria-label=\"Compartir en Facebook\"><\/a>Twitter<a href=\"https:\/\/twitter.com\/share?text=La+visita+sorpresa+de+do%C3%B1a+Letizia+a+una+unidad+m%C3%B3vil+de+salud%3A+jersey+%27cozy%27%2C+abrigo+camel+y+mucho+inter%C3%A9s+por+el+sue%C3%B1o+saludable&amp;url=https:\/\/www.eleconomista.es\/informalia\/casas-reales\/noticias\/13669419\/11\/25\/la-visita-sorpresa-de-dona-letizia-a-una-unidad-movil-de-salud-jersey-cozy-abrigo-camel-y-mucho-interes-por-el-sueno-saludable.html&amp;via=Informalia&amp;id=1648118839245_twitter\" target=\"_blank\" aria-label=\"Compartir en Twitter\" rel=\"nofollow noopener\"><\/a>Linkedin<a onclick=\"return abrirLinkedin();\" href=\"https:\/\/www.linkedin.com\/shareArticle?text=La+visita+sorpresa+de+do%C3%B1a+Letizia+a+una+unidad+m%C3%B3vil+de+salud%3A+jersey+%27cozy%27%2C+abrigo+camel+y+mucho+inter%C3%A9s+por+el+sue%C3%B1o+saludable&amp;url=https:\/\/www.eleconomista.es\/informalia\/casas-reales\/noticias\/13669419\/11\/25\/la-visita-sorpresa-de-dona-letizia-a-una-unidad-movil-de-salud-jersey-cozy-abrigo-camel-y-mucho-interes-por-el-sueno-saludable.html&amp;mini=true\" target=\"_blank\" aria-label=\"Compartir en linkedin\" rel=\"nofollow noopener\"><\/a>Beloud<a href=\"https:\/\/beloud.com\/share?text=La+visita+sorpresa+de+do%C3%B1a+Letizia+a+una+unidad+m%C3%B3vil+de+salud%3A+jersey+%27cozy%27%2C+abrigo+camel+y+mucho+inter%C3%A9s+por+el+sue%C3%B1o+saludable&amp;url=https:\/\/www.eleconomista.es\/informalia\/casas-reales\/noticias\/13669419\/11\/25\/la-visita-sorpresa-de-dona-letizia-a-una-unidad-movil-de-salud-jersey-cozy-abrigo-camel-y-mucho-interes-por-el-sueno-saludable.html&amp;via=Informalia&amp;id=1648118839245_beloud\" target=\"_blank\" aria-label=\"Compartir en beloud\" rel=\"nofollow noopener\"><\/a>Bluesky<a href=\"https:\/\/bsky.app\/intent\/compose?text=https:\/\/bsky.app\/intent\/compose?text=https:\/\/www.eleconomista.es\/informalia\/casas-reales\/noticias\/13669419\/11\/25\/la-visita-sorpresa-de-dona-letizia-a-una-unidad-movil-de-salud-jersey-cozy-abrigo-camel-y-mucho-interes-por-el-sueno-saludable.html&amp;url=https:\/\/www.eleconomista.es\/informalia\/casas-reales\/noticias\/13669419\/11\/25\/la-visita-sorpresa-de-dona-letizia-a-una-unidad-movil-de-salud-jersey-cozy-abrigo-camel-y-mucho-interes-por-el-sueno-saludable.html&amp;via=elEconomistaes&amp;id=1648118839245_bluesky\" target=\"_blank\" aria-label=\"Compartir en bluesky\" rel=\"nofollow noopener\"><\/a><\/p>\n<p><script async src=\"https:\/\/platform.twitter.com\/widgets.js\" charset=\"utf-8\"><\/script><\/p>\n","protected":false},"excerpt":{"rendered":"Sorpresa inesperada en la Fundaci\u00f3n Respira. La reina Letizia visit\u00f3 este s\u00e1bado 29 la exposici\u00f3n de la unidad&hellip;\n","protected":false},"author":2,"featured_media":264216,"comment_status":"","ping_status":"","sticky":false,"template":"","format":"standard","meta":{"footnotes":""},"categories":[174],"tags":[14486,255,146,147,25,24,256,23],"class_list":{"0":"post-264215","1":"post","2":"type-post","3":"status-publish","4":"format-standard","5":"has-post-thumbnail","7":"category-famosos","8":"tag-casas-reales","9":"tag-celebrities","10":"tag-entertainment","11":"tag-entretenimiento","12":"tag-es","13":"tag-espana","14":"tag-famosos","15":"tag-spain"},"share_on_mastodon":{"url":"https:\/\/pubeurope.com\/@es\/115640453968789058","error":""},"_links":{"self":[{"href":"https:\/\/www.europesays.com\/es\/wp-json\/wp\/v2\/posts\/264215","targetHints":{"allow":["GET"]}}],"collection":[{"href":"https:\/\/www.europesays.com\/es\/wp-json\/wp\/v2\/posts"}],"about":[{"href":"https:\/\/www.europesays.com\/es\/wp-json\/wp\/v2\/types\/post"}],"author":[{"embeddable":true,"href":"https:\/\/www.europesays.com\/es\/wp-json\/wp\/v2\/users\/2"}],"replies":[{"embeddable":true,"href":"https:\/\/www.europesays.com\/es\/wp-json\/wp\/v2\/comments?post=264215"}],"version-history":[{"count":0,"href":"https:\/\/www.europesays.com\/es\/wp-json\/wp\/v2\/posts\/264215\/revisions"}],"wp:featuredmedia":[{"embeddable":true,"href":"https:\/\/www.europesays.com\/es\/wp-json\/wp\/v2\/media\/264216"}],"wp:attachment":[{"href":"https:\/\/www.europesays.com\/es\/wp-json\/wp\/v2\/media?parent=264215"}],"wp:term":[{"taxonomy":"category","embeddable":true,"href":"https:\/\/www.europesays.com\/es\/wp-json\/wp\/v2\/categories?post=264215"},{"taxonomy":"post_tag","embeddable":true,"href":"https:\/\/www.europesays.com\/es\/wp-json\/wp\/v2\/tags?post=264215"}],"curies":[{"name":"wp","href":"https:\/\/api.w.org\/{rel}","templated":true}]}}