{"id":264217,"date":"2025-11-30T20:09:15","date_gmt":"2025-11-30T20:09:15","guid":{"rendered":"https:\/\/www.europesays.com\/es\/264217\/"},"modified":"2025-11-30T20:09:15","modified_gmt":"2025-11-30T20:09:15","slug":"eiichiro-oda-podria-haber-cumplido-una-promesa-tan-triste-como-emocionante-que-indica-que-el-final-de-one-piece-esta-cerca","status":"publish","type":"post","link":"https:\/\/www.europesays.com\/es\/264217\/","title":{"rendered":"Eiichiro Oda podr\u00eda haber cumplido una promesa tan triste como emocionante que indica que el final de One Piece est\u00e1 cerca"},"content":{"rendered":"<p>No sabemos a ciencia exacta cuanto tiempo le queda a <a href=\"https:\/\/www.3djuegos.com\/tag\/saga-one-piece\" rel=\"nofollow noopener\" target=\"_blank\">One Piece<\/a>, pero viendo e<a class=\"text-outboundlink\" href=\"https:\/\/www.3djuegos.com\/manga-anime\/noticias\/eiichiro-oda-ha-esperado-pacientemente-casi-30-anos-para-soltar-bombazo-capitulo-1159-manga-one-piece-que-estaba-ahi-casi-principio\" data-vars-post-title=\"Eiichiro Oda acaba de revelar uno de los grandes misterios de One Piece \" data-vars-post-url=\"https:\/\/www.3djuegos.com\/manga-anime\/noticias\/eiichiro-oda-ha-esperado-pacientemente-casi-30-anos-para-soltar-bombazo-capitulo-1159-manga-one-piece-que-estaba-ahi-casi-principio\" rel=\"nofollow noopener\" target=\"_blank\">l ritmo de revelaciones<\/a> que lleva Eiichiro Oda en <strong>el arco de Elbaf<\/strong>, todo apunta a que no es demasiado. El autor siempre ha sido reservado a la hora de adelantar contenido, pero en esta ocasi\u00f3n, podr\u00eda haber cumplido una promesa que confirma nuestras sospechas. A estas alturas, no es descabellado que cualquier detalle <strong>pueda ser una pista<\/strong> de algo relevante y el <strong>cap\u00edtulo 1.167<\/strong> del manga podr\u00eda ser un antes y un despu\u00e9s en el desarrollo de la historia.\u00a0<\/p>\n<p><strong>Atenci\u00f3n spoilers: <\/strong>este art\u00edculo contiene informaci\u00f3n sobre el episodio 1.167 del manga de One Piece.\u00a0<\/p>\n<p>El pasado de Shanks comienza a esclarecerse\u00a0<\/p>\n<p>No hay duda alguna de que Elbaf <strong>es el arco de Shanks<\/strong>. Gracias a la llegada de los Mugiwara a la isla de los gigantes, hemos podido confirmar las sospechas sobre la existencia <a class=\"text-outboundlink\" href=\"https:\/\/www.3djuegos.com\/manga-anime\/noticias\/capitulo-1137-one-piece-deja-bombazo-que-confirma-grandes-teorias-que-llevan-anos-circulando-internet-shanks\" data-vars-post-title=\"El cap\u00edtulo 1137 de One Piece deja un bombazo que confirma una de las grandes teor\u00edas que llevan a\u00f1os circulando por Internet sobre Shanks  \" data-vars-post-url=\"https:\/\/www.3djuegos.com\/manga-anime\/noticias\/capitulo-1137-one-piece-deja-bombazo-que-confirma-grandes-teorias-que-llevan-anos-circulando-internet-shanks\" rel=\"nofollow noopener\" target=\"_blank\">de un hermano gemelo<\/a>, el origen de su separaci\u00f3n y tambi\u00e9n parte de la juventud del pelirrojo que permanec\u00eda a la merced de m\u00faltiples teor\u00edas.\u00a0<\/p>\n<p>Tras haber desvelado una de <a class=\"text-outboundlink\" href=\"https:\/\/www.3djuegos.com\/manga-anime\/noticias\/eiichiro-oda-lleva-anos-ocultando-conspiracion-capitulo-1-166-manga-one-piece-destapa-fueron-arrancados-paginas-historia\" data-vars-post-title=\"Eiichiro Oda lleva a\u00f1os ocultando una conspiraci\u00f3n y el cap\u00edtulo 1.166 del manga de One Piece la destapa: &quot;Fueron arrancados de las p\u00e1ginas de la historia&quot; \" data-vars-post-url=\"https:\/\/www.3djuegos.com\/manga-anime\/noticias\/eiichiro-oda-lleva-anos-ocultando-conspiracion-capitulo-1-166-manga-one-piece-destapa-fueron-arrancados-paginas-historia\" rel=\"nofollow noopener\" target=\"_blank\">las grandes conspiraciones<\/a> por parte del Gobierno Mundial en God Valley, el viaje temporal al pasado ha adquirido un ritmo mucho m\u00e1s vertiginoso y orientado hacia Shanks. As\u00ed, durante el cap\u00edtulo 1.167, hemos podido ver c\u00f3mo este <strong>se re\u00fane con su familia<\/strong>, todav\u00eda no sabemos muy bien con qu\u00e9 fin. Lo que s\u00ed sabemos es que este mantiene contacto con un Harald que ha decidido ponerse a s\u00ed mismo y a Elbaf bajo los mandos del Gobierno.\u00a0\u00a0<\/p>\n<p>                   <img class=\"centro_sinmarco\" height=\"557\" width=\"978\" loading=\"lazy\" decoding=\"async\"  fetchpriority=\"high\"  src=\"https:\/\/www.europesays.com\/es\/wp-content\/uploads\/2025\/11\/1764533355_877_450_1000.jpeg\" alt=\"One Piece\"\/><\/p>\n<p>Lo m\u00e1s interesante es la apariencia del propio pirata, quien mantiene <strong>su cicatriz del ojo<\/strong> oculta con una especie de venda que hace de parche para que Harald no sospeche de su pasado. Este detalle podr\u00eda tener relaci\u00f3n con<strong> las palabras de Oda<\/strong> cuando indic\u00f3 que en el momento en el que un poderoso pirata apareciera con un parche, significar\u00eda que\u00a0la historia estaba entrando en su arco final.\u00a0<\/p>\n<p>Podr\u00eda referirse a este momento o, tal vez, ahora que sabemos de<strong> la existencia de Davy Jones<\/strong>, este llegue a aparecer en alg\u00fan momento con un parche como tal. Sin embargo, no hay duda alguna de que One Piece ya est\u00e1 entrando en su \u00faltimo comp\u00e1s. Con Luffy a punto de enfrentar su primer combate contra Imu (el cual teorizo que no va a acabar bien) se ver\u00e1 obligado a fortalecerse, recurrir a sus aliados (algunos inesperados) y a buscar el tesoro de Roger, que algunas teor\u00edas apuntan a que se trata de un arma decisiva.\u00a0<\/p>\n<p>En 3DJuegos |\u00a0<a class=\"text-outboundlink\" href=\"https:\/\/www.3djuegos.com\/eventos\/noticias\/fruta-luffy-one-piece-todo-misterio-fan-cree-haber-descubierto-clave-curiosa-teoria\" data-vars-post-title=\"La fruta de Luffy en One Piece es todo un misterio, pero un fan cree haber descubierto la clave con una curiosa teor\u00eda \" data-vars-post-url=\"https:\/\/www.3djuegos.com\/eventos\/noticias\/fruta-luffy-one-piece-todo-misterio-fan-cree-haber-descubierto-clave-curiosa-teoria\" rel=\"nofollow noopener\" target=\"_blank\">La fruta de Luffy en One Piece es todo un misterio, pero un fan cree haber descubierto la clave con una curiosa teor\u00eda<\/a><\/p>\n<p>En 3DJuegos |\u00a0<a class=\"text-outboundlink\" href=\"https:\/\/www.3djuegos.com\/manga-anime\/noticias\/se-confirma-nuevo-protagonista-solo-leveling-serie-apuesta-fuerte-multiverso-no-le-ha-gustado-a-todo-mundo\" data-vars-post-title=\"Se confirma nuevo protagonista en Solo Leveling. La serie apuesta fuerte por el multiverso, aunque no le ha gustado a todo el mundo \" data-vars-post-url=\"https:\/\/www.3djuegos.com\/manga-anime\/noticias\/se-confirma-nuevo-protagonista-solo-leveling-serie-apuesta-fuerte-multiverso-no-le-ha-gustado-a-todo-mundo\" rel=\"nofollow noopener\" target=\"_blank\">Se confirma nuevo protagonista en Solo Leveling. La serie apuesta fuerte por el multiverso, aunque no le ha gustado a todo el mundo<\/a><\/p>\n","protected":false},"excerpt":{"rendered":"No sabemos a ciencia exacta cuanto tiempo le queda a One Piece, pero viendo el ritmo de revelaciones&hellip;\n","protected":false},"author":2,"featured_media":264218,"comment_status":"","ping_status":"","sticky":false,"template":"","format":"standard","meta":{"footnotes":""},"categories":[171],"tags":[146,147,25,24,23,214],"class_list":{"0":"post-264217","1":"post","2":"type-post","3":"status-publish","4":"format-standard","5":"has-post-thumbnail","7":"category-tv","8":"tag-entertainment","9":"tag-entretenimiento","10":"tag-es","11":"tag-espana","12":"tag-spain","13":"tag-tv"},"share_on_mastodon":{"url":"https:\/\/pubeurope.com\/@es\/115640465710717126","error":""},"_links":{"self":[{"href":"https:\/\/www.europesays.com\/es\/wp-json\/wp\/v2\/posts\/264217","targetHints":{"allow":["GET"]}}],"collection":[{"href":"https:\/\/www.europesays.com\/es\/wp-json\/wp\/v2\/posts"}],"about":[{"href":"https:\/\/www.europesays.com\/es\/wp-json\/wp\/v2\/types\/post"}],"author":[{"embeddable":true,"href":"https:\/\/www.europesays.com\/es\/wp-json\/wp\/v2\/users\/2"}],"replies":[{"embeddable":true,"href":"https:\/\/www.europesays.com\/es\/wp-json\/wp\/v2\/comments?post=264217"}],"version-history":[{"count":0,"href":"https:\/\/www.europesays.com\/es\/wp-json\/wp\/v2\/posts\/264217\/revisions"}],"wp:featuredmedia":[{"embeddable":true,"href":"https:\/\/www.europesays.com\/es\/wp-json\/wp\/v2\/media\/264218"}],"wp:attachment":[{"href":"https:\/\/www.europesays.com\/es\/wp-json\/wp\/v2\/media?parent=264217"}],"wp:term":[{"taxonomy":"category","embeddable":true,"href":"https:\/\/www.europesays.com\/es\/wp-json\/wp\/v2\/categories?post=264217"},{"taxonomy":"post_tag","embeddable":true,"href":"https:\/\/www.europesays.com\/es\/wp-json\/wp\/v2\/tags?post=264217"}],"curies":[{"name":"wp","href":"https:\/\/api.w.org\/{rel}","templated":true}]}}