{"id":264225,"date":"2025-11-30T20:14:13","date_gmt":"2025-11-30T20:14:13","guid":{"rendered":"https:\/\/www.europesays.com\/es\/264225\/"},"modified":"2025-11-30T20:14:13","modified_gmt":"2025-11-30T20:14:13","slug":"charlene-de-monaco-deslumbra-con-un-abrigo-de-3-000-euros-en-el-encendido-navideno-elaborado-en-italia-con-mezcla-de-lana-y-cachemira","status":"publish","type":"post","link":"https:\/\/www.europesays.com\/es\/264225\/","title":{"rendered":"Charl\u00e8ne de M\u00f3naco deslumbra con un abrigo de 3.000 euros en el encendido navide\u00f1o: elaborado en Italia con mezcla de lana y cachemira"},"content":{"rendered":"<p><img alt=\"Los pr\u00edncipes de M\u00f3naco, Alberto\" class=\"global-image\" decoding=\"async\" fetchpriority=\"high\" height=\"569\" loading=\"eager\" src=\"https:\/\/www.europesays.com\/es\/wp-content\/uploads\/2025\/11\/KPXC4TOJ3JATTK73V3ZAE5WTYY.jpg\" width=\"1012\"\/>Los pr\u00edncipes de M\u00f3naco, Alberto II, Charl\u00e8ne, Jacques y Gabriella (@palaisprincierdemonaco).<\/p>\n<p class=\"paragraph\">El inicio oficial de la Navidad en M\u00f3naco ha llegado, un a\u00f1o m\u00e1s, de la mano del tradicional encendido de las luces navide\u00f1as. La ceremonia, que ya es una de las m\u00e1s esperadas del calendario monegasco, reuni\u00f3 este s\u00e1bado al pr\u00edncipe Alberto, a<a rel=\"noopener noreferrer nofollow\" href=\"https:\/\/www.infobae.com\/espana\/2025\/01\/09\/no-se-si-puedo-hacer-esto-la-confesion-de-charlene-de-monaco-a-su-fotografo-minutos-antes-de-su-boda-con-el-principe-alberto\/\" target=\"_self\" title=\"https:\/\/www.infobae.com\/espana\/2025\/01\/09\/no-se-si-puedo-hacer-esto-la-confesion-de-charlene-de-monaco-a-su-fotografo-minutos-antes-de-su-boda-con-el-principe-alberto\/\"> la princesa Charl\u00e8ne <\/a>y a los mellizos Jacques y Gabriella, que fueron los encargados de activar el dispositivo que ilumina las calles del principado durante el mes de diciembre. <\/p>\n<p class=\"paragraph\">Aunque la expectaci\u00f3n siempre recae en <a rel=\"noopener noreferrer nofollow\" href=\"https:\/\/www.infobae.com\/espana\/2025\/05\/28\/encontronazo-con-el-pasado-charlene-de-monaco-coincide-con-la-examante-de-su-marido-y-el-hijo-que-tuvieron-en-un-evento-reciente\/\" target=\"_self\" title=\"https:\/\/www.infobae.com\/espana\/2025\/05\/28\/encontronazo-con-el-pasado-charlene-de-monaco-coincide-con-la-examante-de-su-marido-y-el-hijo-que-tuvieron-en-un-evento-reciente\/\">los m\u00e1s peque\u00f1os de los Grimaldi<\/a>, esta vez fue Charl\u00e8ne quien acapar\u00f3 parte de las miradas gracias a un estilismo que resum\u00eda a la perfecci\u00f3n su concepto de elegancia invernal: <b>discreto, estructurado y con un punto de sofisticaci\u00f3n atemporal.<\/b><\/p>\n<p class=\"paragraph\">Para la ocasi\u00f3n, la princesa apost\u00f3 por un abrigo largo confeccionado en<b> un rico tejido jacquard <\/b>en tonos tierra, con un dibujo similar al damasco tradicional. La prenda, entallada en la cintura y rematada con doble botonadura, incorporaba adem\u00e1s finos cordones decorativos que aportaban volumen y relieve. Debajo opt\u00f3 por un cuello de punto blanco, un b\u00e1sico vers\u00e1til que iluminaba su rostro y equilibraba la intensidad de la prenda. El abrigo, firmado por <b>Etro <\/b>y elaborado en Italia con mezcla de lana y cachemira, est\u00e1 disponible por<b> 2.990 euros.<\/b> <\/p>\n<p class=\"paragraph\">En cuanto a los accesorios, Charl\u00e8ne prefiri\u00f3 mantener la gama crom\u00e1tica del look, recurriendo a guantes de cuero en un marr\u00f3n muy oscuro y botas del mismo tono y con tac\u00f3n moderado. Todo ello reforzaba la armon\u00eda del estilismo y le imprim\u00eda un aire invernal impecable. Su peinado:<b> un recogido pulido,<\/b> y un maquillaje en tonos rosados completaron un conjunto elegante, coherente y muy representativo de su imagen p\u00fablica: sobria, depurada y carism\u00e1tica.<\/p>\n<p><img alt=\"Los pr\u00edncipes de M\u00f3naco, Alberto\" class=\"global-image\" decoding=\"async\" fetchpriority=\"low\" height=\"1800\" loading=\"lazy\" src=\"https:\/\/www.europesays.com\/es\/wp-content\/uploads\/2025\/11\/WW4E75Q2QRFPLPMTL72ET2XKU4.jpg\" width=\"1440\"\/>Los pr\u00edncipes de M\u00f3naco, Alberto II, Charl\u00e8ne, Jacques y Gabriella (@palaisprincierdemonaco).<\/p>\n<p class=\"paragraph\">Como es habitual, <a rel=\"noopener noreferrer nofollow\" href=\"https:\/\/www.infobae.com\/espana\/2025\/06\/25\/comunicado-de-ultima-hora-del-palacio-de-monaco-charlene-y-sus-hijos-cancelan-su-viaje-a-japon-junto-al-principe-alberto\/\" target=\"_self\" title=\"https:\/\/www.infobae.com\/espana\/2025\/06\/25\/comunicado-de-ultima-hora-del-palacio-de-monaco-charlene-y-sus-hijos-cancelan-su-viaje-a-japon-junto-al-principe-alberto\/\">Jacques y Gabriella <\/a>disfrutaron del acto con naturalidad y complicidad ante los fot\u00f3grafos. El heredero luci\u00f3 un abrigo azul marino de corte cl\u00e1sico, acompa\u00f1ado de un traje del mismo color, camisa blanca y corbata azul. Elegante y correcto, se mantuvo fiel a los tonos fr\u00edos que predominan en el vestuario oficial del pr\u00edncipe Alberto.<\/p>\n<p class=\"paragraph\">Gabriella, en cambio, sorprendi\u00f3 con un conjunto delicado y luminoso en tonos crudos. La ni\u00f1a llev\u00f3 un abrigo de la colecci\u00f3n infantil de <b>Fendi<\/b>, con un precio de <b>950 euros,<\/b> y una falda de tweed adornados con botones dorados, combinados con un jersey de cuello alto blanco, medias a juego y zapatos tipo merceditas. Un look monocrom\u00e1tico que transmit\u00eda candidez y que contrastaba con el estilo m\u00e1s solemne de su hermano.<\/p>\n<p><img alt=\"Los pr\u00edncipes de M\u00f3naco, Alberto\" class=\"global-image\" decoding=\"async\" fetchpriority=\"low\" height=\"3000\" loading=\"lazy\" src=\"https:\/\/www.europesays.com\/es\/wp-content\/uploads\/2025\/11\/KCEJ4B3QUZC4LDIWGNDD2PR46M.jpg\" width=\"1688\"\/>Los pr\u00edncipes de M\u00f3naco, Alberto II, Charl\u00e8ne, Jacques y Gabriella (@palaisprincierdemonaco).<\/p>\n<p class=\"paragraph\">Este acto navide\u00f1o llega d\u00edas despu\u00e9s de que Charl\u00e8ne concediera dos entrevistas en las que habl\u00f3 de manera inusual sobre su v\u00ednculo con Jacques y Gabriella. La princesa los describi\u00f3 como <a rel=\"noopener noreferrer nofollow\" href=\"https:\/\/www.infobae.com\/espana\/2025\/11\/26\/el-motivo-que-ha-usado-alberto-de-monaco-para-vetar-el-aborto-en-el-principado-y-que-el-mismo-ha-roto-en-muchas-ocasiones\/\" target=\"_self\" title=\"https:\/\/www.infobae.com\/espana\/2025\/11\/26\/el-motivo-que-ha-usado-alberto-de-monaco-para-vetar-el-aborto-en-el-principado-y-que-el-mismo-ha-roto-en-muchas-ocasiones\/\">\u201clos grandes pilares\u201d de su vida<\/a> y destac\u00f3 sus diferencias: \u00ab<b>Las conversaciones que tengo con Jacques y las que tengo con Gabriella son muy diferentes<\/b>, as\u00ed como el tiempo que paso con ellos. Gabriella es muy curiosa. Le intriga mucho el mundo y la vida en general. Hace muchas preguntas y exige mucha atenci\u00f3n. Jacques es curioso y observador. M\u00e1s reservado, es naturalmente muy tranquilo\u00bb, explic\u00f3 a la revista Gala. <\/p>\n<p class=\"paragraph\">En otra conversaci\u00f3n reciente, con motivo <a rel=\"noopener noreferrer nofollow\" href=\"https:\/\/www.infobae.com\/espana\/2025\/11\/19\/los-grimaldi-presumen-de-concordia-familiar-en-el-dia-nacional-de-monaco-con-la-reaparicion-de-beatrice-borromeo\/\" target=\"_self\" title=\"https:\/\/www.infobae.com\/espana\/2025\/11\/19\/los-grimaldi-presumen-de-concordia-familiar-en-el-dia-nacional-de-monaco-con-la-reaparicion-de-beatrice-borromeo\/\">del D\u00eda Nacional de M\u00f3naco,<\/a> la princesa explic\u00f3 que la presencia de los mellizos en los actos oficiales responde a un aprendizaje gradual del papel que desempe\u00f1ar\u00e1n en el futuro. Sin embargo, insisti\u00f3 en que su prioridad no es el protocolo, sino inculcar valores como la empat\u00eda, la generosidad y la capacidad de ayudar a los dem\u00e1s. Se\u00f1al\u00f3, adem\u00e1s, que ambos participan con frecuencia en iniciativas ben\u00e9ficas y actividades relacionadas con la protecci\u00f3n animal.<\/p>\n","protected":false},"excerpt":{"rendered":"Los pr\u00edncipes de M\u00f3naco, Alberto II, Charl\u00e8ne, Jacques y Gabriella (@palaisprincierdemonaco). El inicio oficial de la Navidad en&hellip;\n","protected":false},"author":2,"featured_media":264226,"comment_status":"","ping_status":"","sticky":false,"template":"","format":"standard","meta":{"footnotes":""},"categories":[91],"tags":[146,147,25,24,23],"class_list":{"0":"post-264225","1":"post","2":"type-post","3":"status-publish","4":"format-standard","5":"has-post-thumbnail","7":"category-entretenimiento","8":"tag-entertainment","9":"tag-entretenimiento","10":"tag-es","11":"tag-espana","12":"tag-spain"},"share_on_mastodon":{"url":"https:\/\/pubeurope.com\/@es\/115640485199208929","error":""},"_links":{"self":[{"href":"https:\/\/www.europesays.com\/es\/wp-json\/wp\/v2\/posts\/264225","targetHints":{"allow":["GET"]}}],"collection":[{"href":"https:\/\/www.europesays.com\/es\/wp-json\/wp\/v2\/posts"}],"about":[{"href":"https:\/\/www.europesays.com\/es\/wp-json\/wp\/v2\/types\/post"}],"author":[{"embeddable":true,"href":"https:\/\/www.europesays.com\/es\/wp-json\/wp\/v2\/users\/2"}],"replies":[{"embeddable":true,"href":"https:\/\/www.europesays.com\/es\/wp-json\/wp\/v2\/comments?post=264225"}],"version-history":[{"count":0,"href":"https:\/\/www.europesays.com\/es\/wp-json\/wp\/v2\/posts\/264225\/revisions"}],"wp:featuredmedia":[{"embeddable":true,"href":"https:\/\/www.europesays.com\/es\/wp-json\/wp\/v2\/media\/264226"}],"wp:attachment":[{"href":"https:\/\/www.europesays.com\/es\/wp-json\/wp\/v2\/media?parent=264225"}],"wp:term":[{"taxonomy":"category","embeddable":true,"href":"https:\/\/www.europesays.com\/es\/wp-json\/wp\/v2\/categories?post=264225"},{"taxonomy":"post_tag","embeddable":true,"href":"https:\/\/www.europesays.com\/es\/wp-json\/wp\/v2\/tags?post=264225"}],"curies":[{"name":"wp","href":"https:\/\/api.w.org\/{rel}","templated":true}]}}