{"id":264275,"date":"2025-11-30T20:51:15","date_gmt":"2025-11-30T20:51:15","guid":{"rendered":"https:\/\/www.europesays.com\/es\/264275\/"},"modified":"2025-11-30T20:51:15","modified_gmt":"2025-11-30T20:51:15","slug":"fornals-admite-el-subidon-y-se-alegra-de-que-el-futbol-haya-prevalecido","status":"publish","type":"post","link":"https:\/\/www.europesays.com\/es\/264275\/","title":{"rendered":"Fornals admite \u00abel subid\u00f3n\u00bb y se alegra de que \u00abel f\u00fatbol haya prevalecido\u00bb"},"content":{"rendered":"<p>El castellonense, MVP merecidamente de El Gran Derbi, entiende que pudo haberse evitado la suspensi\u00f3n y \u00abun show que no ayuda\u00bb a ninguno, al tiempo que confes\u00f3 que no recordaba los detalles de su golazo<\/p>\n<p class=\"parrafo\">\u00ab\u00bfQu\u00e9 te voy a decir? Muy bonito. Uno <strong>sue\u00f1a<\/strong> con jugar partidos as\u00ed, s\u00f3lo con jugarlos; ya meter un gol y ganarlo&#8230; Imag\u00ednate la alegr\u00eda m\u00eda, de mis compa\u00f1eros y de estos locos que est\u00e1n aqu\u00ed y en sus casas\u00bb, apuntaba en zona mixta un <strong>Pablo Fornals<\/strong> que dedicaba el 0-2 en <strong>El Gran Derbi<\/strong> a los algo menos de <strong>600 aficionados b\u00e9ticos<\/strong> presentes en el <strong>Ram\u00f3n S\u00e1nchez-Pizju\u00e1n<\/strong> para presenciar un partido que se desbloque\u00f3 tras el descanso: \u00abEs un equipo muy <strong>f\u00edsico<\/strong>, que hace marcajes al hombre por todo el campo; <strong>a pesar de que presion\u00e1bamos bien, no ten\u00edamos la pelota como nos gusta<\/strong>. Al final hemos conseguido <strong>robar<\/strong> y, en un bal\u00f3n parado, decidir, pero hemos tenido tambi\u00e9n <strong>transiciones<\/strong> peligrosas\u00bb.<\/p>\n<p>Noticias Relacionadas<\/p>\n<p class=\"parrafo\">Una victoria a\u00fan m\u00e1s especial por ser contra el eterno rival. \u00abAl final, como dije en la previa, en esta ciudad los partidos est\u00e1n <strong>tachados<\/strong> en el calendario. <strong>Son tres puntos, pero tambi\u00e9n un subid\u00f3n muy grande<\/strong>\u00ab, sentenciaba muy contento el castellonense, que insist\u00eda ante la pregunta recurrente de si est\u00e1 en el mejor momento de su carrera: \u00ab<a href=\"https:\/\/www.estadiodeportivo.com\/futbol\/betis\/bonito-mensaje-pablo-fornals-para-isco-alarcon-desde-concentracion-seleccion-espanola-que-ilusion-mas-grande-20251112-520086.html\" target=\"_blank\" class=\"intext-link\" rel=\"nofollow noopener\">Espero que a\u00fan no y que sigan pasando cosas muy bonitas y muy buenas<\/a>\u00ab. Sobre la suspensi\u00f3n, una reflexi\u00f3n: \u00abEntendemos que en el f\u00fatbol hay <strong>frustraci\u00f3n<\/strong>, que a nadie le gusta perder y que cada uno lo expresa como quiere. <strong>Contento de que se haya acabado, de que se haya reanudado y el futbol haya prevalecido<\/strong>\u00ab.<\/p>\n<p class=\"parrafo\">Ya en los medios oficiales, el &#8216;8&#8217; se vanaglori\u00f3 por lo conseguido: \u00abEl gol ha sido bonito, pero me quedo con habernos sacado esa losa, muy importante por la historia reciente de los derbis. No s\u00e9 si mis hijos lo vieron, pero ma\u00f1ana contar\u00e9 la <strong>batallita<\/strong>. He visto la jugada repetida varias veces despu\u00e9s, porque <strong>me acordaba de haber robado el bal\u00f3n a su mediocentro, pero no de los recortes y todo eso<\/strong>. Sea como fuere, fue muy bonito\u00bb. Encima, con el nuevo estilo impuesto por <strong>Manuel Pellegrini<\/strong>: \u00abHemos hecho un f\u00fatbol atractivo de ver, saliendo con velocidad a las contras, algo que nos est\u00e1 caracterizando esta temporada. Han podido ser algunos goles m\u00e1s por las ocasiones creadas\u00bb.<\/p>\n<p><a class=\"elementos-rel-t2\" href=\"https:\/\/www.estadiodeportivo.com\/futbol\/sevilla-fc\/almeyda-tristisimo-desesperado-antes-tantos-fallos-letales-sobre-suspension-esperar-que-gente-tire-flores-imposible-20251130-522175.html\" title=\"Almeyda, &quot;trist\u00edsimo&quot; y &quot;desesperado&quot; antes tantos fallos letales, sobre la suspensi\u00f3n: &quot;Esperar que la gente tire flores es imposible&quot;\" rel=\"nofollow noopener\" target=\"_blank\"><\/p>\n<p class=\"titular titulo-4\">Almeyda, \u00abtrist\u00edsimo\u00bb y \u00abdesesperado\u00bb antes tantos fallos letales, sobre la suspensi\u00f3n: \u00abEsperar que la gente tire flores es imposible\u00bb<\/p>\n<p><img decoding=\"async\" src=\"https:\/\/www.europesays.com\/es\/wp-content\/uploads\/2025\/11\/2ca53783-9866-4e49-9008-87119a6eda6a_320x180.jpeg\" alt=\"Almeyda, &quot;trist\u00edsimo&quot; y &quot;desesperado&quot; antes tantos fallos letales, sobre la suspensi\u00f3n: &quot;Esperar que la gente tire flores es imposible&quot;\"\/><\/a><a class=\"elementos-rel-t2\" href=\"https:\/\/www.estadiodeportivo.com\/futbol\/sevilla-fc\/carmona-hace-autocritica-habia-tiempo-por-delante-tuvimos-tranquilidad-pudieron-liquidarnos-20251130-522173.html\" title=\"Carmona hace autocr\u00edtica: &quot;Hab\u00eda tiempo por delante, no tuvimos tranquilidad y pudieron liquidarnos&quot;\" rel=\"nofollow noopener\" target=\"_blank\"><\/p>\n<p class=\"titular titulo-4\">Carmona hace autocr\u00edtica: \u00abHab\u00eda tiempo por delante, no tuvimos tranquilidad y pudieron liquidarnos\u00bb<\/p>\n<p><img decoding=\"async\" src=\"https:\/\/www.europesays.com\/es\/wp-content\/uploads\/2025\/11\/7bba6912-14da-4a06-a3f1-92704b96263c_320x180.jpeg\" alt=\"Carmona hace autocr\u00edtica: &quot;Hab\u00eda tiempo por delante, no tuvimos tranquilidad y pudieron liquidarnos&quot;\"\/><\/a><a class=\"elementos-rel-t2\" href=\"https:\/\/www.estadiodeportivo.com\/futbol\/sevilla-fc\/azpilicueta-manda-mensaje-vestuario-espero-que-todos-tengamos-fuego-dentro-entrenar-dar-mas-20251130-522177.html\" title=\"Azpilicueta manda un mensaje al vestuario: &quot;Espero que todos tengamos el fuego dentro de ir a entrenar y dar m\u00e1s&quot;\" rel=\"nofollow noopener\" target=\"_blank\"><\/p>\n<p class=\"titular titulo-4\">Azpilicueta manda un mensaje al vestuario: \u00abEspero que todos tengamos el fuego dentro de ir a entrenar y dar m\u00e1s\u00bb<\/p>\n<p><img decoding=\"async\" src=\"https:\/\/www.europesays.com\/es\/wp-content\/uploads\/2025\/11\/0fd9e7b0-9d0a-49d5-ae4f-fada6f24cfdc_320x180.jpeg\" alt=\"Azpilicueta manda un mensaje al vestuario: &quot;Espero que todos tengamos el fuego dentro de ir a entrenar y dar m\u00e1s&quot;\"\/><\/a>El deseo de Fornals para el final de 2025 y el comienzo de 2026<\/p>\n<p class=\"parrafo\">Incid\u00eda el mediocentro y mediapunta en la idea ya apuntada sobre <a href=\"https:\/\/www.estadiodeportivo.com\/futbol\/sevilla-fc\/derbi-tuvo-que-ser-supendido-temporalmente-por-lanzamiento-objetos-20251130-522168.html\" target=\"_blank\" class=\"intext-link\" rel=\"nofollow noopener\">la interrupci\u00f3n del partido auspiciada por Munuera Montero por el lanzamiento de objetos<\/a>, a\u00f1adiendo que \u00ab<strong>s\u00f3lo intentaba que se jugaran los tres minutos y pico que quedaban, evitando ese show que no ayuda a un partido tan importante en esta ciudad<\/strong>\u00ab. Sobre su gran momento y el colectivo, un deseo para este ocaso de <strong>2025<\/strong>: \u00abEntiendo que, despu\u00e9s de muchos a\u00f1os sin ganar aqu\u00ed, haya sido m\u00e1s <strong>emotivo<\/strong>. Muy feliz de haber contribuido. Intento trabajar cada d\u00eda para estar as\u00ed de bien. Ojal\u00e1 el a\u00f1o acabe as\u00ed de bien y que empiece 2026, si puede ser, mejor todav\u00eda\u00bb.<\/p>\n","protected":false},"excerpt":{"rendered":"El castellonense, MVP merecidamente de El Gran Derbi, entiende que pudo haberse evitado la suspensi\u00f3n y \u00abun show&hellip;\n","protected":false},"author":2,"featured_media":264276,"comment_status":"","ping_status":"","sticky":false,"template":"","format":"standard","meta":{"footnotes":""},"categories":[268],"tags":[168,60062,25,24,284,280,282,52428,286,2993,281,23,167],"class_list":{"0":"post-264275","1":"post","2":"type-post","3":"status-publish","4":"format-standard","5":"has-post-thumbnail","7":"category-futbol","8":"tag-deportes","9":"tag-el-gran-derbi","10":"tag-es","11":"tag-espana","12":"tag-estadio-deportivo","13":"tag-football","14":"tag-futbol","15":"tag-pablo-fornals","16":"tag-real-betis-balompie","17":"tag-sevilla-futbol-club","18":"tag-soccer","19":"tag-spain","20":"tag-sports"},"share_on_mastodon":{"url":"https:\/\/pubeurope.com\/@es\/115640630495575872","error":""},"_links":{"self":[{"href":"https:\/\/www.europesays.com\/es\/wp-json\/wp\/v2\/posts\/264275","targetHints":{"allow":["GET"]}}],"collection":[{"href":"https:\/\/www.europesays.com\/es\/wp-json\/wp\/v2\/posts"}],"about":[{"href":"https:\/\/www.europesays.com\/es\/wp-json\/wp\/v2\/types\/post"}],"author":[{"embeddable":true,"href":"https:\/\/www.europesays.com\/es\/wp-json\/wp\/v2\/users\/2"}],"replies":[{"embeddable":true,"href":"https:\/\/www.europesays.com\/es\/wp-json\/wp\/v2\/comments?post=264275"}],"version-history":[{"count":0,"href":"https:\/\/www.europesays.com\/es\/wp-json\/wp\/v2\/posts\/264275\/revisions"}],"wp:featuredmedia":[{"embeddable":true,"href":"https:\/\/www.europesays.com\/es\/wp-json\/wp\/v2\/media\/264276"}],"wp:attachment":[{"href":"https:\/\/www.europesays.com\/es\/wp-json\/wp\/v2\/media?parent=264275"}],"wp:term":[{"taxonomy":"category","embeddable":true,"href":"https:\/\/www.europesays.com\/es\/wp-json\/wp\/v2\/categories?post=264275"},{"taxonomy":"post_tag","embeddable":true,"href":"https:\/\/www.europesays.com\/es\/wp-json\/wp\/v2\/tags?post=264275"}],"curies":[{"name":"wp","href":"https:\/\/api.w.org\/{rel}","templated":true}]}}