{"id":264280,"date":"2025-11-30T20:55:26","date_gmt":"2025-11-30T20:55:26","guid":{"rendered":"https:\/\/www.europesays.com\/es\/264280\/"},"modified":"2025-11-30T20:55:26","modified_gmt":"2025-11-30T20:55:26","slug":"critica-de-los-anos-nuevos-serie-de-rodrigo-sorogoyen-con-iria-del-rio-y-francesco-carril-mubi","status":"publish","type":"post","link":"https:\/\/www.europesays.com\/es\/264280\/","title":{"rendered":"Cr\u00edtica de \u201cLos a\u00f1os nuevos\u201d, serie de Rodrigo Sorogoyen con Iria del R\u00edo y Francesco Carril (MUBI)"},"content":{"rendered":"<blockquote>\n<p>El prol\u00edfico director de pel\u00edculas como <strong>8 citas <\/strong>(2008), <strong>Estocolomo<\/strong> (2013), <strong>Que Dios nos perdone <\/strong>(2016), <strong>El reino <\/strong>(2018), <strong>Madre<\/strong> (2019) y la aclamada <a style=\"background-color: #fbeeb8;\" href=\"https:\/\/www.otroscines.com\/post\/critica-de-as-bestas-pelicula-de-rodrigo-sorogoyen-con-denis-menochet-y-marina-fo%C3%AFs\" target=\"_blank\" rel=\"noopener nofollow\"><strong>As bestas<\/strong><\/a> (2022) regres\u00f3 al universo de las series, donde ya hab\u00eda incursionado con proyectos como <strong>Impares<\/strong> (2008), <strong>La pecera de Eva<\/strong> (2010-2011), <strong>Fr\u00e1giles<\/strong> (2012-2013) y <strong>Antidisturbios<\/strong> (2020), con una intensa, tragic\u00f3mica, entra\u00f1able y por momentos emotiva historia de amor que transcurre a lo largo de una d\u00e9cada para la que uni\u00f3 fuerzas como showrunners con Sara Cano y Paula Fabra.<\/p>\n<\/blockquote>\n<p>\n\t\t\t\t\t\t\t\t\t\tEstreno<br \/>\n\t\t\t\t\t\t\t\t\t\t03\/12\/2025\n\t\t\t\t\t\t\t\t\t<\/p>\n<p>\n\t\t\t\t\t\t\t\t\tPublicada el 30\/11\/2025\n\t\t\t\t\t\t\t\t<\/p>\n<ul class=\"clearlist content-slider\">\n<li>\n\t\t\t\t\t\t\t\t\t\t\t<img decoding=\"async\" src=\"https:\/\/www.europesays.com\/es\/wp-content\/uploads\/2025\/11\/los-anos-nuevos-critica-1200.jpg\" alt=\"\"\/>\n\t\t\t\t\t\t\t\t\t\t\t\t\t\t\t\t\t\t\t\t\t<\/li>\n<\/ul>\n<p><strong>Los a\u00f1os nuevos <\/strong>(Espa\u00f1a-Francia\/2024). Creadores y guionistas: Rodrigo Sorogoyen, Sara Cano y Paula Fabra. Direcci\u00f3n: Rodrigo Sorogoyen (Episodios 1, 5, 7 y 10), Sandra Romero (Episodios 2, 3 y 4) y David Mart\u00edn de los Santos (Episodios 6, 8 y 9). Elenco: Iria del R\u00edo y Francesco Carril. Fotograf\u00eda: Lali Rubio y Alana Mej\u00eda Gonz\u00e1lez. Edici\u00f3n: Alberto del Campo y Mario Sierra Roble\u00f1o. Duraci\u00f3n: 10 episodios de casi una hora cada uno. <strong>Los dos primeros cap\u00edtulos estar\u00e1n disponibles en MUBI el mi\u00e9rcoles 3 de diciembre. Luego un episodio cada mi\u00e9rcoles hasta fines de enero de 2026.<\/strong><\/p>\n<p>Parecen tener buen ojo los programadores de MUBI a la hora de elegir series (algunos cin\u00e9filos m\u00e1s radicales lo ver\u00e1n como una concesi\u00f3n de ese servicio de streaming), no solo con cl\u00e1sicos como <a style=\"background-color: #fbeeb8;\" href=\"https:\/\/www.otroscines.com\/post\/kyle-maclachlan-y-el-fenomeno-de-twin-peaks-fue-una-serie-que-se-animo-a-concretar-todo-lo-que-se-podia-imaginar\" target=\"_blank\" rel=\"noopener nofollow\"><strong>Twin Peaks<\/strong><\/a>, de David Lynch; o <strong><a style=\"background-color: #fbeeb8;\" href=\"https:\/\/www.otroscines.com\/post\/critica-de-the-kingdom-exodus-serie-de-lars-von-trier-mubi\" target=\"_blank\" rel=\"noopener nofollow\">The Kingdom<\/a><\/strong>, de Lars von Trier; sino tambi\u00e9n con producciones m\u00e1s recientes como <strong><a style=\"background-color: #fbeeb8;\" href=\"https:\/\/www.otroscines.com\/post\/critica-de-hal-harper-serie-de-cooper-raiff-mubi\" target=\"_blank\" rel=\"noopener nofollow\">Hal &amp; Harper<\/a><\/strong>, de Cooper Raiff; y ahora <strong>Los a\u00f1os nuevos<\/strong>.<\/p>\n<p>Presentada en la Mostra de Venecia 2024 y poco despu\u00e9s en la plataforma espa\u00f1ola Movistar+ y en la francesa Arte, esta creaci\u00f3n de Rodrigo Sorogoyen, Sara Cano y Paula Fabra no es tan sorprendente por lo que cuenta sino por c\u00f3mo lo hace. Se trata, en principio, de una serie \u201cde concepto\u201d: Ana Varela (Iria del R\u00edo), tiene 30 a\u00f1os, estudi\u00f3 periodismo sin ejercerlo, y deambula entre empleos poco satisfactorios (en el inicio incluso tiene previsto viajar para instalarse en Vancouver); mientras que Oscar (Francesco Carril), tambi\u00e9n treinta\u00f1ero, es uno de los tantos m\u00e9dicos que trabaja demasiadas horas y gana menos de lo razonable en la salud p\u00fablica, pero al menos tiene una vocaci\u00f3n definida. El cumple el 31 de diciembre; ella, el 1 de enero; y el primer encuentro ser\u00e1 justamente en ese lapso en el que un a\u00f1o (2015) se despide y otro (2016) comienza.<\/p>\n<p>Y en cada uno de los restantes 9 episodios nos reencontraremos con ellos en ese mismo momento de A\u00f1o nuevo hasta que cumplan los 40. No es cuesti\u00f3n de spoilear qu\u00e9 ocurre durante esa d\u00e9cada, pero -claro- a fines dram\u00e1ticos servir\u00e1 verlos juntos, conviviendo, separados e incluso con otras parejas como Vero (Luc\u00eda Mart\u00edn Abello), la hist\u00f3rica novia de \u00e9l; o Manu (Vladimir Perrin), un novio franc\u00e9s de ella. Habr\u00e1 episodios m\u00e1s corales (las t\u00edpicas fiestas entre amigos y amigas), m\u00e1s familiares (como la larga comida del cuarto cap\u00edtulo) o decididamente \u00edntimas.<\/p>\n<p><img loading=\"lazy\" decoding=\"async\" title=\"Los anos nuevos critica 2\" src=\"https:\/\/www.europesays.com\/es\/wp-content\/uploads\/2025\/11\/los-anos-nuevos-critica-2.jpg\" alt=\"Los anos nuevos critica 2\" width=\"800\" height=\"512\"\/><\/p>\n<p>En este sentido, Sorogoyen (quien dirigi\u00f3 cuatro de los 10 episodios, incluido el primero y el \u00faltimo) Cano y Fabra le dedican largos espacios no solo a conversaciones casuales, situaciones de enredos graciosos o dram\u00e1ticas (como la muerte de una vecina anciana) sino tambi\u00e9n a largas escenas de sexo donde se aprecia la qu\u00edmica, la intensidad y la ternura en la pareja. Durante el primer encuentro suena completa de fondo <strong>La noche m\u00e1s larga del a\u00f1o<\/strong>, que dura casi ocho minutos, y desde entonces las canciones de Nacho Vegas tendr\u00e1n una conexi\u00f3n especial con la serie: el primer cap\u00edtulo termina con <strong>La gran broma final<\/strong>, pero adem\u00e1s el cantautor asturiano (naci\u00f3 en Gij\u00f3n) compuso especialmente un tema que lleva el t\u00edtulo de la serie y cuyo videoclip -claro- fue dirigido por Sorogoyen.<\/p>\n<p>Cuando habl\u00e1bamos de \u201cserie de concepto\u201d muchos habr\u00e1n pensado en una bastante parecida como <strong><a style=\"background-color: #fbeeb8;\" href=\"https:\/\/www.otroscines.com\/post\/critica-de-siempre-el-mismo-dia-one-day-serie-de-nicole-taylor-netflix\" target=\"_blank\" rel=\"noopener nofollow\">Siempre el mismo d\u00eda (One Day)<\/a><\/strong>, producci\u00f3n de la escocesa Nicole Taylor para Netflix que tambi\u00e9n narraba los sucesivos reencuentros entre Dexter y Emma durante un per\u00edodo de tiempo similar (en aquel caso, desde 1988 y hasta 1999), pero la historia de Ana y Oscar no solo tiene geograf\u00edas diferentes (Madrid en lugar de Edimburgo y Londres) sino tambi\u00e9n una impronta, un tono y un estilo muy dis\u00edmiles.<\/p>\n<p>Que Francesco Carril haya aparecido previamente en pel\u00edculas de Jon\u00e1s Trueba como <strong>Los ilusos, <a style=\"background-color: #fbeeb8;\" href=\"https:\/\/www.otroscines.com\/post\/la-celebracion\" target=\"_blank\" rel=\"noopener nofollow\">Los exiliados rom\u00e1nticos<\/a>, <a style=\"background-color: #fbeeb8;\" href=\"https:\/\/www.otroscines.com\/post\/critica-de-la-reconquista-de-jonas-trueba-competencia-oficial\" target=\"_blank\" rel=\"noopener nofollow\">La reconquista<\/a>, <a style=\"background-color: #fbeeb8;\" href=\"https:\/\/www.otroscines.com\/post\/criticas-de-la-competencia-internacional-i-34mdqfilmfest\" target=\"_blank\" rel=\"noopener nofollow\">La virgen de agosto<\/a><\/strong> y <strong><a style=\"background-color: #fbeeb8;\" href=\"https:\/\/www.otroscines.com\/post\/teneis-que-venir-a-verla-y-los-contrastes-del-cine-de-jonas-trueba\" target=\"_blank\" rel=\"noopener nofollow\">Ten\u00e9is que venir a verla<\/a> <\/strong>no es una mera casualidad. Los creadores de la serie parecen haber tenido en el hijo de Fernando Trueba uno de los modelos e influencias a la hora de abordar las relaciones sentimentales de la pareja protag\u00f3nica. De hecho, en <strong><a style=\"background-color: #fbeeb8;\" href=\"https:\/\/www.otroscines.com\/post\/critica-de-volvereis-pelicula-de-jonas-trueba-quincena-de-cineastas-cannes2024\" target=\"_blank\" rel=\"noopener nofollow\">Volver\u00e9is<\/a><\/strong>, la m\u00e1s reciente pel\u00edcula de Jon\u00e1s, hay una escena en la que \u00c1lex (Itsaso Arana) visita a un amigo (el propio Carril) en pleno rodaje de una serie que no es otra que <strong>Los a\u00f1os nuevos<\/strong>. Parece ser una admisi\u00f3n de la hermandad creativa entre ambos proyectos que en pantalla tambi\u00e9n tienen unos cuantos aspectos y b\u00fasquedas en com\u00fan.\u00a0<\/p>\n","protected":false},"excerpt":{"rendered":"El prol\u00edfico director de pel\u00edculas como 8 citas (2008), Estocolomo (2013), Que Dios nos perdone (2016), El reino&hellip;\n","protected":false},"author":2,"featured_media":264281,"comment_status":"","ping_status":"","sticky":false,"template":"","format":"standard","meta":{"footnotes":""},"categories":[171],"tags":[146,147,25,24,23,214],"class_list":{"0":"post-264280","1":"post","2":"type-post","3":"status-publish","4":"format-standard","5":"has-post-thumbnail","7":"category-tv","8":"tag-entertainment","9":"tag-entretenimiento","10":"tag-es","11":"tag-espana","12":"tag-spain","13":"tag-tv"},"share_on_mastodon":{"url":"https:\/\/pubeurope.com\/@es\/115640646475519532","error":""},"_links":{"self":[{"href":"https:\/\/www.europesays.com\/es\/wp-json\/wp\/v2\/posts\/264280","targetHints":{"allow":["GET"]}}],"collection":[{"href":"https:\/\/www.europesays.com\/es\/wp-json\/wp\/v2\/posts"}],"about":[{"href":"https:\/\/www.europesays.com\/es\/wp-json\/wp\/v2\/types\/post"}],"author":[{"embeddable":true,"href":"https:\/\/www.europesays.com\/es\/wp-json\/wp\/v2\/users\/2"}],"replies":[{"embeddable":true,"href":"https:\/\/www.europesays.com\/es\/wp-json\/wp\/v2\/comments?post=264280"}],"version-history":[{"count":0,"href":"https:\/\/www.europesays.com\/es\/wp-json\/wp\/v2\/posts\/264280\/revisions"}],"wp:featuredmedia":[{"embeddable":true,"href":"https:\/\/www.europesays.com\/es\/wp-json\/wp\/v2\/media\/264281"}],"wp:attachment":[{"href":"https:\/\/www.europesays.com\/es\/wp-json\/wp\/v2\/media?parent=264280"}],"wp:term":[{"taxonomy":"category","embeddable":true,"href":"https:\/\/www.europesays.com\/es\/wp-json\/wp\/v2\/categories?post=264280"},{"taxonomy":"post_tag","embeddable":true,"href":"https:\/\/www.europesays.com\/es\/wp-json\/wp\/v2\/tags?post=264280"}],"curies":[{"name":"wp","href":"https:\/\/api.w.org\/{rel}","templated":true}]}}