{"id":264296,"date":"2025-11-30T21:05:15","date_gmt":"2025-11-30T21:05:15","guid":{"rendered":"https:\/\/www.europesays.com\/es\/264296\/"},"modified":"2025-11-30T21:05:15","modified_gmt":"2025-11-30T21:05:15","slug":"que-cargo-tenia-en-el-gobierno-de-mazon-y-cual-fue-su-papel-durante-la-dana-de-valencia","status":"publish","type":"post","link":"https:\/\/www.europesays.com\/es\/264296\/","title":{"rendered":"qu\u00e9 cargo ten\u00eda en el gobierno de Maz\u00f3n y cu\u00e1l fue su papel durante la dana de Valencia"},"content":{"rendered":"<p style=\"\">La exconsellera de Emergencias<strong> Salom\u00e9 Pradas<\/strong>, una de los dos personas imputadas en la causa que investiga la gesti\u00f3n de la dana del 29 de octubre, rompe su silencio este domingo en una entrevista en el programa &#8216;Salvados&#8217; de LaSexta, toda vez que  &#8230; <a href=\"https:\/\/www.abc.es\/espana\/comunidad-valenciana\/primera-manifestacion-tras-dimision-mazon-pide-deje-20251129190240-nt.html\" target=\"_blank\" data-voc-vtm-id=\"in-text-traffic\" title=\"Carlos Maz\u00f3n\" data-mrf-link=\"www.abc.es\" rel=\"nofollow noopener\">Carlos Maz\u00f3n<\/a> haya dejado de ser presidente de la Generalitat Valenciana.<\/p>\n<p class=\"voc-p\" style=\"\">En los adelantos publicados por este medio de comunicaci\u00f3n, Pradas carga contra Maz\u00f3n por no mostrarse preocupado y no cogerle el tel\u00e9fono la tarde de la barrancada, sobre todo en las horas cr\u00edticas, y apunta que el dirigente alicantino <strong>\u00abten\u00eda que haber estado en el Cecopi\u00bb<\/strong> como \u00abm\u00e1ximo representante de la Generalitat\u00bb. No obstante, mantiene que no le esper\u00f3 ni retras\u00f3 el env\u00edo del Es-Alert a la poblaci\u00f3n, comprobado tard\u00edo, a las 20.11 horas.<\/p>\n<p class=\"voc-p\" style=\"\">Salom\u00e9 Pradas Ten naci\u00f3 en Castell\u00f3n de la Plana en 1978. Se licenci\u00f3 en Derecho en la Universitat Jaume I de la misma ciudad y durante su carrera pol\u00edtica ha desempe\u00f1ado los cargos de directora general de Medio Natural de la Generalitat, concejal del Ayuntamiento de Castell\u00f3n, senadora y diputada auton\u00f3mica.<\/p>\n<p class=\"voc-p\" style=\"\">Con la victoria de Maz\u00f3n en las elecciones auton\u00f3micas de 2023, Pradas fue nombrada consellera de Medioambiente, Agua, Infraestructuras y Territorio, no obstante la salida de Vox un a\u00f1o despu\u00e9s del ejecutivo en coalici\u00f3n llev\u00f3 al presidente a reorganizar su gobierno y la nombr\u00f3 consellera de Justicia e Interior, cartera con las competencias de <strong>Emergencias<\/strong>. <\/p>\n<p class=\"voc-p\" style=\"\">En la jornada del 29 de octubre de 2024, d\u00eda de la dana, Pradas ya estaba al tanto de la situaci\u00f3n cr\u00edtica antes del mediod\u00eda. Seg\u00fan varios videos aportados a la causa donde permanece como investigada lleg\u00f3 al centro de emergencias por la ma\u00f1ana y mantuvo reuniones con diferentes t\u00e9cnicos. En algunas de estas conversaciones, se le escucha decir que lo que \u00abm\u00e1s preocupaba en esos momentos\u00bb era el agua que pod\u00edan llevar los barrancos tras la lluvia torrencial descargada sobre la zona de Utiel.<\/p>\n<p class=\"voc-p\" style=\"\">Entre las 13.30 y las 14.00 horas, seg\u00fan declar\u00f3 un supervisor del 112 ante la juez, inform\u00f3 a la entonces consellera que ya se estaban produciendo rescates y acumulaci\u00f3n de agua en zonas donde aparentemente no llov\u00eda, como consecuencia de crecidas de barrancos. A las 15.00 horas convoc\u00f3 el Cecopi -el cerebro de la gesti\u00f3n de la emergencia- para las 17.00 horas.<\/p>\n<p class=\"voc-p\" style=\"\">A la reuni\u00f3n asistieron los diferentes responsables convocados, algunos de ellos de manera telem\u00e1tica como la delegada del Gobierno, Pilar Bernab\u00e9; el jefe de Climatolog\u00eda de la Aemet en Valencia, Jos\u00e9 \u00c1ngel N\u00fa\u00f1ez; y el presidente de la Confederaci\u00f3n Hidrogr\u00e1fica del J\u00facar, Miguel Polo. Todos ellos denunciaron que la reuni\u00f3n se par\u00f3 en un momento determinado por casi una hora, quedando la imagen fundida a negro y sin poder participar en la toma de decisiones, con el env\u00edo del <strong>Es-Alert<\/strong> ya encima de la mesa, por el riesgo de rotura de la presa de Forata.<\/p>\n<p>\nAprob\u00f3 el Es-Alert que se envi\u00f3 a las 20.11 horas\n<\/p>\n<p class=\"voc-p\" style=\"\">No obstante, el mensaje no lleg\u00f3 a los m\u00f3viles hasta las 20.11 horas, cuando ya se hab\u00edan producido la mayor\u00eda de las 229 muertes seg\u00fan esclarece la instructora en un auto. En la hora posterior, Pradas trat\u00f3 de ponerse en contacto por tel\u00e9fono con Maz\u00f3n, que permanec\u00eda reunido en una comida de trabajo con la periodista <strong>Maribel Vilaplana<\/strong> en el restaurante El Ventorro, pero no se lo cogi\u00f3 hasta las 19.47 tras dos intentos fallidos. A las 20.10 volvieron a hablar, un minuto antes de lanzar el Es-Alert.<\/p>\n<p class=\"voc-p\" style=\"\">Como consellera de Justicia e Interior, Pradas era la m\u00e1xima autoridad auton\u00f3mica responsable de la gesti\u00f3n de la crisis en el Cecopi. La dirigente siempre ha defendido que actu\u00f3 conforme a los protocolos y que durante la reuni\u00f3n no se habl\u00f3 del desbordamiento del barranco del Poyo, lo que caus\u00f3 la gran mayor\u00eda de los fallecimientos. No obstante, s\u00ed reconoci\u00f3 no tener conocimientos avanzados sobre manejo de emergencias.<\/p>\n<p class=\"voc-p\" style=\"\">Fue cesada menos de un mes despu\u00e9s de la dana, en una remodelaci\u00f3n del Consell de Maz\u00f3n que tambi\u00e9n afect\u00f3 a la consellera de Turismo <strong>Nuria Montes<\/strong>, tras lo que el pasado marzo fue imputada por la juez de Catarroja que investiga la gesti\u00f3n de la cat\u00e1strofe, al igual que su entonces &#8216;n\u00famero dos&#8217;, Emilio Arg\u00fceso.<\/p>\n<p>\nNueva declaraci\u00f3n\n<\/p>\n<p class=\"voc-p\" style=\"\">A tenor de la entrevista que se emite este domingo, la juez le ha ofrecido la posibilidad de volver a comparecer en sede judicial ante la solicitud de una acusaci\u00f3n particular de incorporar a la causa el v\u00eddeo de la misma. No obstante, Pradas asegur\u00f3 que no lo valora porque \u00abtodav\u00eda quedan muchas diligencias importantes por practicar\u00bb.<\/p>\n<p class=\"voc-p\" style=\"\">Al respecto, reiter\u00f3 que en su declaraci\u00f3n ante la instructora cont\u00f3 \u00abtoda la verdad sobre lo sucedido y vivido el d\u00eda 29 de octubre\u00bb. No obstante, a\u00f1adi\u00f3: \u00abSi mi defensa considera que en alg\u00fan momento es aconsejable que declare de nuevo para aclarar alg\u00fan aspecto a ra\u00edz de las diligencias que se vayan practicando, no tendr\u00e9 ning\u00fan inconveniente en hacerlo\u00bb.<\/p>\n","protected":false},"excerpt":{"rendered":"La exconsellera de Emergencias Salom\u00e9 Pradas, una de los dos personas imputadas en la causa que investiga la&hellip;\n","protected":false},"author":2,"featured_media":264297,"comment_status":"","ping_status":"","sticky":false,"template":"","format":"standard","meta":{"footnotes":""},"categories":[8],"tags":[17,18,24409,1681,25,24,13,14,582,11,19,20,1439,9,10,15,16,847,57167,57166,23,12,21,22,235],"class_list":{"0":"post-264296","1":"post","2":"type-post","3":"status-publish","4":"format-standard","5":"has-post-thumbnail","7":"category-espana","8":"tag-breaking-news","9":"tag-breakingnews","10":"tag-cargo","11":"tag-dana","12":"tag-es","13":"tag-espana","14":"tag-featured-news","15":"tag-featurednews","16":"tag-gobierno","17":"tag-headlines","18":"tag-latest-news","19":"tag-latestnews","20":"tag-mazon","21":"tag-news","22":"tag-noticias","23":"tag-noticias-destacadas","24":"tag-noticiasdestacadas","25":"tag-papel","26":"tag-pradas","27":"tag-salome","28":"tag-spain","29":"tag-titulares","30":"tag-ultimas-noticias","31":"tag-ultimasnoticias","32":"tag-valencia"},"share_on_mastodon":{"url":"https:\/\/pubeurope.com\/@es\/115640685307850259","error":""},"_links":{"self":[{"href":"https:\/\/www.europesays.com\/es\/wp-json\/wp\/v2\/posts\/264296","targetHints":{"allow":["GET"]}}],"collection":[{"href":"https:\/\/www.europesays.com\/es\/wp-json\/wp\/v2\/posts"}],"about":[{"href":"https:\/\/www.europesays.com\/es\/wp-json\/wp\/v2\/types\/post"}],"author":[{"embeddable":true,"href":"https:\/\/www.europesays.com\/es\/wp-json\/wp\/v2\/users\/2"}],"replies":[{"embeddable":true,"href":"https:\/\/www.europesays.com\/es\/wp-json\/wp\/v2\/comments?post=264296"}],"version-history":[{"count":0,"href":"https:\/\/www.europesays.com\/es\/wp-json\/wp\/v2\/posts\/264296\/revisions"}],"wp:featuredmedia":[{"embeddable":true,"href":"https:\/\/www.europesays.com\/es\/wp-json\/wp\/v2\/media\/264297"}],"wp:attachment":[{"href":"https:\/\/www.europesays.com\/es\/wp-json\/wp\/v2\/media?parent=264296"}],"wp:term":[{"taxonomy":"category","embeddable":true,"href":"https:\/\/www.europesays.com\/es\/wp-json\/wp\/v2\/categories?post=264296"},{"taxonomy":"post_tag","embeddable":true,"href":"https:\/\/www.europesays.com\/es\/wp-json\/wp\/v2\/tags?post=264296"}],"curies":[{"name":"wp","href":"https:\/\/api.w.org\/{rel}","templated":true}]}}