{"id":264310,"date":"2025-11-30T21:17:09","date_gmt":"2025-11-30T21:17:09","guid":{"rendered":"https:\/\/www.europesays.com\/es\/264310\/"},"modified":"2025-11-30T21:17:09","modified_gmt":"2025-11-30T21:17:09","slug":"hago-lo-que-mas-me-gusta-y-eso-me-hace-feliz","status":"publish","type":"post","link":"https:\/\/www.europesays.com\/es\/264310\/","title":{"rendered":"\u201cHago lo que m\u00e1s me gusta y eso me hace feliz\u201d"},"content":{"rendered":"<p>La fot\u00f3grafa <strong>Virginia Barinaga Iriarte<\/strong>, de <strong>31 a\u00f1os<\/strong> y<strong><a target=\"_blank\" href=\"https:\/\/navarra.okdiario.com\/tags\/burlada\/\" rel=\"nofollow noopener\"> natural de Burlada<\/a><\/strong>, mantiene viva la esencia de un oficio que resiste como puede: el suyo es el <strong>\u00faltimo estudio de fotograf\u00eda del barrio<\/strong>, un peque\u00f1o espacio que ya se ha convertido en referencia para quien a\u00fan busca copias, retratos o reportajes hechos \u201ccon mimo\u201d y no solo con el m\u00f3vil. Su proyecto, <strong>Air Fotograf\u00eda<\/strong>, acaba de dar un paso importante con un cambio de local que ella misma vive\u00a0\u201ccon mucha ilusi\u00f3n\u201d.<\/p>\n<p>Desde el <strong>3 de noviembre<\/strong>, Air Fotograf\u00eda ha dejado atr\u00e1s<strong><a target=\"_blank\" href=\"https:\/\/navarra.okdiario.com\/articulo\/sociedad\/origen-donde-estan-edificios-grupo-rinaldi-pamplona\/20210506192046365152.html\" rel=\"nofollow noopener\"> la bajera del grupo Rinaldi <\/a><\/strong>para instalarse a pocos metros, en un local de la <strong>calle Seraf\u00edn Olave 5, trasera<\/strong>, <strong><a target=\"_blank\" href=\"https:\/\/navarra.okdiario.com\/tags\/iturrama\/\" rel=\"nofollow noopener\">en pleno barrio de\u00a0Iturrama<\/a><\/strong>. Aunque el traslado ha sido corto, para Virginia ha supuesto un salto enorme <strong><a target=\"_blank\" href=\"https:\/\/navarra.okdiario.com\/blog\/section\/pamplona\/\" rel=\"nofollow noopener\">en Pamplona<\/a><\/strong>.<\/p>\n<p>En su anterior ubicaci\u00f3n, <strong><a target=\"_blank\" href=\"https:\/\/navarra.okdiario.com\/articulo\/comercio-local\/cierra-tienda-mas-antigua-barrio-iturrama-pamplona-clientes-casi-echan-llorar\/20240603164048539030.html\" rel=\"nofollow noopener\">junto a la hist\u00f3rica tienda Comestibles Ib\u00e1\u00f1ez,<\/a><\/strong>\u00a0el estudio quedaba escondido al fondo y muchos clientes ni siquiera ve\u00edan lo que ofrec\u00eda. Ahora, con una distribuci\u00f3n abierta y luminosa, siente que su trabajo se entiende mejor desde la puerta. <strong>\u201cAqu\u00ed se ve todo y se entiende m\u00e1s lo que hay. Es bonito y acogedor\u201d,<\/strong> describe.<\/p>\n<p>El cambio tambi\u00e9n le ha permitido ganar espacio y comodidad. <strong>El nuevo local es \u201cm\u00e1s amplio\u201d, entra m\u00e1s luz y la visibilidad desde la calle es mayor. <\/strong>Adem\u00e1s, el sobrepiso le est\u00e1 resultando muy \u00fatil para ordenar materiales y avanzar en tareas pendientes. \u201cMe va bien. Estoy contenta\u201d, reconoce mientras se acostumbra al ritmo del nuevo lugar.<\/p>\n<p>Detr\u00e1s de la marca <strong>Air Fotograf\u00eda<\/strong> hay un detalle personal que explica con humor. \u201cMe llaman Vir, de <strong>Virginia<\/strong>, y si le damos la vuelta a la uve leemos Air, y me gust\u00f3\u201d. Un gui\u00f1o que la acompa\u00f1a desde que decidi\u00f3 apostar por la fotograf\u00eda como forma de vida, un camino que empez\u00f3 joven y que ha ido construyendo paso a paso.<\/p>\n<p>Virginia admite que el sector \u201cya no es el que era\u201d, porque la fotograf\u00eda se consume menos que antes y los carretes han pasado a otro plano. Aun as\u00ed, se mantiene firme gracias a la variedad de trabajos que ofrece. En el estudio realiza <strong>copias<\/strong>, <strong>ampliaciones<\/strong>, <strong>fotos de carnet<\/strong>, <strong>marcos<\/strong> y reportajes de <strong>eventos<\/strong>, <strong>bodas<\/strong>, <strong>comuniones<\/strong>, <strong>orlas universitarias<\/strong>, <strong>colegios<\/strong> y <strong>fotos de grupo<\/strong>. \u201cHago un poco de todo. No me puedo quejar\u201d, comenta con la serenidad de quien ha aprendido a adaptarse.<\/p>\n<p>La parte m\u00e1s tradicional, el revelado de carretes y las copias f\u00edsicas, ha bajado mucho. Pero <strong>su equilibrio est\u00e1 en combinar el trabajo del estudio con encargos en exteriores,<\/strong> que le permiten mantener actividad durante todo el a\u00f1o. \u201cComo yo lo complemento con otro tipo de trabajo fuera, por ahora voy bien\u201d, asegura.<\/p>\n<p>Ya son cinco a\u00f1os y medio al frente de la tienda y casi doce desde que empez\u00f3 a hacer fotos. Su formaci\u00f3n ha sido igual de variada que su trabajo actual: estudi\u00f3 audiovisuales, v\u00eddeo y foto en la <strong>Escuela de Artes y Oficios de Pamplona<\/strong>, curs\u00f3 dos a\u00f1os en <strong>Sonograf<\/strong>, hizo pr\u00e1cticas en <strong>Italia<\/strong> y prob\u00f3 incluso el periodismo y la moda antes de decidir que lo suyo era el estudio. \u201cHe tocado todos los \u00e1mbitos y he visto que esto es lo que m\u00e1s me llena y lo que m\u00e1s feliz me hace\u201d.<\/p>\n<p>Trabaja sola y su familia es uno de sus mayores apoyos. <strong>\u201cEst\u00e1n muy contentos y orgullosos de que siga con esto, que no es f\u00e1cil,<\/strong> con temporadas mejores y otras peores\u201d. Cree que, para que esta profesi\u00f3n tenga futuro, se necesitan organizaci\u00f3n, constancia y un poco de suerte. Y sobre todo, clientes satisfechos.<\/p>\n<p><strong>\u201cLos contactos salen con el boca a boca, que hace mucho<\/strong>. Si te gusta lo que ves, vas a buscarlo porque la fotograf\u00eda son im\u00e1genes\u201d, explica. En su barrio, adem\u00e1s, la ausencia de otras tiendas \u2014antes hab\u00eda varias, pero se han ido jubilando\u2014 la convierte en un punto de referencia.<\/p>\n<p>Su calendario laboral no para en ninguna \u00e9poca del a\u00f1o. Tras la temporada de <strong>Comuniones<\/strong>, llegan las <strong>bodas<\/strong>; despu\u00e9s, la <strong>Navidad<\/strong>; m\u00e1s tarde, los <strong>colegios<\/strong> y <strong>las orlas<\/strong>; y entre medias, las necesidades diarias del estudio. En estas fechas, ya tiene preparado el decorado navide\u00f1o para las sesiones de ni\u00f1os y adultos que muchos convierten en <strong>regalos<\/strong>, <strong>calendarios<\/strong> o detalles personalizados. \u201cMucha gente regala sesiones fotogr\u00e1ficas en Navidad, que a veces no se le ocurre, pero es un regalo muy chulo y bonito porque regalas recuerdo\u201d, comenta.<\/p>\n<p>Virginia defiende que <strong>una buena foto de estudio sigue teniendo algo que el m\u00f3vil no puede igualar.<\/strong> \u201cLuego las imprimes, les pones un marco en casa y las recuerdas mucho m\u00e1s\u201d. Lo dice con entusiasmo y tambi\u00e9n con la energ\u00eda de quien disfruta su trabajo. \u201cHago lo que me gusta y a la hora de trabajar se nota. Las ganas y el cari\u00f1o que le pones, la gente lo agradece. Eso me dicen los clientes\u201d.<\/p>\n","protected":false},"excerpt":{"rendered":"La fot\u00f3grafa Virginia Barinaga Iriarte, de 31 a\u00f1os y natural de Burlada, mantiene viva la esencia de un&hellip;\n","protected":false},"author":2,"featured_media":264311,"comment_status":"","ping_status":"","sticky":false,"template":"","format":"standard","meta":{"footnotes":""},"categories":[173],"tags":[229,233,231,230,20365,232,234,146,147,25,24,8420,65629,1358,23],"class_list":{"0":"post-264310","1":"post","2":"type-post","3":"status-publish","4":"format-standard","5":"has-post-thumbnail","7":"category-arte-y-diseno","8":"tag-arte","9":"tag-arte-y-diseno","10":"tag-arts","11":"tag-arts-and-design","12":"tag-comercio-local","13":"tag-design","14":"tag-diseno","15":"tag-entertainment","16":"tag-entretenimiento","17":"tag-es","18":"tag-espana","19":"tag-fotografias","20":"tag-iturrama","21":"tag-pamplona","22":"tag-spain"},"share_on_mastodon":{"url":"https:\/\/pubeurope.com\/@es\/115640732438878760","error":""},"_links":{"self":[{"href":"https:\/\/www.europesays.com\/es\/wp-json\/wp\/v2\/posts\/264310","targetHints":{"allow":["GET"]}}],"collection":[{"href":"https:\/\/www.europesays.com\/es\/wp-json\/wp\/v2\/posts"}],"about":[{"href":"https:\/\/www.europesays.com\/es\/wp-json\/wp\/v2\/types\/post"}],"author":[{"embeddable":true,"href":"https:\/\/www.europesays.com\/es\/wp-json\/wp\/v2\/users\/2"}],"replies":[{"embeddable":true,"href":"https:\/\/www.europesays.com\/es\/wp-json\/wp\/v2\/comments?post=264310"}],"version-history":[{"count":0,"href":"https:\/\/www.europesays.com\/es\/wp-json\/wp\/v2\/posts\/264310\/revisions"}],"wp:featuredmedia":[{"embeddable":true,"href":"https:\/\/www.europesays.com\/es\/wp-json\/wp\/v2\/media\/264311"}],"wp:attachment":[{"href":"https:\/\/www.europesays.com\/es\/wp-json\/wp\/v2\/media?parent=264310"}],"wp:term":[{"taxonomy":"category","embeddable":true,"href":"https:\/\/www.europesays.com\/es\/wp-json\/wp\/v2\/categories?post=264310"},{"taxonomy":"post_tag","embeddable":true,"href":"https:\/\/www.europesays.com\/es\/wp-json\/wp\/v2\/tags?post=264310"}],"curies":[{"name":"wp","href":"https:\/\/api.w.org\/{rel}","templated":true}]}}