{"id":264314,"date":"2025-11-30T21:20:17","date_gmt":"2025-11-30T21:20:17","guid":{"rendered":"https:\/\/www.europesays.com\/es\/264314\/"},"modified":"2025-11-30T21:20:17","modified_gmt":"2025-11-30T21:20:17","slug":"el-grupo-exnovios-de-rock-independiente-de-pamplona-publica-fin","status":"publish","type":"post","link":"https:\/\/www.europesays.com\/es\/264314\/","title":{"rendered":"El grupo Exnovios de rock independiente de Pamplona publica &#8216;Fin"},"content":{"rendered":"<p>\n        Exnovios son los custodios del pop cl\u00e1sico y el<a href=\"https:\/\/www.noticiasdealava.eus\/tags\/rock\/\" title=\"rock\" target=\"_blank\" class=\"link copy\" rel=\"nofollow noopener\"> rock<\/a> independiente anglosaj\u00f3n en Pamplona. Diez a\u00f1os despu\u00e9s de su debut, el EP Demo, el grupo liderado por Juan Pedro Marav\u00ed y Samuel Evora, m\u00e1s conocido como Tamu, sigue d\u00e1ndole vueltas a la b\u00fasqueda de la canci\u00f3n pop perfecta, tal como lo entienden los Beatles, Byrds, Galaxie 500, Suicide o los mismos Brincos. Puede que el mundo est\u00e9 a otras cosas, enfrascado en descifrar los enigmas del nuevo \u00e1lbum de <a href=\"https:\/\/www.noticiasdealava.eus\/cultura\/2025\/11\/11\/nuevo-disco-rosalia-convierte-album-lux-10336232.html\" title=\"Rosal\u00eda\" target=\"_blank\" class=\"link copy\" rel=\"nofollow noopener\">Rosal\u00eda<\/a> o secando las l\u00e1grimas de los fans por el -dicen-, decepcionante disco de Taylor Swift, pero fuera de los atosigantes focos del mainstream existen otras realidades.\u00a0\n<\/p>\n<p class=\"article-body__text \">\n        El cuarteto ha publicado un nuevo \u00e1lbum, Fin (de nuevo con el sello Munster Records), plagado de estribillos contundentes y donde cantan m\u00e1s bonito que nunca. M\u00e1s ac\u00fastico y melanc\u00f3lico que sus tres discos anteriores (Exnovios, 2016; Amor droga, 2017; y Un nuevo d\u00eda, 2021), este es un trabajo l\u00facido, a ratos emocionante, en el que las canciones (y no la mercadotecnia) son lo realmente importante. El cantante y guitarrista Juan Pedro Marav\u00ed (42 a\u00f1os, Pamplona) reconoce que en las primeras semanas desde el lanzamiento del \u00e1lbum ha ocurrido un fen\u00f3meno contradictorio: el silencio generalizado de los medios y webs musicales se ha compensado, de alguna manera, con las felicitaciones de seguidores y oyentes a trav\u00e9s de las redes sociales. \u201cNunca nos ha escrito tanta gente como ahora por Instagram diciendo lo mucho que les ha gustado el disco\u201d, asegura Juan.\u00a0\u00a0\n<\/p>\n<p class=\"article-body__text question-answers__question\">Lo de Fin no ser\u00e1 porque este es el \u00faltimo cap\u00edtulo de Exnovios\u2026\u00a0<\/p>\n<p class=\"article-body__text question-answers__answer\">-No lo es. La mayor\u00eda de las letras son cosa de Tamu, que tiene mucha facilidad para la escritura. \u00c9l es muy cin\u00e9filo y un friki de la ciencia ficci\u00f3n, donde va pillando cosas que le gustan y luego las adapta. Nos dimos cuenta de que las letras de algunas canciones estaban relacionadas con el cine y hemos querido rendirle un homenaje titulando el disco Fin, el equivalente al the end ingl\u00e9s de las pel\u00edculas. Yo creo que Exnovios no lo vamos a dejar nunca. Para m\u00ed es un placer poder hacer canciones con mis colegas. Tenemos una relaci\u00f3n sana con la m\u00fasica y nos llevamos bien, somos un grupo de amigos. As\u00ed que espero poder seguir haciendo m\u00fasica toda la vida, a no ser, claro, que se te acaben las ideas.\u00a0<\/p>\n<p class=\"article-body__text question-answers__question\">Aunque est\u00e1 formado por cuatro miembros, Exnovios es b\u00e1sicamente un proyecto entre usted y Tamu.\u00a0\u00a0<\/p>\n<p class=\"article-body__text question-answers__answer\">-En estos diez a\u00f1os no hemos tenido crisis personales entre nosotros, pero ha habido cambios. Mi hermano Txema tocaba la bater\u00eda desde el principio, pero se tuvo que ir a vivir a Barcelona. Al principio, le sustitu\u00eda Guille (Guillermo Mutiloa, m\u00fasico y productor), que toca muy bien la bater\u00eda, y hemos acabado tocando juntos. Tambi\u00e9n entr\u00f3 Nico por \u00c1lex al bajo. Adem\u00e1s, tampoco es que seamos un grupo demasiado exigente. No tocamos fuera cada fin de semana.<\/p>\n<p class=\"article-body__text question-answers__question\">\u00bfQu\u00e9 ha sido de la banda estos \u00faltimos dos o tres a\u00f1os?<\/p>\n<p class=\"article-body__text question-answers__answer\">-Sacamos un split (un single compartido) en 2022 con el grupo de Granada Unidad y Armon\u00eda, y presentamos la grabaci\u00f3n, un poco a modo de excusa, con un bolo en Pamplona y otro en Madrid. Luego sacamos otro single (Desfile nocturno de los 100 demonios) que lo grabamos en el local. Est\u00e1bamos en un punto en el que no sab\u00edamos si meter bater\u00edas o solo cajas de ritmo tipo Suicide o Magic Castles, hacer algo m\u00e1s ac\u00fastico y dejar a un lado el formato t\u00edpico de rock para relajar los o\u00eddos\u2026 Ojo, que a\u00fan no lo descartamos.\u00a0<\/p>\n<p class=\"article-body__text question-answers__question\">Siguen fiel a su sonido de siempre: los Byrds, el pop colorido de los 60, la neopsicodelia\u2026 \u00bfHay algo actual que les interese?\u00a0<\/p>\n<p class=\"article-body__text question-answers__answer\">-M\u00fasica de ahora\u2026 Evidentemente hay propuestas interesantes, pero tampoco te creas que escuchamos muchas cosas actuales. Igual grupos m\u00e1s de los dos miles como Beachwood Sparks, los discos en solitario de Andy Bell, el de Ride (y Oasis), Sonny &amp; The Sunsets, pero claro este lleva ya 20 a\u00f1os haciendo m\u00fasica. \u00bfPrimal Scream tambi\u00e9n cuenta? (R\u00ede). Toda la m\u00fasica actual que escuchamos tiene referencias antiguas sin ser puro revival.\u00a0<\/p>\n<p><strong>Pocos pero bien avenidos\u00a0<\/strong><\/p>\n<p>Juan Pedro Marav\u00ed\u00a0reconoce que en los primeros tiempos de Exnovios eran \u201ccuatro y un tambor\u201d los que se sent\u00edan atra\u00eddos por el rock alternativo y la psicodelia en Pamplona. Pero m\u00e1s all\u00e1 de la endogamia musical de las ciudades peque\u00f1as, un pu\u00f1ado de amigos fueron montando grupos (R\u00edo Arga, Kokoshca, Los Jambos, Ju\u00e1rez, Melenas) que dejaron huella en la memoria indie de toda la pen\u00ednsula. Entre el rock de masas tipo Marea y los grupos del sello GOR, se abri\u00f3 otra v\u00eda alternativa en Iru\u00f1a a mediados de la d\u00e9cada pasada, mucho m\u00e1s minoritaria y gourmet, que alumbr\u00f3 una escena musical. \u201cPrefiero tener una carrera de perfil bajo y estar orgulloso de lo que hago que petarla a nivel comercial\u201d, reflexiona Juan.\u00a0<\/p>\n<p class=\"article-body__text question-answers__question\">La canci\u00f3n T\u00fa t\u00fa t\u00fa t\u00fa t\u00fa del disco es una versi\u00f3n de Stephen Merrit, de los Magnetic Fields, de 2003.\u00a0<\/p>\n<p class=\"article-body__text question-answers__answer\">-Es de su proyecto paralelo The 6ths, donde canta una chica, Katharine Walen, un poco a lo Mazzy Star. En la versi\u00f3n original solo suena un ukelele. Otro grupo actual que nos gusta es Los Hermanos Cubero, que hacen m\u00fasica sencilla y aut\u00e9ntica, con mucha esencia.\u00a0<\/p>\n<p>        \u00abNunca vamos a dejar de hacer m\u00fasica\u201d<\/p>\n<p class=\"article-body__text question-answers__question\">Los coros tipo Los \u00c1ngeles o Los Brincos est\u00e1n muy presentes, quiz\u00e1s m\u00e1s que nunca. \u00bfCantar bien y bonito era uno de los objetivos del \u00e1lbum?\u00a0\u00a0<\/p>\n<p class=\"article-body__text question-answers__answer\">-Siempre intentamos cantar bien, pero a veces el tipo de canci\u00f3n o el volumen de los instrumentos hacen que los coros y las voces no se noten tanto. En este disco hay menos guitarras el\u00e9ctricas de lo habitual y la base es muy ac\u00fastica, lo que hace que las voces tengan m\u00e1s presencia. A la hora de mezclar te da m\u00e1s juego para meter coros y que las voces se puedan convertir as\u00ed en el alma de una canci\u00f3n.\u00a0<\/p>\n<p>        \u00abIgual acabamos haciendo boleros como Los Panchos con bien de \u2018reverb\u201d<\/p>\n<p class=\"article-body__text question-answers__question\">Hay parecidos razonables en algunos temas del disco, Ha venido a quedarse es muy Walkin with Jesus de Spacemen 3. \u00bfC\u00f3mo se escapa de la copia y se consigue armar un discurso propio?<\/p>\n<p class=\"article-body__text question-answers__answer\">-Hay cosas que en Exnovios son sagradas. Si una canci\u00f3n suena a Suicide, Spacemen 3 o Neu, guay; si suena a pop comercial, pues no\u2026 Las influencias van saliendo sobre la marcha, porque son bandas que siempre hemos tenido presentes y forman parte de nuestra batidora musical. Pero no hay nada premeditado. Por ejemplo, nos gustan mucho los Flying Burrito Brothers, pero es muy dif\u00edcil hacer algo as\u00ed y m\u00e1s en castellano. \u00a1Ojal\u00e1! Ser\u00eda un sue\u00f1o. Tambi\u00e9n me flipan Los Panchos. Qui\u00e9n sabe: igual acabamos haciendo un disco de boleros con bien de reverb.<\/p>\n<p class=\"article-body__text question-answers__question\">\u00bfDe d\u00f3nde les viene esa devoci\u00f3n por la <a href=\"https:\/\/www.noticiasdealava.eus\/tags\/navidad\/\" title=\"Navidad\" target=\"_blank\" rel=\"nofollow noopener\">Navidad<\/a>?\u00a0\u00a0<\/p>\n<p class=\"article-body__text question-answers__answer\">-La Navidad ha estado vinculada al underground y a los discos de rock and roll desde siempre. A la hora de escribir las letras es una fuente de inspiraci\u00f3n porque puedes hablar de tener fe, de sentimientos bonitos, de que todo va a salir bien, de volver a casa\u2026 Tenemos varias canciones sobre la Navidad y Tamu mismo sol\u00eda grabar un villancico al a\u00f1o, se lo marcaba como un objetivo. El primer single lo sac\u00f3 con Jaime (Cristobal), de Souvenir, que son dos canciones chul\u00edsimas en las que ya colabor\u00f3 Oihana (Herrera, del grupo Melenas). Y a ra\u00edz de esa colaboraci\u00f3n, Oihana y Tamu fueron grabando un villancico todos los a\u00f1os.\u00a0<\/p>\n<p class=\"article-body__text question-answers__question\">\u00bfLos bares de Pamplona siguen siendo un punto de encuentro entre los m\u00fasicos independientes de la ciudad o cada vez menos?\u00a0\u00a0\u00a0<\/p>\n<p class=\"article-body__text question-answers__answer\">-Voy a cumplir 43 a\u00f1os, Tamu tiene ya 50. Nosotros hemos pajareado todo lo que hemos querido y m\u00e1s.<\/p>\n","protected":false},"excerpt":{"rendered":"Exnovios son los custodios del pop cl\u00e1sico y el rock independiente anglosaj\u00f3n en Pamplona. Diez a\u00f1os despu\u00e9s de&hellip;\n","protected":false},"author":2,"featured_media":264315,"comment_status":"","ping_status":"","sticky":false,"template":"","format":"standard","meta":{"footnotes":""},"categories":[170],"tags":[146,147,25,24,65630,772,100,184,185,4500,1273,23],"class_list":{"0":"post-264314","1":"post","2":"type-post","3":"status-publish","4":"format-standard","5":"has-post-thumbnail","7":"category-musica","8":"tag-entertainment","9":"tag-entretenimiento","10":"tag-es","11":"tag-espana","12":"tag-exnovios","13":"tag-fin","14":"tag-grupo","15":"tag-music","16":"tag-musica","17":"tag-publica","18":"tag-rock","19":"tag-spain"},"share_on_mastodon":{"url":"https:\/\/pubeurope.com\/@es\/115640744361020871","error":""},"_links":{"self":[{"href":"https:\/\/www.europesays.com\/es\/wp-json\/wp\/v2\/posts\/264314","targetHints":{"allow":["GET"]}}],"collection":[{"href":"https:\/\/www.europesays.com\/es\/wp-json\/wp\/v2\/posts"}],"about":[{"href":"https:\/\/www.europesays.com\/es\/wp-json\/wp\/v2\/types\/post"}],"author":[{"embeddable":true,"href":"https:\/\/www.europesays.com\/es\/wp-json\/wp\/v2\/users\/2"}],"replies":[{"embeddable":true,"href":"https:\/\/www.europesays.com\/es\/wp-json\/wp\/v2\/comments?post=264314"}],"version-history":[{"count":0,"href":"https:\/\/www.europesays.com\/es\/wp-json\/wp\/v2\/posts\/264314\/revisions"}],"wp:featuredmedia":[{"embeddable":true,"href":"https:\/\/www.europesays.com\/es\/wp-json\/wp\/v2\/media\/264315"}],"wp:attachment":[{"href":"https:\/\/www.europesays.com\/es\/wp-json\/wp\/v2\/media?parent=264314"}],"wp:term":[{"taxonomy":"category","embeddable":true,"href":"https:\/\/www.europesays.com\/es\/wp-json\/wp\/v2\/categories?post=264314"},{"taxonomy":"post_tag","embeddable":true,"href":"https:\/\/www.europesays.com\/es\/wp-json\/wp\/v2\/tags?post=264314"}],"curies":[{"name":"wp","href":"https:\/\/api.w.org\/{rel}","templated":true}]}}