{"id":264322,"date":"2025-11-30T21:24:10","date_gmt":"2025-11-30T21:24:10","guid":{"rendered":"https:\/\/www.europesays.com\/es\/264322\/"},"modified":"2025-11-30T21:24:10","modified_gmt":"2025-11-30T21:24:10","slug":"soy-de-los-ultimos-de-una-epoca-dorada","status":"publish","type":"post","link":"https:\/\/www.europesays.com\/es\/264322\/","title":{"rendered":"Soy de los \u00faltimos de una \u00e9poca dorada"},"content":{"rendered":"<p data-gtm-element-container=\"modulo-texto-link\" class=\"paragraph\">Lo dijo al ganar el premio Princesa de Asturias de las Letras: \u201c\u00a1No me dejan jubilar!\u201d. Y, en efecto, as\u00ed es. Por m\u00e1s que Eduardo Mendoza (Barcelona, 1943) lo intent\u00e9, resulta imposible que se desconecte del mundo literario. Es evidente o, como m\u00ednimo, se podr\u00eda sospechar que, en realidad, no quiere hacerlo, por m\u00e1s que a menudo diga que ya ha escrito su \u00faltima novela. Si no, no habr\u00eda aceptado convertirse en uno de los embajadores de la delegaci\u00f3n barcelonesa que este a\u00f1o aterriza en la Feria Internacional del Libro (FIL) de Guadalajara, M\u00e9xico, como invitada de honor.\u00a0<\/p>\n<p data-gtm-element-container=\"modulo-texto-link\" class=\"paragraph\">Su labor, adem\u00e1s, no se limita solo a representar a su ciudad, sino que tuvo que inaugurar el sal\u00f3n literario Carlos Fuentes de la feria, nombrado as\u00ed como homenaje permanente al gran escritor mexicano. Una responsabilidad que no es menor y por la que ya pasaron en la anterior edici\u00f3n Rosa Montero y F ernando Aramburu y, mucho antes, Irene Vallejo, Salman Rushdie, Leonardo Padura o Paul Auster. Pero todo reto es poco para el autor barcelon\u00e9s, que a sus 83 a\u00f1os no ha dudado en tomar un avi\u00f3n de 13 horas para cruzar el Atl\u00e1ntico y hablar sobre lo que m\u00e1s sabe: literatura.<\/p>\n<p>\u201cQuisiera que esta intervenci\u00f3n m\u00eda sirva de inauguraci\u00f3n y de clausura de una historia que ya pas\u00f3\u201d<\/p>\n<p data-gtm-element-container=\"modulo-texto-link\" class=\"paragraph\">\u201cEstaba nervioso y ahora estoy muy nervioso\u201d, ha reconocido este domingo en cuanto se le ha cedido el turno de palabra. \u201cSi estoy aqu\u00ed y se me concede el honor de ser el primero en hablar y de forma tan solemne se debe a que soy uno de los \u00faltimos representantes de una \u00e9poca que se llam\u00f3 dorada de Barcelona como ciudad literaria, pues viv\u00edan o la visitaban con cierta asiduidad escritores latinoamericanos. Yo tuve la suerte de tratar a unos cuantos y con algunos tener una buena y larga amistad\u201d.\u00a0<\/p>\n<p data-gtm-element-container=\"modulo-texto-link\" class=\"paragraph\">Mencion\u00f3 algunos de ellos: Gabriel Garc\u00eda M\u00e1rquez, Mario Vargas Llosa, el propio Carlos Fuentes&#8230; y, luego, se puso el sombrero de profesor, pues anunci\u00f3 al p\u00fablico, convertido por una hora en su alumnado, que iba a dedicar su intervenci\u00f3n a explicar la historia de Barcelona: \u201cContar\u00e9 cosas que no est\u00e1n en las bases de datos, seguramente porque son falsas, pero que forman parte de la memoria colectiva\u201d.\u00a0<\/p>\n<p data-gtm-element-container=\"modulo-texto-link\" class=\"paragraph\">Y as\u00ed, el autor de La verdad sobre el caso Savolta \u2013obra que, por cierto, cumple 50 a\u00f1os este 2025\u2013, narr\u00f3 los inicios de la ciudad que le vio nacer, desde los \u00edberos hasta la guerra civil y posguerra, una \u00e9poca oscura que recuerda algo menos dura gracias al cine mexicano, con actores como Mar\u00eda F\u00e9lix o Cantinflas.\u00a0De la actualidad tambi\u00e9n habl\u00f3 y lament\u00f3 que Barcelona se haya convertido en una ciudad de expats , de extranjeros que han venido a vivir, pues \u201cesto tiene grandes inconvenientes, aunque no soy la persona para hablar de ello\u201d.\u00a0<\/p>\n<p data-gtm-element-container=\"modulo-texto-link\" class=\"paragraph\">El autor, no obstante, ve \u201cmuy acertado\u201d que la delegaci\u00f3n barcelonesa desplazada a Guadalajara s\u00ed que haya decidido hablar de presente y futuro, y que se hayan organizado mesas redondas que traten este y otros temas de actualidad. Ha puesto en valor la importancia de hacer una transfusi\u00f3n de sangre y dar paso a voces nuevas con ideas nuevas.\u00a0<\/p>\n<p data-gtm-element-container=\"modulo-texto-link\" class=\"paragraph\">\u201cQuisiera que esta intervenci\u00f3n m\u00eda sirva de inauguraci\u00f3n y de clausura de una historia que ya pas\u00f3\u201d.\u00a0Dicho esto, ha recogido la simb\u00f3lica medalla Carlos Fuentes y se ha marchado, aunque, esperemos, que sea un farol y que vuelva m\u00e1s pronto que tarde.<\/p>\n","protected":false},"excerpt":{"rendered":"Lo dijo al ganar el premio Princesa de Asturias de las Letras: \u201c\u00a1No me dejan jubilar!\u201d. Y, en&hellip;\n","protected":false},"author":2,"featured_media":264323,"comment_status":"","ping_status":"","sticky":false,"template":"","format":"standard","meta":{"footnotes":""},"categories":[91],"tags":[146,147,25,24,23],"class_list":{"0":"post-264322","1":"post","2":"type-post","3":"status-publish","4":"format-standard","5":"has-post-thumbnail","7":"category-entretenimiento","8":"tag-entertainment","9":"tag-entretenimiento","10":"tag-es","11":"tag-espana","12":"tag-spain"},"share_on_mastodon":{"url":"https:\/\/pubeurope.com\/@es\/115640760186373758","error":""},"_links":{"self":[{"href":"https:\/\/www.europesays.com\/es\/wp-json\/wp\/v2\/posts\/264322","targetHints":{"allow":["GET"]}}],"collection":[{"href":"https:\/\/www.europesays.com\/es\/wp-json\/wp\/v2\/posts"}],"about":[{"href":"https:\/\/www.europesays.com\/es\/wp-json\/wp\/v2\/types\/post"}],"author":[{"embeddable":true,"href":"https:\/\/www.europesays.com\/es\/wp-json\/wp\/v2\/users\/2"}],"replies":[{"embeddable":true,"href":"https:\/\/www.europesays.com\/es\/wp-json\/wp\/v2\/comments?post=264322"}],"version-history":[{"count":0,"href":"https:\/\/www.europesays.com\/es\/wp-json\/wp\/v2\/posts\/264322\/revisions"}],"wp:featuredmedia":[{"embeddable":true,"href":"https:\/\/www.europesays.com\/es\/wp-json\/wp\/v2\/media\/264323"}],"wp:attachment":[{"href":"https:\/\/www.europesays.com\/es\/wp-json\/wp\/v2\/media?parent=264322"}],"wp:term":[{"taxonomy":"category","embeddable":true,"href":"https:\/\/www.europesays.com\/es\/wp-json\/wp\/v2\/categories?post=264322"},{"taxonomy":"post_tag","embeddable":true,"href":"https:\/\/www.europesays.com\/es\/wp-json\/wp\/v2\/tags?post=264322"}],"curies":[{"name":"wp","href":"https:\/\/api.w.org\/{rel}","templated":true}]}}