{"id":264329,"date":"2025-11-30T21:28:10","date_gmt":"2025-11-30T21:28:10","guid":{"rendered":"https:\/\/www.europesays.com\/es\/264329\/"},"modified":"2025-11-30T21:28:10","modified_gmt":"2025-11-30T21:28:10","slug":"un-joven-de-18-anos-muere-en-toledo-tras-ser-arrollado-en-su-patinete-electrico-por-un-turismo-sociedad","status":"publish","type":"post","link":"https:\/\/www.europesays.com\/es\/264329\/","title":{"rendered":"Un joven de 18 a\u00f1os muere en Toledo tras ser arrollado en su patinete el\u00e9ctrico por un turismo | Sociedad"},"content":{"rendered":"<p class=\"loc\">Toledo<\/p>\n<p>Un joven de 18 a\u00f1os ha muerto este domingo en Toledo tras ser atropellado por un turismo cuando circulaba junto a otra mujer en un patinete. El accidente ocurr\u00eda en el kil\u00f3metro 1 de la carretera TO-23, que conecta los barrios de Santa B\u00e1rbara y el Pol\u00edgono, pasadas las siete de la tarde, seg\u00fan ha informado el 112 de Castilla-La Mancha.<\/p>\n<p>Al lugar se desplazaban Polic\u00eda Nacional, Polic\u00eda Local, Guardia Civil, una ambulancia de urgencias y una UVI. El joven fallec\u00eda pese a los esfuerzos de los equipos de emergencia por reanimarle. La otra ocupante del patinete, una mujer de la que no ha trascendido su edad, result\u00f3 ilesa. Precisamente, seg\u00fan la actual normativa de la DGT, este tipo de veh\u00edculos no permiten que vayan subidas dos personas, puesto que su uso est\u00e1 limitado un \u00fanico ocupante por patinete. <\/p>\n<p>Las autoridades han puesto en marcha una investigaci\u00f3n para esclarecer las causas del accidente.<\/p>\n","protected":false},"excerpt":{"rendered":"Toledo Un joven de 18 a\u00f1os ha muerto este domingo en Toledo tras ser atropellado por un turismo&hellip;\n","protected":false},"author":2,"featured_media":264330,"comment_status":"","ping_status":"","sticky":false,"template":"","format":"standard","meta":{"footnotes":""},"categories":[8],"tags":[17,18,25,24,13,14,11,19,20,9,10,15,16,23,12,21,22],"class_list":{"0":"post-264329","1":"post","2":"type-post","3":"status-publish","4":"format-standard","5":"has-post-thumbnail","7":"category-espana","8":"tag-breaking-news","9":"tag-breakingnews","10":"tag-es","11":"tag-espana","12":"tag-featured-news","13":"tag-featurednews","14":"tag-headlines","15":"tag-latest-news","16":"tag-latestnews","17":"tag-news","18":"tag-noticias","19":"tag-noticias-destacadas","20":"tag-noticiasdestacadas","21":"tag-spain","22":"tag-titulares","23":"tag-ultimas-noticias","24":"tag-ultimasnoticias"},"share_on_mastodon":{"url":"https:\/\/pubeurope.com\/@es\/115640775908907227","error":""},"_links":{"self":[{"href":"https:\/\/www.europesays.com\/es\/wp-json\/wp\/v2\/posts\/264329","targetHints":{"allow":["GET"]}}],"collection":[{"href":"https:\/\/www.europesays.com\/es\/wp-json\/wp\/v2\/posts"}],"about":[{"href":"https:\/\/www.europesays.com\/es\/wp-json\/wp\/v2\/types\/post"}],"author":[{"embeddable":true,"href":"https:\/\/www.europesays.com\/es\/wp-json\/wp\/v2\/users\/2"}],"replies":[{"embeddable":true,"href":"https:\/\/www.europesays.com\/es\/wp-json\/wp\/v2\/comments?post=264329"}],"version-history":[{"count":0,"href":"https:\/\/www.europesays.com\/es\/wp-json\/wp\/v2\/posts\/264329\/revisions"}],"wp:featuredmedia":[{"embeddable":true,"href":"https:\/\/www.europesays.com\/es\/wp-json\/wp\/v2\/media\/264330"}],"wp:attachment":[{"href":"https:\/\/www.europesays.com\/es\/wp-json\/wp\/v2\/media?parent=264329"}],"wp:term":[{"taxonomy":"category","embeddable":true,"href":"https:\/\/www.europesays.com\/es\/wp-json\/wp\/v2\/categories?post=264329"},{"taxonomy":"post_tag","embeddable":true,"href":"https:\/\/www.europesays.com\/es\/wp-json\/wp\/v2\/tags?post=264329"}],"curies":[{"name":"wp","href":"https:\/\/api.w.org\/{rel}","templated":true}]}}