{"id":264345,"date":"2025-11-30T21:42:14","date_gmt":"2025-11-30T21:42:14","guid":{"rendered":"https:\/\/www.europesays.com\/es\/264345\/"},"modified":"2025-11-30T21:42:14","modified_gmt":"2025-11-30T21:42:14","slug":"atresplayer-day-presenta-las-primeras-imagenes-de-padre-no-hay-mas-que-uno-la-serie-que-se-estrena-el-25-lasexta","status":"publish","type":"post","link":"https:\/\/www.europesays.com\/es\/264345\/","title":{"rendered":"Atresplayer Day presenta las primeras im\u00e1genes de &#039;Padre no hay m\u00e1s que uno, la serie&#039;, que se estrena el 25 &#8211; LaSexta"},"content":{"rendered":"<ol>\n<li><a href=\"https:\/\/news.google.com\/rss\/articles\/CBMi-wFBVV95cUxQUlVHc3pFcWx2eHdmV1g3VTJiOVBONlJHdFEtZWNCajY3QnFvd1l0Q0tlVnp3MnVXakExT3hFbmVxeVI4OUFpU2V0cTFGUU84OHBSYjBzUmQ2WG91SXh2VXctRFZnQXZXekNUamRNd3N6MGJjU3ZzWEtSeTAyQ0NCQUNrbzlhMTduYlN4Rm40SmxucEdTalQyT3NUUkI5b096bThNYVp3bXRRUHpvRnFxNlFPSEZ2OGp0cWVwaVRSVWUzSmZwbXNGNmt0WklHNG8wYXBmbzZib0xHN21KY2M3LXpQLUxJX0lZQlZpeG9yd2xrcFNxb3MwcXVkUdIB-wFBVV95cUxQT3h4UWhkMDdaNl9za1I5UHJhUjVNRFllUWVVUllyUm5ZQ3BpNXFrVEp0UUJuUGdic3FVeTFaeTVNcXN3UEJSZ0pNWE5SZU9KQzFpa3FIWG02MzdSYmZ1eWxWNHpuanNhNy1xN0JlRXlBQk5WcUhuc1hPRURjRzdEMHJlbmtZYW9KT1ltVmZpblkyYmxQWjZ6elRTM1V4ODVJMEpPbnFrTjJXejdaekVzWGFrTWdrNlFCWE5JeDh1NTRMWkVTR1VwRFFHZXpQYlNwRjlnUDl4NFBERUZDNEd2VTFGdzhIUEgyODFORTVRTDQydFN1ZjBvVjJNQQ?oc=5\" target=\"_blank\" rel=\"nofollow noopener\">Atresplayer Day presenta las primeras im\u00e1genes de &#8216;Padre no hay m\u00e1s que uno, la serie&#8217;, que se estrena el 25<\/a>&nbsp;&nbsp;LaSexta<\/li>\n<li><a href=\"https:\/\/news.google.com\/rss\/articles\/CBMinAJBVV95cUxPVXZDMzVGaHBjSWtRdVlTbDFNd2trYW9Dam9vMk5adXk1OTBIVWJzOV9ZRUo4bEo0VnFUZ3lwSlpkRm94ZC1xdTdXNnlyVmNDMzVVYUg1TVFVSTlFTkxQbU16Nlpwc3dRVFdVOEtZRVRRV1pUYzk2MV9rZWVnUzdmQjBMSjRfRFZQckZ4djh3alllc2s5b2JSOGRuZ0hsdkgtaVkycmxMbWk1a2lYVDJpeHBKNU5kRmZuOGZlMWJQYnFSZGdkQ2thVjVvai1EakRZOFBMZUJ4UVBWSUZ1RUZmQlVEazJqLW5qUGVITDlyUEZSYnpOUllJQk9fZURmM1BxRlV6Mk13VXRrSHJaLWMxM25vanBYM3VWWC1OUw?oc=5\" target=\"_blank\" rel=\"nofollow noopener\">atresplayer estrena \u2018Padre no hay m\u00e1s que uno, la serie\u2019 el pr\u00f3ximo 25 de enero y presenta sus primeras im\u00e1genes<\/a>&nbsp;&nbsp;Atresmedia<\/li>\n<li><a href=\"https:\/\/news.google.com\/rss\/articles\/CBMirwFBVV95cUxQQWZwakRCQTdDWHIyVEVQZHRuYVVqQXJRYTdvekNoYVVaVFF3RVYxLU1RX3NkYkFYVXdoS2FOWTNyQUxfNzc0YjY1eldyY0k0ejZpQ253Y3Z6eGVLOHFld2RRczFaSGNRSzN3ZElZbm5lOVNBQ0UtQjQ2d1BmcGtMT1VlM05ocEF6V1puNzFyemdXb28wX194NUdtdlFkQ2FMMF9TZVZFa0dNUUp4Y3ZZ0gGvAUFVX3lxTFAyNU1teEJWVUloT2pPSDIyMVJUbzhOZFhnRHJtTGxIc1U4dmpXYnoyOE9oVkZDdlRCeFEtbjh1QVI4cy1xRWtIYnNfbm9oQTBjVGRZUGRHbXRBREVrejB3ekkteUFpR1IzTzZCNWdVOXV5a0NPRkJCRmI3bkxvUUZHNUV5ZFRJdGMyMVFYLTJKRGI0YkFPbTNnUUpnNDZpQTJTNjJwczRiX0ZCS1ZIblU?oc=5\" target=\"_blank\" rel=\"nofollow noopener\">La serie &#8216;Padre no hay m\u00e1s que uno&#8217; lanza su primer teaser antes de su estreno en enero de 2026<\/a>&nbsp;&nbsp;MARCA<\/li>\n<li><a href=\"https:\/\/news.google.com\/rss\/articles\/CBMi2gFBVV95cUxQT3E4WkJ2UVRQYVNRNUJ0M1BaaGNjN2VYMGtBV09ka3FLMy1VSXdNRVA3LThHQ3oxeGozbURrWG1tVzdSMk1GNTF1QXlmRVBkeFpETGFnbWlvV21kVWllY0dWbjlkcGFyTlNrZC1rOEoycnczMmhCZWJNODk5NGhOQU9HZnBEc1dfQm10N3JBLUVQSW8yMEtFdVhTaUFqTEFSZVgyd3NYSkJOVkZWR2Itek9GdXNZZmpWMW1tVE45WEk2TnVOcm9ZLTNlZnlQOXUyWkY2LUFxLUhJQdIB9AFBVV95cUxOVk1xQWpDVjlkTzlSVURJam1JTUs0RVEwcmFmQ1VNNHNVNWR3bXJnY2JsUWtKenkyeUNnQmxmR1RNVnRWWkNjd2t3MVlpNWRFd1dtakE2LVlyNHlLSEtleDRlYzNuSFg2aUw3OHRIbk5yb1E0bFFSUnpRaE9Idm5VWmtaczd6VElHYll6LU1sdkRrUXJoRUdURTJfM0FXVDV4Q2owdWI4VnZ2aVZoX2hPZy1wcXBDLXJCVGw0TUoybTdORG84TnhEYmZYN2lsSXoyejJVLUZ2WGV6YmJYakY5TE5ySGJPRVBocnlpVWJic1NOSU5n?oc=5\" target=\"_blank\" rel=\"nofollow noopener\">Atresplayer presenta en Gran Canaria \u2018Padre no hay m\u00e1s que uno, la serie\u2019 y revela su fecha de estreno<\/a>&nbsp;&nbsp;Infobae<\/li>\n<li><a href=\"https:\/\/news.google.com\/rss\/articles\/CBMiqwFBVV95cUxOYnhodlZFX2pkbjlubHJ3bWZ0Tm1aa2NULXRUTWtidEZ5VDNPaVNPenplWXBVZm5JOHREVkxlWE1Oc1JLTmk2S2xON2NjN29sbUdHS3l2MHZUbHFyZHFfUUtBeG05N1ZsYjRvZ2RUbjhkRXh4WmFoc1BrdHRQZ0JyWDJCNTUtRWkxT2hNUmdxX1VReEJnSHJCWXRjTDhURXlQc3htU0ZWNDhFUXM?oc=5\" target=\"_blank\" rel=\"nofollow noopener\">&#8216;Padre no hay m\u00e1s que uno: la serie&#8217; se llena de educaci\u00f3n consciente: escucha activa, l\u00edmites sanos y un padre al borde del ataque de nervios<\/a>&nbsp;&nbsp;ABC<\/li>\n<\/ol>\n","protected":false},"excerpt":{"rendered":"Atresplayer Day presenta las primeras im\u00e1genes de &#8216;Padre no hay m\u00e1s que uno, la serie&#8217;, que se estrena&hellip;\n","protected":false},"author":2,"featured_media":248356,"comment_status":"","ping_status":"","sticky":false,"template":"","format":"standard","meta":{"footnotes":""},"categories":[171],"tags":[146,147,25,24,23,214],"class_list":{"0":"post-264345","1":"post","2":"type-post","3":"status-publish","4":"format-standard","5":"has-post-thumbnail","7":"category-tv","8":"tag-entertainment","9":"tag-entretenimiento","10":"tag-es","11":"tag-espana","12":"tag-spain","13":"tag-tv"},"share_on_mastodon":{"url":"https:\/\/pubeurope.com\/@es\/115640830861300793","error":""},"_links":{"self":[{"href":"https:\/\/www.europesays.com\/es\/wp-json\/wp\/v2\/posts\/264345","targetHints":{"allow":["GET"]}}],"collection":[{"href":"https:\/\/www.europesays.com\/es\/wp-json\/wp\/v2\/posts"}],"about":[{"href":"https:\/\/www.europesays.com\/es\/wp-json\/wp\/v2\/types\/post"}],"author":[{"embeddable":true,"href":"https:\/\/www.europesays.com\/es\/wp-json\/wp\/v2\/users\/2"}],"replies":[{"embeddable":true,"href":"https:\/\/www.europesays.com\/es\/wp-json\/wp\/v2\/comments?post=264345"}],"version-history":[{"count":0,"href":"https:\/\/www.europesays.com\/es\/wp-json\/wp\/v2\/posts\/264345\/revisions"}],"wp:featuredmedia":[{"embeddable":true,"href":"https:\/\/www.europesays.com\/es\/wp-json\/wp\/v2\/media\/248356"}],"wp:attachment":[{"href":"https:\/\/www.europesays.com\/es\/wp-json\/wp\/v2\/media?parent=264345"}],"wp:term":[{"taxonomy":"category","embeddable":true,"href":"https:\/\/www.europesays.com\/es\/wp-json\/wp\/v2\/categories?post=264345"},{"taxonomy":"post_tag","embeddable":true,"href":"https:\/\/www.europesays.com\/es\/wp-json\/wp\/v2\/tags?post=264345"}],"curies":[{"name":"wp","href":"https:\/\/api.w.org\/{rel}","templated":true}]}}