{"id":264363,"date":"2025-11-30T21:52:20","date_gmt":"2025-11-30T21:52:20","guid":{"rendered":"https:\/\/www.europesays.com\/es\/264363\/"},"modified":"2025-11-30T21:52:20","modified_gmt":"2025-11-30T21:52:20","slug":"la-reaccion-del-betis-cuando-biris-le-tiran-botellas-en-el-derbi","status":"publish","type":"post","link":"https:\/\/www.europesays.com\/es\/264363\/","title":{"rendered":"La reacci\u00f3n del Betis cuando Biris le tiran botellas en el derbi"},"content":{"rendered":"\n<p>M\u00e1s noticias<\/p>\n<p><a class=\"info_masnoticias\" href=\"https:\/\/www.eldesmarque.com\/futbol\/real-betis\/\" rel=\"nofollow noopener\" target=\"_blank\"><br \/>\nM\u00e1s de<br \/>\nM\u00e1s noticias de<br \/>\nReal Betis<br \/>\n<\/a><\/p>\n<p><strong>Otra vez un derbi manchado por la pol\u00e9mica.<\/strong> Esta vez por <a href=\"https:\/\/www.eldesmarque.com\/futbol\/liga-1a-division\/20251130\/derbi-sevilla-fc-betis-directo-goles-mejores-jugadas-ultima-hora-d1rec0_300821624.html\" rel=\"nofollow noopener\" target=\"_blank\">el lanzamiento masivo de botellas<\/a> al terreno de juego. Una lamentable ocurrencia que oblig\u00f3 al \u00e1rbitro <strong>Munuera Montero<\/strong> a parar moment\u00e1neamente el encuentro, despu\u00e9s de que el sector del Gol Norte, donde est\u00e1n situados los Biris Norte, amenazase con invadir el campo. Unos minutos despu\u00e9s del 0-2 ya se produjo el lanzamiento de algunas botellas por parte de esa zona, aunque los jugadores del Real Betis reaccionaron con clase retirando los objetos del c\u00e9sped.<strong> Natan y Cucho Hern\u00e1ndez<\/strong>, en concreto, <strong>quitaron las botellas de pl\u00e1stico<\/strong> del terreno de juego. Pero m\u00e1s grave fue lo que ocurri\u00f3 a continuaci\u00f3n.<\/p>\n<p>Los jugadores del Betis retiraron las botellas<\/p>\n<p>Cuando el Sevilla FC se dispon\u00eda a lanzar un saque de esquina, se repitieron estos lamentables hechos. Ahora en forma masiva. Decenas de botellas y objetos cayeron sobre el terreno de juego, lo que provoc\u00f3 momentos de alta tensi\u00f3n.<\/p>\n<p>Ah\u00ed los Biris Norte cantaron<strong> \u00abinvasi\u00f3n, invasi\u00f3n\u00bb,<\/strong> lo que oblig\u00f3 al colegiado a parar el partido. Una decisi\u00f3n que no gust\u00f3 nada a los protagonistas y mucho menos a los verdiblancos, que solicitaban seguir jugando.<\/p>\n<p>La plantilla b\u00e9tica pidi\u00f3 seguir jugando<\/p>\n<p>A rengl\u00f3n seguido, el colegiado activ\u00f3 el protocolo y decidi\u00f3 suspender de manera moment\u00e1nea el partido. La megafon\u00eda advirti\u00f3 al sevillismo que hasta no cesasen los c\u00e1nticos y esa actitud amenazante no reanudar\u00eda el encuentro. Y una vez reanudado, la tensi\u00f3n no ces\u00f3. Nada m\u00e1s salir el Real Betis al campo se produjeron gritos de \u00abBartra mu\u00e9rete\u00bb.<\/p>\n<blockquote class=\"twitter-tweet\" data-media-max-width=\"560\">\n<p lang=\"es\" dir=\"ltr\">\u2757\ufe0f Munuera Montero detiene el Sevilla &#8211; Betis en el minuto 88 por el lanzamiento de objetos sobre el \u00e1rea visitante.<a href=\"https:\/\/twitter.com\/hashtag\/LALIGAEASPORTS?src=hash&amp;ref_src=twsrc%5Etfw\" rel=\"nofollow noopener\" target=\"_blank\">#LALIGAEASPORTS<\/a> <a href=\"https:\/\/twitter.com\/hashtag\/LaCasaDelF%C3%BAtbol?src=hash&amp;ref_src=twsrc%5Etfw\" rel=\"nofollow noopener\" target=\"_blank\">#LaCasaDelF\u00fatbol<\/a> <a href=\"https:\/\/t.co\/S07rzmTGhW\" rel=\"nofollow\">pic.twitter.com\/S07rzmTGhW<\/a><\/p>\n<p>\u2014 F\u00fatbol en Movistar Plus+ (@MovistarFutbol) <a href=\"https:\/\/twitter.com\/MovistarFutbol\/status\/1995177847699161446?ref_src=twsrc%5Etfw\" rel=\"nofollow noopener\" target=\"_blank\">November 30, 2025<\/a><\/p>\n<\/blockquote>\n<p>\u00bfQu\u00e9 dice el protocolo?<\/p>\n<p>El protocolo indica que, la primera vez que el trencilla vea un lanzamiento de objetos al campo, se parar\u00e1 el partido instant\u00e1neamente con un mensaje desde megafon\u00eda para que se frene. Esto ya sucedi\u00f3 minutos antes pero el reglamento indica que, si suceden por segunda vez estos incidentes, el partido se parar\u00e1 durante 15 minutos. En caso de llegar una tercera, el choque se suspender\u00e1 definitivamente.<\/p>\n<p><img loading=\"lazy\" decoding=\"async\" src=\"https:\/\/www.europesays.com\/es\/wp-content\/uploads\/2025\/11\/whatsapp_image_2025_11_30_at_181132jpeg.jpeg\" width=\"660\" height=\"440\" alt=\"La secuencia de la suspensi\u00f3n del derbi (Foto: Kiko Hurtado)\"\/><br \/>\nLa secuencia de la suspensi\u00f3n del derbi (Foto: Kiko Hurtado)<\/p>\n<p><script async src=\"https:\/\/platform.twitter.com\/widgets.js\" charset=\"utf-8\"><\/script><\/p>\n","protected":false},"excerpt":{"rendered":"M\u00e1s noticias M\u00e1s de M\u00e1s noticias de Real Betis Otra vez un derbi manchado por la pol\u00e9mica. Esta&hellip;\n","protected":false},"author":2,"featured_media":264364,"comment_status":"","ping_status":"","sticky":false,"template":"","format":"standard","meta":{"footnotes":""},"categories":[5],"tags":[17,18,25,24,13,14,11,19,20,9,10,15,16,23,12,21,22],"class_list":{"0":"post-264363","1":"post","2":"type-post","3":"status-publish","4":"format-standard","5":"has-post-thumbnail","7":"category-titulares","8":"tag-breaking-news","9":"tag-breakingnews","10":"tag-es","11":"tag-espana","12":"tag-featured-news","13":"tag-featurednews","14":"tag-headlines","15":"tag-latest-news","16":"tag-latestnews","17":"tag-news","18":"tag-noticias","19":"tag-noticias-destacadas","20":"tag-noticiasdestacadas","21":"tag-spain","22":"tag-titulares","23":"tag-ultimas-noticias","24":"tag-ultimasnoticias"},"share_on_mastodon":{"url":"https:\/\/pubeurope.com\/@es\/115640870513648101","error":""},"_links":{"self":[{"href":"https:\/\/www.europesays.com\/es\/wp-json\/wp\/v2\/posts\/264363","targetHints":{"allow":["GET"]}}],"collection":[{"href":"https:\/\/www.europesays.com\/es\/wp-json\/wp\/v2\/posts"}],"about":[{"href":"https:\/\/www.europesays.com\/es\/wp-json\/wp\/v2\/types\/post"}],"author":[{"embeddable":true,"href":"https:\/\/www.europesays.com\/es\/wp-json\/wp\/v2\/users\/2"}],"replies":[{"embeddable":true,"href":"https:\/\/www.europesays.com\/es\/wp-json\/wp\/v2\/comments?post=264363"}],"version-history":[{"count":0,"href":"https:\/\/www.europesays.com\/es\/wp-json\/wp\/v2\/posts\/264363\/revisions"}],"wp:featuredmedia":[{"embeddable":true,"href":"https:\/\/www.europesays.com\/es\/wp-json\/wp\/v2\/media\/264364"}],"wp:attachment":[{"href":"https:\/\/www.europesays.com\/es\/wp-json\/wp\/v2\/media?parent=264363"}],"wp:term":[{"taxonomy":"category","embeddable":true,"href":"https:\/\/www.europesays.com\/es\/wp-json\/wp\/v2\/categories?post=264363"},{"taxonomy":"post_tag","embeddable":true,"href":"https:\/\/www.europesays.com\/es\/wp-json\/wp\/v2\/tags?post=264363"}],"curies":[{"name":"wp","href":"https:\/\/api.w.org\/{rel}","templated":true}]}}