{"id":264371,"date":"2025-11-30T22:01:12","date_gmt":"2025-11-30T22:01:12","guid":{"rendered":"https:\/\/www.europesays.com\/es\/264371\/"},"modified":"2025-11-30T22:01:12","modified_gmt":"2025-11-30T22:01:12","slug":"las-imagenes-de-la-suspension-del-partido-por-lanzamiento-de-objetos-diario-as","status":"publish","type":"post","link":"https:\/\/www.europesays.com\/es\/264371\/","title":{"rendered":"Las im\u00e1genes de la suspensi\u00f3n del partido por lanzamiento de objetos &#8211; Diario AS"},"content":{"rendered":"<ol>\n<li><a href=\"https:\/\/news.google.com\/rss\/articles\/CBMiswFBVV95cUxQV2szeDhPbUVKUXlsbXhfdVdOVG5xQ2dPaE1ldnJQV05pWnIteGpCbGZlUi1UbWpHVmFvaUxtVG81cVNpWmQyY29aTzlaQjEtT0ZpN3dCX184QnIwcWRWOThwWHc0dlBqTjJCRUJlazNvb09mcGF2cW1kYXZ2YkQ4OEptNVJaNHZDTHBpckIzQ1RLUHZYbUphMXVHRy1ueUhjb3gyd3ZSMF9aaXRjVHlSZGIwY9IBxwFBVV95cUxOWXQ0ZTJDYWN6ZkI0cjZGWVRndFRfbGlhUnlWV0R2X1ZCcGp6VmlYNGI4dS15TjNOTVdyQlkxVVNwOU9QbzdVeXp1Z2VRNGdmMldkWUU3cVFRU1dYcjRYS2pKZkg3aERpamdtSEZPZHJvN2JYQ3dvVHBMODZMVWlwajgxRUNsbnc4SjVIQ2ZmcjhQQjNCU0ZoTEllYnh3X1BXSXN1Rmtpd3V5eE53R3BwVld3ZXdBd09JVjRyUU9WZ1Y1Y1g4RnZv?oc=5\" target=\"_blank\" rel=\"nofollow noopener\">Las im\u00e1genes de la suspensi\u00f3n del partido por lanzamiento de objetos<\/a>&nbsp;&nbsp;Diario AS<\/li>\n<li><a href=\"https:\/\/news.google.com\/rss\/articles\/CBMinAFBVV95cUxQQ01iMHZ3SGM5M0lsSTlNTjQtZ0VJTW5WQnh5T1BINldGTWp6WEdoazdhNkdZUWEwcG9iLVVKbWlEZWVQcjdfeGR1VVNGRW1DYUU3eHp5dHUxUU9kZmpKRGt6aDc2bkp3Qll0dUNwRDZ3akVFR2ZCR3RFbW8zUkR0SmdzR2tTNFZPR056cWN6ekgzb0dKVV9uaklaenTSAZwBQVVfeXFMUDhrYU9fQXVoeURnV25SVlhRZkNNYVZFaTV4akNpSkF3ZDl0RV9wYV9Eak9fOHp3THRGVlRYN0NLQUM2VURNNVh3X1lzbFp2b19KcEdNNEN5MzNGa3VzdUlJZ1pHeDR6X1JxOTJ4TFpfcVJ1X2xHNUt6bzN4Y0p2N2ZaZnQ0TWhvV3V4SGVTdjBtRVpiUUtZa2xjZ0Nv?oc=5\" target=\"_blank\" rel=\"nofollow noopener\">El Betis toma el Pizju\u00e1n en un derbi suspendido durante 15 minutos por el lanzamiento de objetos desde la grada<\/a>&nbsp;&nbsp;El Mundo<\/li>\n<li><a href=\"https:\/\/news.google.com\/rss\/articles\/CBMiuwFBVV95cUxQa3NUbV90T1g5TDljNGFJNEs2UXVmM2QwS09RZXg4NzlqN1l1Mk14RjkzN1JnbEhCLXhiWURpcTV1VFRVclh0TlR5My1uN2hsU01uUG1paVIzWUhQeEVQOUxEeVU0bHhVNHRGa251dkdWMHNSZno0c2dhRHNBUkZpYUY4YmQyV2V1VFNtNk1lMl90SU5sUXMwYkMzbGkwMWJPajZJNFhhR3NrZnZPT1BIY3JPN3VzaERxUTNB0gG7AUFVX3lxTE1BUGJld3BTOXk4dUY2a2x3dGh5WldGTTZFYVRGUHRPcXB2c3prZGltNmxhQXhtZjZNdW1mend3ZGpVWDhKS3FRVGctQzBmYVJ0QWFUR2loYUJna0RNRXlKWUxfMFNONEMxOXJmY25XZFFEcElVNnZ4bVBrVVN6WDdKelZhVV9yaWFuOEhFUkhSQy1hbWs4bzcwV1VDdHluYTlqeF9mWFdiMmh4T01hN3NqQjlkMm5sNkpfSU0?oc=5\" target=\"_blank\" rel=\"nofollow noopener\">El derbi sevillano, suspendido temporalmente por lanzamiento de objetos al campo<\/a>&nbsp;&nbsp;MARCA<\/li>\n<li><a href=\"https:\/\/news.google.com\/rss\/articles\/CBMivAFBVV95cUxQMGg5YkltclJVSU1UeFktc3dtMGtTZ3RyYW5JRnJrMngzQmpQWVRjU2dycC1ienRvbnkxOGMyZ1F6ZW9tS0xRbmNtaVJxOEE0SHBheU5sSDhqN1prczRhQy1GWTFnVUc3VnktSjNzdWlKZnVnaVg2Z3JSRG5PaWFlMVN4SXpDMzliM0g3VUJya29VQktsNERLeWxpdEp3OUNwcGJnbGhCTGI5YTdvRDlBVDdobXBWeThIOWVtUdIBwgFBVV95cUxNN213UVhSMmFTN0pnbWtTQnNadmRiNGl6VWFaMi12cFNCcmdwZEw2ZmhfTTJEcnNSTy1KWlllVXp3MExxVE1hc2w2MGcwNUs4RUJLX0k1aEFtU1FoaFRYSjJQd1N2LWdGWkRGakdoV2dxRWl4cGx3NlNlRHdCYWtwMnplejJDbS1Nd0dyYVpJUWxlTnhLeFRPVXhkd0oyWFB4UGQtclhUenQ3cWlsVGp2SnBIRVpjdEtnY0JNamQ2MTNvZw?oc=5\" target=\"_blank\" rel=\"nofollow noopener\">La lluvia de objetos de los ultras del Sevilla que oblig\u00f3 a detener el derbi contra el Betis<\/a>&nbsp;&nbsp;El Confidencial<\/li>\n<li><a href=\"https:\/\/news.google.com\/rss\/articles\/CBMi8wFBVV95cUxOeDUwNFZuNkdhQlpVell4U0RiOEItc0V1UHl4dXpYVGl3VEhtLTBWRFBLVW1jZmlNelk5eVNSVTZWeGVXbGg1TURyVlpVVnhiLWEtdll0MFM4VTg5SmUtYTJwQjY5ZVQwVzFkd0ZJRTktY25fRXpxZTBWa3pJQnFJY3FVNkcxS05OTFZoQzFlMGFnTXVNbWVSMkk3TjU2Yzd3MUkxOXZuMlpVRTdPTno0c2ZuUzl5amFtd3NVUFV3UnhqQzNhRkZkOXdJc3lHUXNnMUJ6UGdmUkZwdExMQ3ZDVVBxTVZpODRsRklIcWpqOFlfSlnSAYcCQVVfeXFMTVlpTTV6Um14MTdIV21qUHJ2NVRkSHVWSTJ2NXJiNm5uTHB0Q3NMbk5DS1hSaWtUYWdUa1pjUU1QYnBBQi03ZWdHbVYzYkVUaWxmRF9IUEdRME1EaVBERzBxdWREb0R5YW8zNXJpWjNWaWZkTlRseGlERGUxWGlsVExuT1pZSnVVRVZTaEFUaHBxdURIS1pyVEs1WkIzNXcySkhkVUFHUlBxZDUwRjFOb1BVQXlXMWp1S2dkUkJjLWdwNWJWVlI5Z3RURXR5OGtGaGpQeGFpLVZjQU8xRkNMYklVRUs5MzFYdVZldjNuVnYxdmUyQl8yak9WOGF1OHE3X1NjN2d3YW8?oc=5\" target=\"_blank\" rel=\"nofollow noopener\">Iturralde Gonz\u00e1lez reacciona al acta del pol\u00e9mico derbi entre Sevilla y Betis: \u00abY es un \u00e1rbitro internacional&#8230;\u00bb<\/a>&nbsp;&nbsp;Cadena SER<\/li>\n<\/ol>\n","protected":false},"excerpt":{"rendered":"Las im\u00e1genes de la suspensi\u00f3n del partido por lanzamiento de objetos&nbsp;&nbsp;Diario AS El Betis toma el Pizju\u00e1n en&hellip;\n","protected":false},"author":2,"featured_media":264372,"comment_status":"","ping_status":"","sticky":false,"template":"","format":"standard","meta":{"footnotes":""},"categories":[268],"tags":[168,25,24,280,282,281,23,167],"class_list":{"0":"post-264371","1":"post","2":"type-post","3":"status-publish","4":"format-standard","5":"has-post-thumbnail","7":"category-futbol","8":"tag-deportes","9":"tag-es","10":"tag-espana","11":"tag-football","12":"tag-futbol","13":"tag-soccer","14":"tag-spain","15":"tag-sports"},"share_on_mastodon":{"url":"https:\/\/pubeurope.com\/@es\/115640905591952617","error":""},"_links":{"self":[{"href":"https:\/\/www.europesays.com\/es\/wp-json\/wp\/v2\/posts\/264371","targetHints":{"allow":["GET"]}}],"collection":[{"href":"https:\/\/www.europesays.com\/es\/wp-json\/wp\/v2\/posts"}],"about":[{"href":"https:\/\/www.europesays.com\/es\/wp-json\/wp\/v2\/types\/post"}],"author":[{"embeddable":true,"href":"https:\/\/www.europesays.com\/es\/wp-json\/wp\/v2\/users\/2"}],"replies":[{"embeddable":true,"href":"https:\/\/www.europesays.com\/es\/wp-json\/wp\/v2\/comments?post=264371"}],"version-history":[{"count":0,"href":"https:\/\/www.europesays.com\/es\/wp-json\/wp\/v2\/posts\/264371\/revisions"}],"wp:featuredmedia":[{"embeddable":true,"href":"https:\/\/www.europesays.com\/es\/wp-json\/wp\/v2\/media\/264372"}],"wp:attachment":[{"href":"https:\/\/www.europesays.com\/es\/wp-json\/wp\/v2\/media?parent=264371"}],"wp:term":[{"taxonomy":"category","embeddable":true,"href":"https:\/\/www.europesays.com\/es\/wp-json\/wp\/v2\/categories?post=264371"},{"taxonomy":"post_tag","embeddable":true,"href":"https:\/\/www.europesays.com\/es\/wp-json\/wp\/v2\/tags?post=264371"}],"curies":[{"name":"wp","href":"https:\/\/api.w.org\/{rel}","templated":true}]}}